{"id":26158,"date":"2023-06-05T12:34:27","date_gmt":"2023-06-05T09:34:27","guid":{"rendered":"http:\/\/akdenizolaygazetesi.com\/?p=26158"},"modified":"2023-06-05T12:34:27","modified_gmt":"2023-06-05T09:34:27","slug":"minik-arfler-dogada-projesi-acilis-toreni","status":"publish","type":"post","link":"https:\/\/akdenizolaygazetesi.com\/?p=26158","title":{"rendered":"&#8220;M\u0130N\u0130K ARF&#8217;LER DO\u011eADA&#8221; PROJES\u0130 A\u00c7ILI\u015e T\u00d6REN\u0130"},"content":{"rendered":"<p>Mezitli \u0130l\u00e7e Milli E\u011fitim M\u00fcd\u00fcrl\u00fc\u011f\u00fcm\u00fcz taraf\u0131ndan sunulan ve T\u00dcB\u0130TAK 4004 Matematik Y\u0131l\u0131 \u00d6zel \u00c7a\u011fr\u0131s\u0131 kapsam\u0131nda desteklenen &#8220;Minik ARF&#8217;ler Do\u011fada&#8221; projesi a\u00e7\u0131l\u0131\u015f t\u00f6reni, \u0130l Milli E\u011fitim M\u00fcd\u00fcr\u00fcm\u00fcz Say\u0131n Adem KOCA, Mezitli \u0130l\u00e7e Kaymakam\u0131 Say\u0131n G\u00fcrsoy Osman B\u0130LG\u0130N ve Mezitli \u0130l\u00e7e Milli E\u011fitim M\u00fcd\u00fcr\u00fc Say\u0131n Dursun KILI\u00c7&#8217;IN kat\u0131l\u0131mlar\u0131yla Mersin Suphi \u00d6ner \u00d6\u011fretmenevi&#8217; nde ger\u00e7ekle\u015fti.<\/p>\n<p>\u0130l Milli E\u011fitim M\u00fcd\u00fcr\u00fcm\u00fcz Say\u0131n Adem KOCA, &#8220;T\u00dcB\u0130TAK 4004 Matematik Y\u0131l\u0131 \u00d6zel \u00c7a\u011fr\u0131s\u0131 kapsam\u0131nda okul \u00f6ncesi \u00f6\u011frencilerimizin matematik ve do\u011fa ile ilgili becerilerini geli\u015ftirmek ve matemati\u011fi do\u011fayla b\u00fct\u00fcnle\u015fmek amac\u0131yla ger\u00e7ekle\u015ftirilecek &#8216;Minik Arf&#8217;ler Do\u011fada&#8217; projesi e\u011fitimin niteli\u011fi a\u00e7\u0131s\u0131ndan son derece \u00f6nemlidir. Projenin hedefleri aras\u0131nda \u00f6\u011frencilerimizin matematiksel d\u00fc\u015f\u00fcnme becerilerini geli\u015ftirmek, do\u011fay\u0131 ke\u015ffetmelerine ve do\u011fayla etkile\u015fimlerine yard\u0131mc\u0131 olmak, ara\u015ft\u0131rma yapma, veri toplama ve analiz etme becerilerinin geli\u015ftirilmesi, matemati\u011fi daha e\u011flenceli ve ilgi \u00e7ekici hale getirmek gibi \u00f6nemli ama\u00e7lar yer almaktad\u0131r. Bu anlamda bu k\u0131ymetli projede eme\u011fi ge\u00e7en t\u00fcm meslekta\u015flar\u0131ma en kalbi duygular\u0131mla te\u015fekk\u00fcr ediyor, minik yavrular\u0131m\u0131z\u0131n e\u011flenceli ve verimli bir s\u00fcre\u00e7 ge\u00e7irmelerini temenni ediyorum.&#8221; dedi.<\/p>\n<p>5-9 Haziran 2023 tarihleri aras\u0131nda Ay\u015fe Ecevit Masal Evi, Erdemli Do\u011fa ve Fen Okulu, Mersin Bilim K\u00f6y\u00fc, Serpil Orman Okulu ve Kazanl\u0131 Sahilinde yap\u0131lacak etkinliklerle ger\u00e7ekle\u015ftirilecek olan projeye 4 merkez il\u00e7emizden 25 okul \u00f6ncesi \u00f6\u011frencimiz kat\u0131lacakt\u0131r. <\/p>\n","protected":false},"excerpt":{"rendered":"<p>Mezitli \u0130l\u00e7e Milli E\u011fitim M\u00fcd\u00fcrl\u00fc\u011f\u00fcm\u00fcz taraf\u0131ndan sunulan ve T\u00dcB\u0130TAK 4004 Matematik Y\u0131l\u0131 \u00d6zel \u00c7a\u011fr\u0131s\u0131 kapsam\u0131nda desteklenen &#8220;Minik ARF&#8217;ler Do\u011fada&#8221; projesi a\u00e7\u0131l\u0131\u015f t\u00f6reni, \u0130l Milli E\u011fitim M\u00fcd\u00fcr\u00fcm\u00fcz Say\u0131n Adem KOCA, Mezitli &hellip; <a href=\"https:\/\/akdenizolaygazetesi.com\/?p=26158\" class=\"more-link\">Devam\u0131n\u0131 Oku&#8230;<\/a><\/p>\n","protected":false},"author":2,"featured_media":26159,"comment_status":"open","ping_status":"open","sticky":false,"template":"","format":"standard","meta":[],"categories":[2,3],"tags":[],"_links":{"self":[{"href":"https:\/\/akdenizolaygazetesi.com\/index.php?rest_route=\/wp\/v2\/posts\/26158"}],"collection":[{"href":"https:\/\/akdenizolaygazetesi.com\/index.php?rest_route=\/wp\/v2\/posts"}],"about":[{"href":"https:\/\/akdenizolaygazetesi.com\/index.php?rest_route=\/wp\/v2\/types\/post"}],"author":[{"embeddable":true,"href":"https:\/\/akdenizolaygazetesi.com\/index.php?rest_route=\/wp\/v2\/users\/2"}],"replies":[{"embeddable":true,"href":"https:\/\/akdenizolaygazetesi.com\/index.php?rest_route=%2Fwp%2Fv2%2Fcomments&post=26158"}],"version-history":[{"count":1,"href":"https:\/\/akdenizolaygazetesi.com\/index.php?rest_route=\/wp\/v2\/posts\/26158\/revisions"}],"predecessor-version":[{"id":26160,"href":"https:\/\/akdenizolaygazetesi.com\/index.php?rest_route=\/wp\/v2\/posts\/26158\/revisions\/26160"}],"wp:featuredmedia":[{"embeddable":true,"href":"https:\/\/akdenizolaygazetesi.com\/index.php?rest_route=\/wp\/v2\/media\/26159"}],"wp:attachment":[{"href":"https:\/\/akdenizolaygazetesi.com\/index.php?rest_route=%2Fwp%2Fv2%2Fmedia&parent=26158"}],"wp:term":[{"taxonomy":"category","embeddable":true,"href":"https:\/\/akdenizolaygazetesi.com\/index.php?rest_route=%2Fwp%2Fv2%2Fcategories&post=26158"},{"taxonomy":"post_tag","embeddable":true,"href":"https:\/\/akdenizolaygazetesi.com\/index.php?rest_route=%2Fwp%2Fv2%2Ftags&post=26158"}],"curies":[{"name":"wp","href":"https:\/\/api.w.org\/{rel}","templated":true}]}}