{"id":26161,"date":"2023-06-05T12:35:38","date_gmt":"2023-06-05T09:35:38","guid":{"rendered":"http:\/\/akdenizolaygazetesi.com\/?p=26161"},"modified":"2023-06-05T12:35:38","modified_gmt":"2023-06-05T09:35:38","slug":"sabri-tekli-osbuk-yonetiminde","status":"publish","type":"post","link":"https:\/\/akdenizolaygazetesi.com\/?p=26161","title":{"rendered":"Sabri Tekli OSB\u00dcK Y\u00f6netiminde"},"content":{"rendered":"<p>Organize Sanayi B\u00f6lgeleri \u00dcst Kurulu\u015fu (OSB\u00dcK), 21. Ola\u011fan Genel Kurulu yap\u0131ld\u0131. Genel Kurulda OSB\u00dcK Ba\u015fkan\u0131 Memi\u015f K\u00fct\u00fckc\u00fc yeniden se\u00e7ilerek g\u00fcven tazelerken, Mersin Tarsus Organize Sanayi B\u00f6lgesi Ba\u015fkan\u0131 Sabri Tekli&#8217;de yeniden y\u00f6netime se\u00e7ildi.<\/p>\n<p>OSB\u00dcK&#8217;\u00fcn T\u00fcrkiye sanayisi a\u00e7\u0131s\u0131ndan olduk\u00e7a \u00f6nemli bir yap\u0131lanma oldu\u011funu belirten Ba\u015fkan Tekli, &#8216;T\u00fcrkiye&#8217;deki b\u00fct\u00fcn OSB&#8217;lerin ba\u011fl\u0131 oldu\u011fu Organize Sanayi B\u00f6lgesi \u00dcst Kurulu\u015fu y\u00f6netimine tekrar se\u00e7ildim. Ayn\u0131 zamanda ilk kez Mersin&#8217;den farkl\u0131 bir OSB ba\u015fkan\u0131m\u0131z, Mersin-Tarsus Tar\u0131msal \u00dcr\u00fcn \u0130\u015fleme \u0130htisas Organize Sanayi B\u00f6lgesi (T\u00dc\u0130OSB) Ba\u015fkan\u0131 G\u00fcl Aky\u00fcrek Balta han\u0131mefendi de y\u00f6netim kuruluna se\u00e7ildi. Birlikte Mersin sanayisini daha ileriye ta\u015f\u0131yacak, \u00fclke sanayimize katk\u0131da bulunaca\u011f\u0131z. Burada \u00f6ncelikli g\u00f6revimizin yeni sanayi alanlar\u0131 yaratarak yat\u0131r\u0131mc\u0131lar\u0131m\u0131z\u0131n taleplerine cevap vermek olacakt\u0131r. OSB\u00dcK Y\u00f6netiminde olmam\u0131z sebebiyle yeni yasalar\u0131, uygulamalar\u0131 daha h\u0131zl\u0131 \u00f6\u011frenecek ve sahaya yans\u0131taca\u011f\u0131z. Mersin sanayisi i\u00e7in elbirli\u011fi i\u00e7erisinde \u00e7al\u0131\u015faca\u011f\u0131z&#8217; dedi. <\/p>\n","protected":false},"excerpt":{"rendered":"<p>Organize Sanayi B\u00f6lgeleri \u00dcst Kurulu\u015fu (OSB\u00dcK), 21. Ola\u011fan Genel Kurulu yap\u0131ld\u0131. Genel Kurulda OSB\u00dcK Ba\u015fkan\u0131 Memi\u015f K\u00fct\u00fckc\u00fc yeniden se\u00e7ilerek g\u00fcven tazelerken, Mersin Tarsus Organize Sanayi B\u00f6lgesi Ba\u015fkan\u0131 Sabri Tekli&#8217;de yeniden &hellip; <a href=\"https:\/\/akdenizolaygazetesi.com\/?p=26161\" class=\"more-link\">Devam\u0131n\u0131 Oku&#8230;<\/a><\/p>\n","protected":false},"author":2,"featured_media":26162,"comment_status":"open","ping_status":"open","sticky":false,"template":"","format":"standard","meta":[],"categories":[2,3],"tags":[],"_links":{"self":[{"href":"https:\/\/akdenizolaygazetesi.com\/index.php?rest_route=\/wp\/v2\/posts\/26161"}],"collection":[{"href":"https:\/\/akdenizolaygazetesi.com\/index.php?rest_route=\/wp\/v2\/posts"}],"about":[{"href":"https:\/\/akdenizolaygazetesi.com\/index.php?rest_route=\/wp\/v2\/types\/post"}],"author":[{"embeddable":true,"href":"https:\/\/akdenizolaygazetesi.com\/index.php?rest_route=\/wp\/v2\/users\/2"}],"replies":[{"embeddable":true,"href":"https:\/\/akdenizolaygazetesi.com\/index.php?rest_route=%2Fwp%2Fv2%2Fcomments&post=26161"}],"version-history":[{"count":1,"href":"https:\/\/akdenizolaygazetesi.com\/index.php?rest_route=\/wp\/v2\/posts\/26161\/revisions"}],"predecessor-version":[{"id":26163,"href":"https:\/\/akdenizolaygazetesi.com\/index.php?rest_route=\/wp\/v2\/posts\/26161\/revisions\/26163"}],"wp:featuredmedia":[{"embeddable":true,"href":"https:\/\/akdenizolaygazetesi.com\/index.php?rest_route=\/wp\/v2\/media\/26162"}],"wp:attachment":[{"href":"https:\/\/akdenizolaygazetesi.com\/index.php?rest_route=%2Fwp%2Fv2%2Fmedia&parent=26161"}],"wp:term":[{"taxonomy":"category","embeddable":true,"href":"https:\/\/akdenizolaygazetesi.com\/index.php?rest_route=%2Fwp%2Fv2%2Fcategories&post=26161"},{"taxonomy":"post_tag","embeddable":true,"href":"https:\/\/akdenizolaygazetesi.com\/index.php?rest_route=%2Fwp%2Fv2%2Ftags&post=26161"}],"curies":[{"name":"wp","href":"https:\/\/api.w.org\/{rel}","templated":true}]}}