{"id":26164,"date":"2023-06-05T12:37:18","date_gmt":"2023-06-05T09:37:18","guid":{"rendered":"http:\/\/akdenizolaygazetesi.com\/?p=26164"},"modified":"2023-06-05T12:37:18","modified_gmt":"2023-06-05T09:37:18","slug":"bir-zamanlar-canli-hayvan-pazari-kuruluyor-tonlarca-cop-ve-atiklar-dokuluyordu","status":"publish","type":"post","link":"https:\/\/akdenizolaygazetesi.com\/?p=26164","title":{"rendered":"Bir zamanlar canl\u0131 hayvan pazar\u0131 kuruluyor, tonlarca \u00e7\u00f6p ve at\u0131klar d\u00f6k\u00fcl\u00fcyordu"},"content":{"rendered":"<p>Akdeniz Belediye Ba\u015fkan\u0131 M. Mustafa G\u00fcltak, \u00d6zg\u00fcrl\u00fck Mahallesi\u2019nde yakla\u015f\u0131k 5 bin metrekarelik alan\u0131 Gen\u00e7lik ve Spor Bakanl\u0131\u011f\u0131\u2019na tahsis ettiklerini ifade ederek; i\u00e7inde 3 adet spor salonu, \u00e7ok ama\u00e7l\u0131 salonlar, kafeteryalar, kapal\u0131 otopark ve s\u0131\u011f\u0131na\u011f\u0131n yer alaca\u011f\u0131 \u201cGen\u00e7lik ve Spor Merkezinin\u201d temelini att\u0131klar\u0131n\u0131 belirtti.<br \/>\nAkdeniz Belediye Meclisi toplant\u0131s\u0131nda, \u00d6zg\u00fcrl\u00fck Mahallesi Gen\u00e7lik ve Spor Merkezi Projesi\u2019ni tan\u0131t\u0131c\u0131 k\u0131sa filmin ard\u0131ndan Meclis \u00fcyeleri ve kamuoyunu bilgilendiren Ba\u015fkan G\u00fcltak; \u201cGen\u00e7lik ve Spor Bakanl\u0131\u011f\u0131m\u0131za tahsis etti\u011fimiz T\u0131rm\u0131l Tepe H\u00f6y\u00fc\u011f\u00fc g\u00fcneyindeki 4 bin 838 metrekare kapal\u0131 alan \u00fczerine, gen\u00e7lik ve spor merkezi in\u015fa edilecek.<br \/>\nYakla\u015f\u0131k 29 milyon TL\u2019ye mal olacak tesisimizde 3 adet spor salonu, \u00e7ok ama\u00e7l\u0131 salonlar, kafeteryalar, kapal\u0131 otopark ve s\u0131\u011f\u0131nak yer alacak. Merkezimiz, sadece spor de\u011fil, ayn\u0131 zamanda k\u00fclt\u00fcrel ve sanatsal ve benzeri faaliyetler de yap\u0131labilecek g\u00fczel bir merkez haline gelecek\u201d dedi.<br \/>\n\u201cGe\u00e7mi\u015fte hayvan pazar\u0131 ve \u00e7\u00f6p d\u00f6kme alan\u0131 olarak kullan\u0131l\u0131yordu\u201d<br \/>\nYak\u0131n ge\u00e7mi\u015fte canl\u0131 hayvan pazar\u0131n\u0131n kuruldu\u011fu, yer yer tonlarca \u00e7\u00f6p ve at\u0131\u011f\u0131n birikti\u011fi bu alana, yeni, modern bir gen\u00e7lik ve spor merkezi kazand\u0131r\u0131yor olmaktan dolay\u0131 mutlu ve gururlu olduklar\u0131n\u0131 dile getiren Ba\u015fkan G\u00fcltak, s\u00f6zlerini \u015f\u00f6yle s\u00fcrd\u00fcrd\u00fc; \u201cProjenin h\u0131zla, 31 Ekim 2023 tarihi itibariyle tamamlanmas\u0131 hedefleniyor. B\u00f6ylelikle gen\u00e7lerimiz ve dileyen her ya\u015ftan vatanda\u015f\u0131m\u0131z, \u00f6n\u00fcm\u00fczdeki sonbahardan itibaren; imk\u00e2nlar\u0131n\u0131 seferber eden h\u00fck\u00fcmetimiz ve belediyemizin ortak gayretleri sonucu gen\u00e7lik merkezi ve spor tesislerini kullanabilecek. Gen\u00e7lik ve Spor Bakan\u0131m\u0131z ile bizzat g\u00f6r\u00fc\u015f\u00fcp projenin h\u0131zlanmas\u0131n\u0131 sa\u011flayan Milletvekilimiz Say\u0131n Nebati\u2019ye, Akdeniz halk\u0131 ad\u0131na te\u015fekk\u00fcr ediyor, \u015f\u00fckranlar\u0131m\u0131 sunuyorum. \u0130n\u015fallah bu t\u00fcr projelerimiz di\u011fer belediyelerimize, \u00f6zellikle de Mersin B\u00fcy\u00fck\u015fehir Belediyesi\u2019ne \u00f6rnek te\u015fkil edecektir.\u201d<br \/>\n\u201cAkdeniz\u2019in mak\u00fbs talihini k\u0131r\u0131p, ayd\u0131nl\u0131k gelece\u011fe y\u00fcr\u00fcyoruz\u201d<br \/>\nBa\u015fkan G\u00fcltak, hi\u00e7 kimseyi ayr\u0131\u015ft\u0131rmadan Akdeniz\u2019de de\u011fi\u015fim ve d\u00f6n\u00fc\u015f\u00fcme devam edeceklerinin de alt\u0131n\u0131 \u00e7izdi\u011fi konu\u015fmas\u0131nda; \u201cHalk\u0131m\u0131z, ge\u00e7mi\u015f y\u0131llarda mahrum b\u0131rak\u0131ld\u0131klar\u0131 hizmet, proje ve yat\u0131r\u0131mlara kavu\u015facak. Akdeniz\u2019in o mak\u00fbs talihini k\u0131r\u0131p, ayd\u0131nl\u0131k bir gelece\u011fe do\u011fru hep birlikte y\u00fcr\u00fcyoruz. \u0130l\u00e7emizin en \u00e7ok ra\u011fbet g\u00f6recek ve tamamland\u0131\u011f\u0131nda da en g\u00fczel yap\u0131lar\u0131m\u0131zdan biri olacak Gen\u00e7lik ve Spor Merkezimizin, ba\u015fta gen\u00e7lerimiz ve \u00e7ocuklar\u0131m\u0131z olmak \u00fczere t\u00fcm Akdeniz ve Mersin\u2019e \u015fimdiden hay\u0131rl\u0131 ve u\u011furlu olmas\u0131n\u0131 diliyorum\u201d ifadelerini kulland\u0131.<\/p>\n","protected":false},"excerpt":{"rendered":"<p>Akdeniz Belediye Ba\u015fkan\u0131 M. Mustafa G\u00fcltak, \u00d6zg\u00fcrl\u00fck Mahallesi\u2019nde yakla\u015f\u0131k 5 bin metrekarelik alan\u0131 Gen\u00e7lik ve Spor Bakanl\u0131\u011f\u0131\u2019na tahsis ettiklerini ifade ederek; i\u00e7inde 3 adet spor salonu, \u00e7ok ama\u00e7l\u0131 salonlar, kafeteryalar, &hellip; <a href=\"https:\/\/akdenizolaygazetesi.com\/?p=26164\" class=\"more-link\">Devam\u0131n\u0131 Oku&#8230;<\/a><\/p>\n","protected":false},"author":2,"featured_media":26165,"comment_status":"open","ping_status":"open","sticky":false,"template":"","format":"standard","meta":[],"categories":[2,3,5,11],"tags":[],"_links":{"self":[{"href":"https:\/\/akdenizolaygazetesi.com\/index.php?rest_route=\/wp\/v2\/posts\/26164"}],"collection":[{"href":"https:\/\/akdenizolaygazetesi.com\/index.php?rest_route=\/wp\/v2\/posts"}],"about":[{"href":"https:\/\/akdenizolaygazetesi.com\/index.php?rest_route=\/wp\/v2\/types\/post"}],"author":[{"embeddable":true,"href":"https:\/\/akdenizolaygazetesi.com\/index.php?rest_route=\/wp\/v2\/users\/2"}],"replies":[{"embeddable":true,"href":"https:\/\/akdenizolaygazetesi.com\/index.php?rest_route=%2Fwp%2Fv2%2Fcomments&post=26164"}],"version-history":[{"count":1,"href":"https:\/\/akdenizolaygazetesi.com\/index.php?rest_route=\/wp\/v2\/posts\/26164\/revisions"}],"predecessor-version":[{"id":26166,"href":"https:\/\/akdenizolaygazetesi.com\/index.php?rest_route=\/wp\/v2\/posts\/26164\/revisions\/26166"}],"wp:featuredmedia":[{"embeddable":true,"href":"https:\/\/akdenizolaygazetesi.com\/index.php?rest_route=\/wp\/v2\/media\/26165"}],"wp:attachment":[{"href":"https:\/\/akdenizolaygazetesi.com\/index.php?rest_route=%2Fwp%2Fv2%2Fmedia&parent=26164"}],"wp:term":[{"taxonomy":"category","embeddable":true,"href":"https:\/\/akdenizolaygazetesi.com\/index.php?rest_route=%2Fwp%2Fv2%2Fcategories&post=26164"},{"taxonomy":"post_tag","embeddable":true,"href":"https:\/\/akdenizolaygazetesi.com\/index.php?rest_route=%2Fwp%2Fv2%2Ftags&post=26164"}],"curies":[{"name":"wp","href":"https:\/\/api.w.org\/{rel}","templated":true}]}}