{"id":26170,"date":"2023-06-05T13:19:32","date_gmt":"2023-06-05T10:19:32","guid":{"rendered":"http:\/\/akdenizolaygazetesi.com\/?p=26170"},"modified":"2023-06-05T13:19:32","modified_gmt":"2023-06-05T10:19:32","slug":"hepimiz-kazandik-turkiye-kazandi","status":"publish","type":"post","link":"https:\/\/akdenizolaygazetesi.com\/?p=26170","title":{"rendered":"\u201cHEP\u0130M\u0130Z KAZANDIK, T\u00dcRK\u0130YE KAZANDI\u201d"},"content":{"rendered":"<p>Cumhurba\u015fkan\u0131 ve 28\u2019inci D\u00f6nem Milletvekili Genel Se\u00e7imlerine ili\u015fkin bir de\u011ferlendirme yapan Akdeniz Belediye Ba\u015fkan\u0131 M. Mustafa G\u00fcltak, \u201cBu se\u00e7imlerin kaybedeni yoktur. Hepimiz kazand\u0131k, t\u00fcm T\u00fcrkiye olarak kazand\u0131k. Zira demokrasimiz kazanm\u0131\u015f, halk\u0131m\u0131z\u0131n milli iradesi sand\u0131kta tecelli etmi\u015ftir\u201d dedi.<br \/>\nAkdeniz Belediye Meclisi Haziran ay\u0131 ola\u011fan toplant\u0131s\u0131nda, 14 May\u0131s\u2019ta yap\u0131lan milletvekili se\u00e7imleri, ard\u0131ndan 28 May\u0131s\u2019ta tekrarlanan Cumhurba\u015fkan\u0131 ikinci tur se\u00e7imine de\u011finen Ba\u015fkan G\u00fcltak; \u201cCumhurba\u015fkan\u0131m\u0131z Say\u0131n Recep Tayyip Erdo\u011fan, ikinci turda sand\u0131\u011fa giden se\u00e7menlerin \u00e7o\u011funlu\u011funun oyunu alarak yeniden T\u00fcrkiye Cumhuriyeti Cumhurba\u015fkan\u0131 se\u00e7ilmi\u015ftir. \u00d6ncelikle bilinmelidir ki bu se\u00e7imin bir kaybedeni yoktur. Hepimiz kazand\u0131k, t\u00fcm T\u00fcrkiye olarak kazand\u0131k. Zira demokrasimiz kazanm\u0131\u015f, halk\u0131m\u0131z\u0131n milli iradesi sand\u0131klarda tecelli etmi\u015ftir. Sonucun \u00fclkemize, milletimize hay\u0131rl\u0131 u\u011furlu olmas\u0131n\u0131 temenni ediyor; ba\u015fta Cumhurba\u015fkan\u0131m\u0131z Say\u0131n Erdo\u011fan ve se\u00e7ilen her partiden b\u00fct\u00fcn milletvekillerimizi can\u0131 g\u00f6n\u00fclden tebrik ediyorum\u201d dedi.<br \/>\n\u201cHalk\u0131m\u0131z, bir kez daha tarih yazd\u0131\u201d<br \/>\n\u201cHalk\u0131m\u0131z\u0131n; Say\u0131n Erdo\u011fan&#8217;a \u00fclkeyi 5 y\u0131l daha g\u00fcvenoyu vermesinin, yerel ve b\u00f6lgesel istikrar ve k\u00fcresel bar\u0131\u015f i\u00e7in d\u00fcnyaya verilmi\u015f son derece \u00f6nemli bir mesaj oldu\u011funu da kaydetmek isterim\u201d diyen Ba\u015fkan G\u00fcltak, \u201cAziz milletimiz, T\u00fcrkiye Y\u00fczy\u0131l\u0131na yine D\u00fcnya Lideri \u00f6nc\u00fcl\u00fc\u011f\u00fcnde y\u00fcr\u00fcmeye karar vermi\u015f, halk\u0131m\u0131z bir kez daha tarih yazm\u0131\u015ft\u0131r. Say\u0131n Cumhurba\u015fkan\u0131m\u0131z ve \u0130ktidar\u0131m\u0131z; 29 May\u0131s\u2019tan itibaren \u2018T\u00fcrkiye Y\u00fczy\u0131l\u0131\u2019 vizyonuyla \u00fclkemizin yeni y\u00fczy\u0131l\u0131nda da T\u00fcrkiye\u2019yi ileriye ta\u015f\u0131maya devam edecektir. Bu vesileyle; se\u00e7im kampanyas\u0131 boyunca t\u00fcm Mersin\u2019i kar\u0131\u015f kar\u0131\u015f gezen Eski Bakan\u0131m\u0131z ve Mersin Milletvekilimiz Say\u0131n Nureddin Nebati ba\u015fta olmak \u00fczere, milletvekili se\u00e7ilen b\u00fct\u00fcn arkada\u015flar\u0131m\u0131 da kutluyorum. Say\u0131n Cumhurba\u015fkan\u0131m\u0131z\u0131n a\u00e7\u0131klad\u0131\u011f\u0131 yeni kabinede g\u00f6rev alacak sayg\u0131de\u011fer Bakanlar\u0131m\u0131z\u0131 da tebrik ediyor, Yeni T\u00fcrkiye Y\u00fczy\u0131l\u0131n\u0131 imar ve in\u015fa m\u00fccadelesinde ba\u015far\u0131lar diliyorum\u201d diye konu\u015ftu.<br \/>\n\u201cDaha gidecek \u00e7ok yolumuz, yapacak \u00e7ok i\u015fimiz var\u201d<br \/>\nGelecek y\u0131l yap\u0131lacak yerel se\u00e7imlere de de\u011findi\u011fi konu\u015fmas\u0131nda Ba\u015fkan G\u00fcltak; s\u00f6zlerini \u015f\u00f6yle s\u00fcrd\u00fcrd\u00fc; \u201cElbette daha gidecek \u00e7ok yolumuz, yapacak \u00e7ok i\u015fimiz var. 2024 y\u0131l\u0131 Mart\u2019\u0131nda yap\u0131lacak yerel se\u00e7imlerden, hem T\u00fcrkiye\u2019de hem de Mersin\u2019den daha da g\u00fc\u00e7lenip \u00e7\u0131kmak i\u00e7in \u00e7al\u0131\u015faca\u011f\u0131z. Halk\u0131m\u0131z\u0131n tevecc\u00fch\u00fc ile in\u015fallah yeniden se\u00e7ildi\u011fimiz takdirde, kald\u0131\u011f\u0131m\u0131z yerden insanlar\u0131m\u0131za hizmet vermeye, Akdeniz ve Mersin\u2019i de\u011fi\u015ftirmeye devam edece\u011fiz. Yeniden se\u00e7ildi\u011fim takdirde, t\u0131pk\u0131 i\u00e7inde bulundu\u011fumuz bu d\u00f6nemde oldu\u011fu gibi; b\u00fct\u00fcn Akdeniz ve Mersin\u2019i kucaklayacak, oy versin veya vermesin herkesin belediye ba\u015fkan\u0131 olaca\u011f\u0131m.<br \/>\nYol ve m\u00fccadele arkada\u015flar\u0131mla birlikte, asla hi\u00e7bir ay\u0131r\u0131m yapmadan, kimseyi d\u0131\u015flamadan t\u00fcm vatanda\u015flar\u0131m\u0131z\u0131n hakk\u0131n\u0131 ve hukukunu her platformda savunaca\u011f\u0131z. Say\u0131n Cumhurba\u015fkan\u0131m\u0131z, Bakanlar\u0131m\u0131z ve Milletvekillerimizden ald\u0131\u011f\u0131m\u0131z b\u00fcy\u00fck g\u00fc\u00e7 ve yol arkada\u015flar\u0131m\u0131zdan alaca\u011f\u0131m\u0131z destekle; Akdeniz\u2019i her y\u00f6n\u00fcyle daha ya\u015fan\u0131l\u0131r ve konforlu bir hale getirece\u011fiz. Akdeniz, T\u00fcrkiye\u2019nin y\u00fckselen y\u0131ld\u0131z\u0131 olacak. Bizlere tekrar zafer ya\u015fatan aziz milletimize en kalbi sevgi, sayg\u0131 ve \u015f\u00fckranlar\u0131m\u0131 arz ediyorum. Yolumuz a\u00e7\u0131k olsun. Yeni T\u00fcrkiye Y\u00fczy\u0131l\u0131 hepimize kutlu olsun.\u201d<\/p>\n","protected":false},"excerpt":{"rendered":"<p>Cumhurba\u015fkan\u0131 ve 28\u2019inci D\u00f6nem Milletvekili Genel Se\u00e7imlerine ili\u015fkin bir de\u011ferlendirme yapan Akdeniz Belediye Ba\u015fkan\u0131 M. Mustafa G\u00fcltak, \u201cBu se\u00e7imlerin kaybedeni yoktur. Hepimiz kazand\u0131k, t\u00fcm T\u00fcrkiye olarak kazand\u0131k. Zira demokrasimiz kazanm\u0131\u015f, &hellip; <a href=\"https:\/\/akdenizolaygazetesi.com\/?p=26170\" class=\"more-link\">Devam\u0131n\u0131 Oku&#8230;<\/a><\/p>\n","protected":false},"author":2,"featured_media":26171,"comment_status":"open","ping_status":"open","sticky":false,"template":"","format":"standard","meta":[],"categories":[2,3,5],"tags":[],"_links":{"self":[{"href":"https:\/\/akdenizolaygazetesi.com\/index.php?rest_route=\/wp\/v2\/posts\/26170"}],"collection":[{"href":"https:\/\/akdenizolaygazetesi.com\/index.php?rest_route=\/wp\/v2\/posts"}],"about":[{"href":"https:\/\/akdenizolaygazetesi.com\/index.php?rest_route=\/wp\/v2\/types\/post"}],"author":[{"embeddable":true,"href":"https:\/\/akdenizolaygazetesi.com\/index.php?rest_route=\/wp\/v2\/users\/2"}],"replies":[{"embeddable":true,"href":"https:\/\/akdenizolaygazetesi.com\/index.php?rest_route=%2Fwp%2Fv2%2Fcomments&post=26170"}],"version-history":[{"count":1,"href":"https:\/\/akdenizolaygazetesi.com\/index.php?rest_route=\/wp\/v2\/posts\/26170\/revisions"}],"predecessor-version":[{"id":26172,"href":"https:\/\/akdenizolaygazetesi.com\/index.php?rest_route=\/wp\/v2\/posts\/26170\/revisions\/26172"}],"wp:featuredmedia":[{"embeddable":true,"href":"https:\/\/akdenizolaygazetesi.com\/index.php?rest_route=\/wp\/v2\/media\/26171"}],"wp:attachment":[{"href":"https:\/\/akdenizolaygazetesi.com\/index.php?rest_route=%2Fwp%2Fv2%2Fmedia&parent=26170"}],"wp:term":[{"taxonomy":"category","embeddable":true,"href":"https:\/\/akdenizolaygazetesi.com\/index.php?rest_route=%2Fwp%2Fv2%2Fcategories&post=26170"},{"taxonomy":"post_tag","embeddable":true,"href":"https:\/\/akdenizolaygazetesi.com\/index.php?rest_route=%2Fwp%2Fv2%2Ftags&post=26170"}],"curies":[{"name":"wp","href":"https:\/\/api.w.org\/{rel}","templated":true}]}}