{"id":26182,"date":"2023-06-05T16:13:10","date_gmt":"2023-06-05T13:13:10","guid":{"rendered":"http:\/\/akdenizolaygazetesi.com\/?p=26182"},"modified":"2023-06-05T16:13:10","modified_gmt":"2023-06-05T13:13:10","slug":"secer-cevre-bilincinin-asilanmasi-artirilmasi-ve-bu-hassasiyetinin-toplumlara-aktarilmasi-icin-onemli-calismalar-yapiyoruz","status":"publish","type":"post","link":"https:\/\/akdenizolaygazetesi.com\/?p=26182","title":{"rendered":"SE\u00c7ER: &#8220;\u00c7EVRE B\u0130L\u0130NC\u0130N\u0130N A\u015eILANMASI, ARTIRILMASI VE BU HASSAS\u0130YET\u0130N\u0130N TOPLUMLARA AKTARILMASI \u0130\u00c7\u0130N \u00d6NEML\u0130 \u00c7ALI\u015eMALAR YAPIYORUZ&#8221;"},"content":{"rendered":"<p>Mersin B\u00fcy\u00fck\u015fehir Belediye Ba\u015fkan\u0131 Vahap Se\u00e7er, Mersin B\u00fcy\u00fck\u015fehir Belediyesi taraf\u0131ndan 5 Haziran D\u00fcnya \u00c7evre G\u00fcn\u00fc kapsam\u0131nda d\u00fczenlenen &#8216;Temiz Akdeniz, Temiz Mersin Paneli&#8217; ile &#8216;Temiz Akdeniz \u0130\u00e7in Ekosistem Tabanl\u0131 \u0130zleme ve Y\u00f6netim Plan\u0131 Kapan\u0131\u015f\u0131 ve Faz 1 Uygulama Projesi&#8217;nin a\u00e7\u0131l\u0131\u015f lansman\u0131na kat\u0131ld\u0131.<br \/>\nMersin B\u00fcy\u00fck\u015fehir Belediyesi Kongre ve Sergi Saray\u0131 Meclis Salonu&#8217;nda ger\u00e7ekle\u015ftirilen panelde konu\u015fan Ba\u015fkan Se\u00e7er, Mersin, Hatay, Adana ve Antalya B\u00fcy\u00fck\u015fehir Belediyeleri ve Mersin&#8217;de hizmet veren di\u011fer belediyeler ile birlikte 2020 y\u0131l\u0131nda ba\u015flayan \u00e7al\u0131\u015fmalarda Susano\u011flu&#8217;ndan Seyhan Nehri&#8217;ne kadar olan k\u0131s\u0131mda ortaya \u00e7\u0131kan kirlilik, kirlili\u011fin kaynaklar\u0131, kirlili\u011fin \u00e7e\u015fitlili\u011fi ve \u00e7\u00f6z\u00fcm yollar\u0131yla ilgili \u00e7ok \u00f6nemli ve de\u011ferli bulgular\u0131n elde edildi\u011fini s\u00f6yledi. Ba\u015fkan Se\u00e7er, &#8220;\u00d6nemli bir emek i\u00e7eren \u00e7al\u0131\u015fman\u0131n neticesinde ortaya \u00e7\u0131kan Mersin B\u00fcy\u00fck\u015fehir Belediyesi&#8217;nin yapmas\u0131 gereken hem Akdenizimizin, do\u011fal olarak k\u0131y\u0131lar\u0131m\u0131z\u0131n ve \u015fehrimizin temiz olmas\u0131 i\u00e7in \u00f6devimiz ne ise g\u00f6revimiz ne ise biz bunlar\u0131 harfiyen yerine getirece\u011fiz&#8221; dedi.<br \/>\n&#8220;\u00c7evresel etkiler sadece Mersin&#8217;imize tesir etmiyor. T\u00fcm d\u00fcnyan\u0131n bo\u011fu\u015ftu\u011fu konular&#8221;<br \/>\n\u00c7evre kirlili\u011finin sadece Mersin&#8217;e \u00f6zel de\u011fil t\u00fcm d\u00fcnyan\u0131n m\u00fccadele etti\u011fi bir konu oldu\u011funa dikkat \u00e7eken Ba\u015fkan Se\u00e7er, &#8220;\u00c7evre kirlili\u011finin nedeni ile olu\u015fan n\u00fcfus art\u0131\u015f\u0131, sanayile\u015fme, insanlar\u0131n refah d\u00fczeyi artt\u0131k\u00e7a ortaya \u00e7\u0131kan yeni ya\u015fam \u015fekilleri, teknoloji geli\u015ftik\u00e7e ortaya \u00e7\u0131kan \u00e7evresel etkiler sadece Mersin&#8217;imize tesir etmiyor. T\u00fcm d\u00fcnyan\u0131n bo\u011fu\u015ftu\u011fu konular ve bunlar neticesinde k\u00fcresel iklim de\u011fi\u015fikli\u011fi, iklim de\u011fi\u015fikli\u011finin ortaya \u00e7\u0131kard\u0131\u011f\u0131 mahsurlar da t\u00fcm d\u00fcnyan\u0131n bo\u011fu\u015ftu\u011fu m\u00fccadele etti\u011fi konular. Ama biz kendi b\u00f6lgemize ve kurum olarak kendi yetki ve sorumluluk alan\u0131m\u0131zda katk\u0131 sunabiliriz. Bu realite ile bu \u00e7al\u0131\u015fmalar\u0131 yapmam\u0131z laz\u0131m&#8221; diye konu\u015ftu.<\/p>\n<p>&#8220;Mersin B\u00fcy\u00fck\u015fehir Belediyesi&#8217;nin i\u015fini ciddi ve iyi yapt\u0131\u011f\u0131 kanaatinin kafalara yerle\u015fmesini istiyorum&#8221;<br \/>\nBu konuda farkl\u0131 \u00fclkelerde oldu\u011fu gibi T\u00fcrkiye&#8217;de de Bakanl\u0131k, bakanl\u0131\u011fa ba\u011fl\u0131 kurulu\u015flar, \u00fcniversiteler gibi kurulu\u015flar oldu\u011funu ifade eden Ba\u015fkan Se\u00e7er, &#8220;Ama Mersin B\u00fcy\u00fck\u015fehir Belediyesi olarak da biz kendi b\u00f6lgemizde bu anlamda \u00e7al\u0131\u015fmalar\u0131m\u0131z\u0131 bug\u00fcne kadar oldu\u011fu gibi bundan sonra da ciddiyetle ve bilimin \u0131\u015f\u0131\u011f\u0131nda s\u00fcrd\u00fcrmeye devam edece\u011fiz. Her konuda oldu\u011fu gibi bu konuda da ne yapt\u0131\u011f\u0131m\u0131z\u0131 bilen, sonuca odakl\u0131, sadece siyasetin ger\u00e7e\u011fi olan g\u00fcn\u00fc kurtarma, yasak savma, yap\u0131yormu\u015f gibi g\u00f6r\u00fcnme de\u011fil. Hakikaten bizden sonra gelecek olan y\u00f6neticilere de ya da kadrolara da bir birikim ortaya koymak istiyoruz. Bu konuda da Belediye Ba\u015fkan\u0131n\u0131z olarak, kamuoyunun sadece \u00e7evre bilinci, \u00e7evre kirlili\u011fi ile m\u00fccadelede de\u011fil, her konuda Mersin B\u00fcy\u00fck\u015fehir Belediyesi&#8217;nin i\u015fini ciddi ve iyi yapt\u0131\u011f\u0131 kanaatinin kafalara yerle\u015fmesini istiyorum&#8221; \u015feklinde konu\u015ftu.<\/p>\n<p>&#8220;\u00c7evre bilincinin a\u015f\u0131lanmas\u0131, artt\u0131r\u0131lmas\u0131 ve bu hassasiyetinin toplumlara aktar\u0131lmas\u0131 i\u00e7in \u00f6nemli \u00e7al\u0131\u015fmalar yap\u0131yoruz&#8221;<br \/>\nMersin&#8217;in iklim de\u011fi\u015fikli\u011finden Do\u011fu Akdeniz Havzas\u0131 olarak yo\u011fun etkilenecek b\u00f6lgeler aras\u0131nda ilk s\u0131ralarda oldu\u011funu ve \u00e7ok hassas bir b\u00f6lgede yer ald\u0131\u011f\u0131n\u0131 s\u00f6zlerine ekleyen Ba\u015fkan Se\u00e7er, &#8220;Son zamanlarda ya\u011f\u0131\u015f rejimindeki olas\u0131 d\u0131\u015f\u0131 ya\u011f\u0131\u015flar, bunlar\u0131n sele d\u00f6n\u00fc\u015fmesi, orman yang\u0131nlar\u0131, a\u015f\u0131r\u0131 kurakl\u0131k, a\u015f\u0131r\u0131 s\u0131cakl\u0131k, bahsetti\u011finiz \u00e7evre fakt\u00f6rleri, onlar\u0131n ortaya \u00e7\u0131kartt\u0131\u011f\u0131 iklim de\u011fi\u015fikli\u011fi ve sonu\u00e7 itibar\u0131yla da yo\u011fun olumsuzluklar var. Biz Mersin B\u00fcy\u00fck\u015fehir Belediyesi olarak \u00e7evre bilincinin a\u015f\u0131lanmas\u0131, artt\u0131r\u0131lmas\u0131, bunun hassasiyetinin toplumlara aktar\u0131lmas\u0131 i\u00e7in \u00f6nemli \u00e7al\u0131\u015fmalar yap\u0131yoruz&#8221; dedi.<\/p>\n<p>&#8220;\u0130klim ve iklim de\u011fi\u015fikli\u011fi temal\u0131 Bilim Merkezi kuruyoruz&#8221;<br \/>\nHem B\u00fcy\u00fck\u015fehir Belediyesi olarak hem de MESK\u0130 ba\u015fta olmak \u00fczere t\u00fcm ba\u011fl\u0131 kurulu\u015flarda bu y\u00f6nde \u00e7ok \u00f6nemli ve de\u011ferli \u00e7al\u0131\u015fmalar\u0131n s\u00fcrd\u00fcr\u00fcld\u00fc\u011f\u00fcn\u00fc dile getiren Ba\u015fkan Se\u00e7er, &#8220;Anaokullar\u0131 ile ilkokullarda yakla\u015f\u0131k olarak 32 bin \u00f6\u011frenciye, bu sadece B\u00fcy\u00fck\u015fehir b\u00fcnyesinde, hocalar\u0131m\u0131z\u0131n da katk\u0131s\u0131yla bilin\u00e7lendirme e\u011fitimleri veriyoruz. Yine MESK\u0130&#8217;nin yapt\u0131\u011f\u0131 \u00e7al\u0131\u015fmalarda hem su, suyun de\u011feri, \u00e7evre, \u00e7evre kirlili\u011fi, bu konularla ilgili de yine ilkokul seviyesindeki \u00f6\u011frencilerimize fark\u0131ndal\u0131k yaratmak i\u00e7in e\u011fitimler veriyoruz. T\u00fcrkiye&#8217;nin bir ilkini ger\u00e7ekle\u015ftiriyoruz. \u0130klim ve iklim de\u011fi\u015fikli\u011fi temal\u0131 bilim merkezi kuruyoruz. \u00c7ok yak\u0131n bir zamanda da hep beraber oray\u0131 toplumun hizmetine alaca\u011f\u0131z. E\u011fitimi \u00e7ocuk ya\u015fta, \u00e7ocuklar\u0131n dima\u011flar\u0131na baz\u0131 konular\u0131 baz\u0131 fark\u0131ndal\u0131klar\u0131 hassasiyeti derj eder, oraya kaz\u0131rsak o \u00e7ocuk \u00f6m\u00fcr boyu o bilin\u00e7le ya\u015far ve toplum bu \u015fekilde d\u00f6n\u00fc\u015f\u00fcr&#8221; ifadelerini kulland\u0131.<\/p>\n<p>&#8220;\u00c7evre bu kadar sorumsuzca kirletilmezse ortal\u0131k kirli olmaz&#8221;<br \/>\nMersin B\u00fcy\u00fck\u015fehir Belediyesi olarak \u00e7evrenin temiz tutulmas\u0131 ve kirletilmemesi i\u00e7in gayret sarf ettiklerini belirten Ba\u015fkan Se\u00e7er, &#8220;Ne yap\u0131lmas\u0131 gerekiyorsa onu yapmaya gayret ediyoruz. E\u011fitiminden, ortaya \u00e7\u0131kan kirlili\u011fin yok edilmesine, bertaraf\u0131na, sokaklar\u0131n temiz olmas\u0131na kadar her konuda katk\u0131 sunmaya \u00e7al\u0131\u015f\u0131yoruz. Belediye \u00e7al\u0131\u015fanlar\u0131; biz insanlar\u0131n bilin\u00e7sizlikten, e\u011fitimsizlikten, al\u0131\u015fkanl\u0131klardan do\u011fan \u00e7evreyi kirletme olumsuzluklar\u0131n\u0131 ortadan kald\u0131rmak i\u00e7in sabah\u0131n k\u00f6r karanl\u0131\u011f\u0131nda \u00e7al\u0131\u015fmaya ba\u015fl\u0131yor. Vatanda\u015flar\u0131n\u0131n bunu g\u00f6rmelerini istiyorum. E\u011fer \u00e7evre bu kadar sorumsuzca kirletilmezse, elindeki plastik \u015fi\u015fe dere yata\u011f\u0131na, denize b\u0131rak\u0131lmazsa ortal\u0131k kirli olmaz. Denizlerde, akarsularda kirlilik olmaz, mikro plastik olmaz, insan sa\u011fl\u0131\u011f\u0131na tesir eden olumsuzluklar ortaya \u00e7\u0131kmaz&#8221; dedi.<\/p>\n<p>&#8220;Herkes bilin\u00e7li olursa p\u0131r\u0131l p\u0131r\u0131l bir \u00e7evrede ya\u015far\u0131z&#8221;<br \/>\nAra\u00e7 s\u00fcr\u00fcc\u00fclerinin ref\u00fcjlere att\u0131\u011f\u0131 at\u0131klar\u0131n \u00f6nemli bir g\u00f6r\u00fcnt\u00fc ve \u00e7evre kirlili\u011fi olu\u015fturdu\u011funu s\u00f6zlerine ekleyen Ba\u015fkan Se\u00e7er, &#8220;Bu e\u011fitimli bir toplumda olmaz. Fark\u0131ndal\u0131k yarat\u0131lm\u0131\u015f; \u00e7ocuk ya\u015ftan okullarda, ailede, i\u015f yerinde insan\u0131n e\u011fitim alabilece\u011fi her noktas\u0131nda bu fark\u0131ndal\u0131k yarat\u0131lm\u0131\u015fsa \u00e7evre bu kadar kirli olmaz. Herkesin bu bilin\u00e7te olmas\u0131 laz\u0131m, bunlar\u0131 g\u00f6rmemiz laz\u0131m. O zaman p\u0131r\u0131l p\u0131r\u0131l bir \u00e7evrede ya\u015far\u0131z&#8221; ifadelerini kulland\u0131.<\/p>\n<p>&#8220;Bir toplum sorunlar\u0131 hal\u0131n\u0131n alt\u0131na s\u00fcp\u00fcrerek ne kadar ya\u015fayabilir&#8221;<br \/>\nSinekle m\u00fccadele i\u00e7in \u00f6nemli b\u00fct\u00e7eler harcand\u0131\u011f\u0131na de\u011finen Ba\u015fkan Se\u00e7er, sine\u011fin h\u0131zla \u00fcremesine yine su birikintilerinin ve b\u0131rak\u0131lan \u00e7\u00f6plerin sebep oldu\u011funu vurgulayarak, &#8220;Nedeni yine insano\u011flu, \u00e7evre kirlili\u011fi, \u00e7\u00f6p, su birikintileri ve kanalizasyonlar. Gidin bak\u0131n bir\u00e7ok apartman\u0131n bodrum kat\u0131na giremezsiniz. Apartman \u00e7\u00f6kecek, temeli \u00e7\u00fcr\u00fcm\u00fc\u015f. Herkes kay\u0131ts\u0131z kal\u0131yor. Kurumlar da kay\u0131ts\u0131z kal\u0131yor ya da yap\u0131lan yasal d\u00fczenlemeler, m\u00fceyyideler cayd\u0131r\u0131c\u0131 de\u011fil. Bir toplum sorunlar\u0131 hal\u0131n\u0131n alt\u0131na s\u00fcp\u00fcrerek ne kadar ya\u015fayabilir. Sonu\u00e7ta kir birikir birikir kaya gibi sertle\u015fir hal\u0131n\u0131n alt\u0131ndan \u00e7\u0131kartamazs\u0131n\u0131z. Bunlar\u0131 toplum \u00f6n\u00fcnde s\u00fcrekli konu\u015fmam\u0131z laz\u0131m&#8221; diye konu\u015ftu.<\/p>\n<p>&#8220;4 y\u0131ll\u0131k g\u00f6rev s\u00fcremiz boyunca ilgili kurumdan destek alm\u0131\u015f bir belediye de\u011filiz&#8221;<br \/>\n\u0130l genelindeki ar\u0131tma tesisi, kanalizasyon ve altyap\u0131 \u00e7al\u0131\u015fmalar\u0131n\u0131n 2014 y\u0131l\u0131ndan bu yana B\u00fcy\u00fck\u015fehir Belediyesi&#8217;nin sorumlulu\u011funda oldu\u011funu hat\u0131rlatan Ba\u015fkan Se\u00e7er, bu s\u00fcre\u00e7ten \u00f6nce yap\u0131lan tesislerin demode oldu\u011funu s\u00f6yledi. Se\u00e7er, bu demode ar\u0131tma tesisleri y\u00fcz\u00fcnden de Mersin&#8217;de yaz aylar\u0131nda kanalizasyon dolay\u0131s\u0131yla koku sorunu oldu\u011funu ifade etti. Mersin B\u00fcy\u00fck\u015fehir Belediyesi&#8217;nin altyap\u0131 ve kanalizasyonla ilgili \u00f6nemli sorunlarla bo\u011fu\u015ftu\u011funa de\u011finen Ba\u015fkan Se\u00e7er, &#8220;Silifke ar\u0131tmas\u0131 \u00e7ok eski olmamas\u0131na ra\u011fmen yap\u0131ld\u0131\u011f\u0131 tarihte demode bir teknoloji kullan\u0131larak yap\u0131lm\u0131\u015f. B\u00f6yle sorunlar\u0131m\u0131zda var. Altyap\u0131, ar\u0131tma gibi \u00e7evre ve toplum sa\u011fl\u0131\u011f\u0131n\u0131 ilgilendiren konulardaki yat\u0131r\u0131mlar\u0131n bedeli \u00e7ok y\u00fcksektir. Su faturalar\u0131ndan elde etti\u011fimiz gelirlerle yapaca\u011f\u0131m\u0131z yat\u0131r\u0131mlar de\u011fildir. Bu konuda \u00f6n\u00fcm\u00fcz kapal\u0131. 4 y\u0131ll\u0131k g\u00f6rev s\u00fcremiz boyunca ilgili kurumdan ba\u015fta \u0130ller Bankas\u0131 olmak \u00fczere herhangi bir destek alm\u0131\u015f bir belediye de\u011filiz. Tabi ki bunun siyasi y\u00f6n\u00fc var&#8221; dedi.<\/p>\n<p>Sahil kesiminde bulunan sitelerin ar\u0131tmalar\u0131n\u0131n denetiminin Bakanl\u0131\u011fa ait oldu\u011funu aktaran Ba\u015fkan Se\u00e7er, &#8220;Sitelerdeki ar\u0131tmalar \u00c7evre Bakanl\u0131\u011f\u0131&#8217;nca denetlenir. Denetimlerin s\u0131k\u0131 olmas\u0131 gerekir. Kendi haline b\u0131rak\u0131rsan\u0131z o zaman sitelerdeki at\u0131k sular sa\u011fl\u0131ks\u0131z bir \u015fekilde ar\u0131t\u0131lmadan oldu\u011fu gibi denize boca edilir ve sonra \u00e7evre kirlili\u011fi, deniz kirlili\u011fi, vatanda\u015flar\u0131n koku \u015fik\u00e2yeti ya da ortam\u0131n, toplumun sa\u011fl\u0131\u011f\u0131n\u0131n bozulmas\u0131yla kar\u015f\u0131 kar\u015f\u0131ya kalabiliriz&#8221; diye konu\u015ftu.<\/p>\n<p>&#8220;Bozyaz\u0131&#8217;ya yap\u0131lacak bertaraf tesisi i\u00e7in Bakanl\u0131\u011f\u0131n tahsis vermesini bekliyoruz&#8221;<br \/>\nMersin&#8217;in Bat\u0131 il\u00e7elerinin at\u0131klar\u0131n\u0131 bertaraf etmek i\u00e7in Bozyaz\u0131&#8217;ya yap\u0131lmas\u0131 planlanan tesisle ilgili olarak bilgi aktaran Ba\u015fkan Se\u00e7er, &#8220;Biz \u015fu anda 3 ayr\u0131 d\u00fczenli depolama sahas\u0131nda at\u0131klar\u0131 do\u011faya zarar vermeden bertaraf ediyoruz. 4. bertaraf tesisinin Bozyaz\u0131&#8217;da yap\u0131lmas\u0131 laz\u0131m. Bizden \u00f6nce ba\u015flat\u0131lm\u0131\u015f bir s\u00fcre\u00e7 var. Mahkeme s\u00fcreci dolay\u0131s\u0131yla 22 milyon Euro&#8217;luk ciddi bir hibe zaman a\u015f\u0131m\u0131ndan dolay\u0131 geri gidiyor. Nihayetinde mahkemeyi biz kazand\u0131k ama sonu\u00e7ta Orman Bakanl\u0131\u011f\u0131&#8217;n\u0131n tahsis etti\u011fi alan elimizden gitti. Her \u015fey haz\u0131r, Orman Bakanl\u0131\u011f\u0131&#8217;n\u0131n tahsis vermesini bekliyoruz&#8221; ifadelerini kulland\u0131.<\/p>\n<p>Ba\u015fkan Se\u00e7er, g\u00f6reve geldiklerinde yapt\u0131klar\u0131 kat\u0131 at\u0131k aktarma istasyonlar\u0131 ile bat\u0131 il\u00e7elerindeki vah\u015fi depolanma y\u00f6ntemine son verdiklerini ifade ederek,  \u015funlar\u0131 s\u00f6yledi:<br \/>\n&#8220;Her y\u0131l kesemizden milyonlarca lira ta\u015f\u0131maya gidiyor. Vah\u015fi depolama olmaz dedik. Gilindire Ma\u011faras\u0131&#8217;n\u0131n yolu \u00fczerinde naylon par\u00e7ac\u0131klar\u0131 havalarda u\u00e7u\u015fuyordu. Ortadan kald\u0131rd\u0131k, oray\u0131 \u0131slah ettik. Silifke Bertaraf Tesisleri&#8217;ne ta\u015f\u0131yoruz. Y\u0131lda onlarca milyon pahas\u0131na bedel \u00f6d\u00fcyoruz, oradan \u00e7\u00f6pleri ta\u015f\u0131t\u0131yoruz, vah\u015fi depolama olmas\u0131n, \u00e7evreye, yeralt\u0131 sular\u0131na, etrafa, ormana, do\u011fal hayata verilecek zarar\u0131n ortadan kald\u0131rmak i\u00e7in bunlar\u0131 yap\u0131yoruz. Dedi\u011fim gibi T\u00fcrkiye&#8217;de i\u015fler kolay y\u00fcr\u00fcm\u00fcyor. Hele hele siyasal anlamda bir gerginlik varsa, siyasal anlamda bir engelleme varsa vay o y\u00f6neticinin haline. Bo\u011fu\u015fuyorsunuz, bir \u015fey yapmaya gayret ediyorsunuz, s\u00fcratle yapmaya \u00e7al\u0131\u015f\u0131yorsunuz; kentiniz, halk\u0131n\u0131z ve \u00fclkeniz ad\u0131na yapmaya \u00e7al\u0131\u015f\u0131yorsunuz ama \u00e7ok b\u00fcy\u00fck engellerle, zorluklarla bo\u011fu\u015fmak zorunda kal\u0131yorsunuz.&#8221;<\/p>\n<p>&#8220;Sadece fosil yak\u0131tlar\u0131 t\u00fcketmeyelim&#8221;<br \/>\nBa\u015fkan Se\u00e7er, bisiklet yollar\u0131na \u00f6nem verdiklerini ve \u015fimdiye kadar 100 kilometrenin \u00fczerinde bisiklet yolu yapt\u0131klar\u0131n\u0131 belirterek, &#8220;Sadece fosil yak\u0131tlar\u0131 t\u00fcketmeyelim, bisikletle ula\u015f\u0131m sa\u011flayal\u0131m, ekonomik olarak bu daha uygun de\u011fil, \u00e7evre ve toplum sa\u011fl\u0131\u011f\u0131 a\u00e7\u0131s\u0131ndan da. Egzozu yok bisikletin di\u011fer taraftan insanlara fiziksel olarak da yararl\u0131. En az\u0131ndan spor yapma imk\u00e2n\u0131n\u0131z oluyor&#8221; dedi.<\/p>\n<p>Do\u011falgazl\u0131 \u00e7evre dostu CNG&#8217;li otob\u00fcslerden de bahseden Se\u00e7er, toplam 272 Sar\u0131 Limon&#8217;a B\u00fcy\u00fck\u015fehir&#8217;in \u00f6z kaynaklar\u0131 da eklendi\u011finde yakla\u015f\u0131k olarak 30 milyon avro harcand\u0131\u011f\u0131n\u0131 s\u00f6yledi. &#8220;272 adet. Bunlar\u0131n 205 tanesi CNG&#8217;li, 12 metrelik b\u00fcy\u00fck ya da daha uzun k\u00f6r\u00fckl\u00fc dedi\u011fimiz ara\u00e7lar yakla\u015f\u0131k olarak geri kalan k\u0131sm\u0131 67 tane olan k\u0131sm\u0131 da k\u0131sa dorse. Ama son teknoloji yeni nesil motorlarla dizel otob\u00fcsler oldu&#8221; diye konu\u015ftu.<\/p>\n<p>B\u00fcy\u00fck\u015fehir&#8217;in t\u00fcm birimlerinde s\u0131f\u0131r at\u0131k sistemi uyguland\u0131\u011f\u0131n\u0131, \u00e7evre bilinci ve duyarl\u0131l\u0131\u011f\u0131n\u0131n sadece B\u00fcy\u00fck\u015fehir&#8217;in \u00e7al\u0131\u015fmalar\u0131yla s\u0131n\u0131rl\u0131 olmad\u0131\u011f\u0131n\u0131 s\u00f6zlerine ekleyen Ba\u015fkan Se\u00e7er, &#8220;Temiz Akdeniz projesinde oldu\u011fu gibi ba\u015fta \u00fcniversitelerimizle ve di\u011fer kamu kurumlar\u0131 ya da STK&#8217;larla olan i\u015f birli\u011fimiz bizim i\u00e7in son derece \u00f6nemlidir. Biz kurum olarak, bir arada olursak daha iyi neticeler alabilece\u011fimizi inan\u0131yoruz. Burada Orta Do\u011fu Teknik \u00dcniversitesi Deniz Bilimleri Fak\u00fcltesi&#8217;nden \u00e7ok de\u011ferli hocalar\u0131m\u0131z var, \u00c7evre \u0130l M\u00fcd\u00fcrl\u00fc\u011f\u00fcm\u00fczden, Sahil G\u00fcvenlik&#8217;ten \u00e7ok de\u011ferli kamu \u00e7al\u0131\u015fanlar\u0131m\u0131z var. Bizimle yapt\u0131klar\u0131 i\u015f birli\u011finden dolay\u0131 kendilerine ayr\u0131 ayr\u0131 te\u015fekk\u00fcr ediyorum&#8221; dedi. Ba\u015fkan Se\u00e7er, konu\u015fmas\u0131n\u0131n ard\u0131ndan panelistlere hediye takdiminde bulundu.<\/p>\n","protected":false},"excerpt":{"rendered":"<p>Mersin B\u00fcy\u00fck\u015fehir Belediye Ba\u015fkan\u0131 Vahap Se\u00e7er, Mersin B\u00fcy\u00fck\u015fehir Belediyesi taraf\u0131ndan 5 Haziran D\u00fcnya \u00c7evre G\u00fcn\u00fc kapsam\u0131nda d\u00fczenlenen &#8216;Temiz Akdeniz, Temiz Mersin Paneli&#8217; ile &#8216;Temiz Akdeniz \u0130\u00e7in Ekosistem Tabanl\u0131 \u0130zleme ve &hellip; <a href=\"https:\/\/akdenizolaygazetesi.com\/?p=26182\" class=\"more-link\">Devam\u0131n\u0131 Oku&#8230;<\/a><\/p>\n","protected":false},"author":2,"featured_media":26183,"comment_status":"open","ping_status":"open","sticky":false,"template":"","format":"standard","meta":[],"categories":[7,1,2,3,11],"tags":[],"_links":{"self":[{"href":"https:\/\/akdenizolaygazetesi.com\/index.php?rest_route=\/wp\/v2\/posts\/26182"}],"collection":[{"href":"https:\/\/akdenizolaygazetesi.com\/index.php?rest_route=\/wp\/v2\/posts"}],"about":[{"href":"https:\/\/akdenizolaygazetesi.com\/index.php?rest_route=\/wp\/v2\/types\/post"}],"author":[{"embeddable":true,"href":"https:\/\/akdenizolaygazetesi.com\/index.php?rest_route=\/wp\/v2\/users\/2"}],"replies":[{"embeddable":true,"href":"https:\/\/akdenizolaygazetesi.com\/index.php?rest_route=%2Fwp%2Fv2%2Fcomments&post=26182"}],"version-history":[{"count":1,"href":"https:\/\/akdenizolaygazetesi.com\/index.php?rest_route=\/wp\/v2\/posts\/26182\/revisions"}],"predecessor-version":[{"id":26184,"href":"https:\/\/akdenizolaygazetesi.com\/index.php?rest_route=\/wp\/v2\/posts\/26182\/revisions\/26184"}],"wp:featuredmedia":[{"embeddable":true,"href":"https:\/\/akdenizolaygazetesi.com\/index.php?rest_route=\/wp\/v2\/media\/26183"}],"wp:attachment":[{"href":"https:\/\/akdenizolaygazetesi.com\/index.php?rest_route=%2Fwp%2Fv2%2Fmedia&parent=26182"}],"wp:term":[{"taxonomy":"category","embeddable":true,"href":"https:\/\/akdenizolaygazetesi.com\/index.php?rest_route=%2Fwp%2Fv2%2Fcategories&post=26182"},{"taxonomy":"post_tag","embeddable":true,"href":"https:\/\/akdenizolaygazetesi.com\/index.php?rest_route=%2Fwp%2Fv2%2Ftags&post=26182"}],"curies":[{"name":"wp","href":"https:\/\/api.w.org\/{rel}","templated":true}]}}