{"id":26188,"date":"2023-06-06T12:41:20","date_gmt":"2023-06-06T09:41:20","guid":{"rendered":"http:\/\/akdenizolaygazetesi.com\/?p=26188"},"modified":"2023-06-06T12:41:20","modified_gmt":"2023-06-06T09:41:20","slug":"bu-yil-ki-circular-ulusal-cevre-ve-sanat-etkinliklerinin-temasi-su","status":"publish","type":"post","link":"https:\/\/akdenizolaygazetesi.com\/?p=26188","title":{"rendered":"BU YIL K\u0130 &#8216;C\u0130RCULAR ULUSAL \u00c7EVRE VE SANAT ETK\u0130NL\u0130KLER\u0130&#8217;N\u0130N TEMASI &#8216;SU&#8217;"},"content":{"rendered":"<p>Mersin B\u00fcy\u00fck\u015fehir Belediye Ba\u015fkan\u0131 Vahap Se\u00e7er, Mersin B\u00fcy\u00fck\u015fehir Belediyesi&#8217;nin destekleriyle, MEDEKA program\u0131 kapsam\u0131nda ger\u00e7ekle\u015ftirilen &#8216;Circular 4. Ulusal \u00c7evre ve Sanat Etkinlikleri&#8217; kapsam\u0131ndaki Sergi&#8217;nin a\u00e7\u0131l\u0131\u015f\u0131na kat\u0131ld\u0131. Bu y\u0131l 4.&#8217;s\u00fc ger\u00e7ekle\u015ftirilen &#8216;Circular Ulusal \u00c7evre ve Sanat Etkinlikleri&#8217;nin temas\u0131 &#8216;su&#8217; olarak belirlendi. Ba\u015fkan Vahap Se\u00e7er&#8217;e sergi gezisinde etkinli\u011fin k\u00fcrat\u00f6r\u00fc Beng\u00fc G\u00fcn e\u015flik etti ve eserleri anlatt\u0131. Ba\u015fkan Se\u00e7er etkinlikte, sanat\u00e7\u0131lardan S\u00fcleyman Demirkol ve Didem Koban&#8217;\u0131n g\u00f6sterisini ilgi ile izledi ve g\u00f6steri vatanda\u015flardan b\u00fcy\u00fck alk\u0131\u015f ald\u0131.<br \/>\nEtkinli\u011fe Ba\u015fkan Se\u00e7er ile birlikte Cumhuriyet Halk Partisi (CHP) Mersin Milletvekili G\u00fclcan K\u0131\u015f, Mersin Barosu Ba\u015fkan\u0131 Gazi \u00d6zdemir, TMMOB Mersin \u0130l Koordinasyon Sekreteri ve Makine M\u00fchendisleri Odas\u0131 Mersin \u015eube Ba\u015fkan\u0131 \u0130brahim Y\u00fccesoy, Mersin Ticaret ve Sanayi Odas\u0131 (MTSO) Y\u00f6netim Kurulu Ba\u015fkan\u0131 Ayhan K\u0131z\u0131ltan, Mersin Sanayicileri ve \u0130\u015f \u0130nsanlar\u0131 Derne\u011fi (MES\u0130AD) Y\u00f6netim Kurulu Ba\u015fkan\u0131 Hasan Engin, Mersin B\u00fcy\u00fck\u015fehir Belediyesi Genel Sekreteri Olcay Tok, Mersin B\u00fcy\u00fck\u015fehir Belediyesi Mersin Su ve Kanalizasyon \u0130daresi (MESK\u0130) Genel M\u00fcd\u00fcr\u00fc \u0130rfan Korkmaz, B\u00fcy\u00fck\u015fehir Belediyesi b\u00fcrokratlar\u0131 ve daire ba\u015fkanlar\u0131 ile sanat\u00e7\u0131lar ve vatanda\u015flar kat\u0131l\u0131m sa\u011flad\u0131. Ba\u015fkan Se\u00e7er etkinli\u011fin ard\u0131ndan sanat\u00e7\u0131larla birlikte hat\u0131ra foto\u011fraf\u0131 \u00e7ektirdi.<br \/>\nEtkinli\u011fi Mersin&#8217;e tan\u0131tmak ve kurumsal kimli\u011fini oturtturmak ama\u00e7lan\u0131yor<br \/>\nCircular 4. Ulusal \u00c7evre ve Sanat Etkinlikleri; Mersin B\u00fcy\u00fck\u015fehir Belediyesi&#8217;nin destekleriyle, MEDEKA program\u0131 kapsam\u0131nda, D5 Sanat Ortam\u0131 koordinat\u00f6rl\u00fc\u011f\u00fcnde, TMMOB \u00c7evre M\u00fchendisleri Odas\u0131 Mersin \u015eubesi&#8217;nin y\u00fcr\u00fct\u00fcc\u00fcl\u00fc\u011f\u00fcnde ve Beng\u00fc G\u00fcn&#8217;\u00fcn k\u00fcrat\u00f6rl\u00fc\u011f\u00fcnde ger\u00e7ekle\u015ftirildi. Circular 4. Ulusal \u00c7evre ve Sanat Etkinli\u011fi&#8217;ni Mersin&#8217;e tan\u0131tmak ve kurumsal kimli\u011fini oturtturmak amac\u0131yla d\u00fczenleniyor.<br \/>\nCircular 4. Ulusal \u00c7evre ve Sanat Sergisi K\u00fclt\u00fcr Park Amfi Tiyatro&#8217;da, 18 sanat\u00e7\u0131n\u0131n ve konu\u015fmac\u0131lar\u0131n kat\u0131l\u0131m\u0131 ile 4-5 Haziran 2023 tarihleri aras\u0131nda ger\u00e7ekle\u015ftirildi. Sanat\u00e7\u0131lar\u0131n su krizinin aciliyetine odaklanan i\u015flerine yer verildi. Etkinlikler ile kat\u0131l\u0131mc\u0131lara su k\u0131tl\u0131\u011f\u0131 ve kirlili\u011fi konusunda fark\u0131ndal\u0131k yaratarak, daha derin bir bak\u0131\u015f a\u00e7\u0131s\u0131 sunmak ama\u00e7land\u0131.<\/p>\n","protected":false},"excerpt":{"rendered":"<p>Mersin B\u00fcy\u00fck\u015fehir Belediye Ba\u015fkan\u0131 Vahap Se\u00e7er, Mersin B\u00fcy\u00fck\u015fehir Belediyesi&#8217;nin destekleriyle, MEDEKA program\u0131 kapsam\u0131nda ger\u00e7ekle\u015ftirilen &#8216;Circular 4. Ulusal \u00c7evre ve Sanat Etkinlikleri&#8217; kapsam\u0131ndaki Sergi&#8217;nin a\u00e7\u0131l\u0131\u015f\u0131na kat\u0131ld\u0131. Bu y\u0131l 4.&#8217;s\u00fc ger\u00e7ekle\u015ftirilen &#8216;Circular &hellip; <a href=\"https:\/\/akdenizolaygazetesi.com\/?p=26188\" class=\"more-link\">Devam\u0131n\u0131 Oku&#8230;<\/a><\/p>\n","protected":false},"author":2,"featured_media":26189,"comment_status":"open","ping_status":"open","sticky":false,"template":"","format":"standard","meta":[],"categories":[2,3],"tags":[],"_links":{"self":[{"href":"https:\/\/akdenizolaygazetesi.com\/index.php?rest_route=\/wp\/v2\/posts\/26188"}],"collection":[{"href":"https:\/\/akdenizolaygazetesi.com\/index.php?rest_route=\/wp\/v2\/posts"}],"about":[{"href":"https:\/\/akdenizolaygazetesi.com\/index.php?rest_route=\/wp\/v2\/types\/post"}],"author":[{"embeddable":true,"href":"https:\/\/akdenizolaygazetesi.com\/index.php?rest_route=\/wp\/v2\/users\/2"}],"replies":[{"embeddable":true,"href":"https:\/\/akdenizolaygazetesi.com\/index.php?rest_route=%2Fwp%2Fv2%2Fcomments&post=26188"}],"version-history":[{"count":1,"href":"https:\/\/akdenizolaygazetesi.com\/index.php?rest_route=\/wp\/v2\/posts\/26188\/revisions"}],"predecessor-version":[{"id":26190,"href":"https:\/\/akdenizolaygazetesi.com\/index.php?rest_route=\/wp\/v2\/posts\/26188\/revisions\/26190"}],"wp:featuredmedia":[{"embeddable":true,"href":"https:\/\/akdenizolaygazetesi.com\/index.php?rest_route=\/wp\/v2\/media\/26189"}],"wp:attachment":[{"href":"https:\/\/akdenizolaygazetesi.com\/index.php?rest_route=%2Fwp%2Fv2%2Fmedia&parent=26188"}],"wp:term":[{"taxonomy":"category","embeddable":true,"href":"https:\/\/akdenizolaygazetesi.com\/index.php?rest_route=%2Fwp%2Fv2%2Fcategories&post=26188"},{"taxonomy":"post_tag","embeddable":true,"href":"https:\/\/akdenizolaygazetesi.com\/index.php?rest_route=%2Fwp%2Fv2%2Ftags&post=26188"}],"curies":[{"name":"wp","href":"https:\/\/api.w.org\/{rel}","templated":true}]}}