{"id":26191,"date":"2023-06-06T12:43:04","date_gmt":"2023-06-06T09:43:04","guid":{"rendered":"http:\/\/akdenizolaygazetesi.com\/?p=26191"},"modified":"2023-06-06T12:43:04","modified_gmt":"2023-06-06T09:43:04","slug":"tarsusta-ilce-jandarma-komutanligi-tarafindan-egitim-verildi","status":"publish","type":"post","link":"https:\/\/akdenizolaygazetesi.com\/?p=26191","title":{"rendered":"Tarsus\u2019ta \u0130l\u00e7e Jandarma Komutanl\u0131\u011f\u0131 Taraf\u0131ndan E\u011fitim Verildi"},"content":{"rendered":"<p>Mersin Orman B\u00f6lge M\u00fcd\u00fcrl\u00fc\u011f\u00fc, Tarsus Orman \u0130\u015fletme M\u00fcd\u00fcrl\u00fc\u011f\u00fcnde Orman Yang\u0131nlar\u0131 ile ilgili adli soru\u015fturma y\u00fcr\u00fctmekte olan Orman Muhafaza Memurlar\u0131na, yang\u0131n\u0131n \u00e7\u0131k\u0131\u015f nedenlerinin ara\u015ft\u0131r\u0131lmas\u0131, delillerin toplanmas\u0131 ve muhafaza edilmesi konular\u0131nda Tarsus \u0130l\u00e7e Jandarma Komutanl\u0131\u011f\u0131, olay yeri inceleme ekiplerince i\u015f birli\u011fi protokol\u00fc kapsam\u0131nda e\u011fitim verildi.<br \/>\nTarsus \u0130l\u00e7e Jandarma Komutanl\u0131\u011f\u0131nca, orman yang\u0131n\u0131 meydana geldi\u011finde en k\u0131sa s\u00fcrede s\u00f6nd\u00fcr\u00fclmesi, varsa faillerinin bulunmas\u0131 konusunda fiziki ve teknik yard\u0131m ile sonu\u00e7 al\u0131nmas\u0131 hedeflenen e\u011fitime, Tarsus Orman \u0130\u015fletme M\u00fcd\u00fcr\u00fc Muhammet K\u00f6se, \u0130\u015fletme M\u00fcd\u00fcr Yard\u0131mc\u0131lar\u0131, \u0130\u015fletme \u015eefleri ve Orman Muhafaza Memurlar\u0131 kat\u0131l\u0131m sa\u011flad\u0131.<br \/>\nTarsus \u0130l\u00e7e Jandarma Komutanl\u0131\u011f\u0131na, Olay Yeri \u0130nceleme konusunda sa\u011flad\u0131klar\u0131 e\u011fitim deste\u011fi nedeniyle te\u015fekk\u00fcr ederiz.<\/p>\n","protected":false},"excerpt":{"rendered":"<p>Mersin Orman B\u00f6lge M\u00fcd\u00fcrl\u00fc\u011f\u00fc, Tarsus Orman \u0130\u015fletme M\u00fcd\u00fcrl\u00fc\u011f\u00fcnde Orman Yang\u0131nlar\u0131 ile ilgili adli soru\u015fturma y\u00fcr\u00fctmekte olan Orman Muhafaza Memurlar\u0131na, yang\u0131n\u0131n \u00e7\u0131k\u0131\u015f nedenlerinin ara\u015ft\u0131r\u0131lmas\u0131, delillerin toplanmas\u0131 ve muhafaza edilmesi konular\u0131nda Tarsus &hellip; <a href=\"https:\/\/akdenizolaygazetesi.com\/?p=26191\" class=\"more-link\">Devam\u0131n\u0131 Oku&#8230;<\/a><\/p>\n","protected":false},"author":2,"featured_media":26192,"comment_status":"open","ping_status":"open","sticky":false,"template":"","format":"standard","meta":[],"categories":[3],"tags":[],"_links":{"self":[{"href":"https:\/\/akdenizolaygazetesi.com\/index.php?rest_route=\/wp\/v2\/posts\/26191"}],"collection":[{"href":"https:\/\/akdenizolaygazetesi.com\/index.php?rest_route=\/wp\/v2\/posts"}],"about":[{"href":"https:\/\/akdenizolaygazetesi.com\/index.php?rest_route=\/wp\/v2\/types\/post"}],"author":[{"embeddable":true,"href":"https:\/\/akdenizolaygazetesi.com\/index.php?rest_route=\/wp\/v2\/users\/2"}],"replies":[{"embeddable":true,"href":"https:\/\/akdenizolaygazetesi.com\/index.php?rest_route=%2Fwp%2Fv2%2Fcomments&post=26191"}],"version-history":[{"count":1,"href":"https:\/\/akdenizolaygazetesi.com\/index.php?rest_route=\/wp\/v2\/posts\/26191\/revisions"}],"predecessor-version":[{"id":26193,"href":"https:\/\/akdenizolaygazetesi.com\/index.php?rest_route=\/wp\/v2\/posts\/26191\/revisions\/26193"}],"wp:featuredmedia":[{"embeddable":true,"href":"https:\/\/akdenizolaygazetesi.com\/index.php?rest_route=\/wp\/v2\/media\/26192"}],"wp:attachment":[{"href":"https:\/\/akdenizolaygazetesi.com\/index.php?rest_route=%2Fwp%2Fv2%2Fmedia&parent=26191"}],"wp:term":[{"taxonomy":"category","embeddable":true,"href":"https:\/\/akdenizolaygazetesi.com\/index.php?rest_route=%2Fwp%2Fv2%2Fcategories&post=26191"},{"taxonomy":"post_tag","embeddable":true,"href":"https:\/\/akdenizolaygazetesi.com\/index.php?rest_route=%2Fwp%2Fv2%2Ftags&post=26191"}],"curies":[{"name":"wp","href":"https:\/\/api.w.org\/{rel}","templated":true}]}}