{"id":26194,"date":"2023-06-06T12:44:28","date_gmt":"2023-06-06T09:44:28","guid":{"rendered":"http:\/\/akdenizolaygazetesi.com\/?p=26194"},"modified":"2023-06-06T12:44:28","modified_gmt":"2023-06-06T09:44:28","slug":"halisdemir-mersinin-rontgenini-cikarmak-istedik","status":"publish","type":"post","link":"https:\/\/akdenizolaygazetesi.com\/?p=26194","title":{"rendered":"HAL\u0130SDEM\u0130R: &#8220;MERS\u0130N&#8217;\u0130N R\u00d6NTGEN\u0130N\u0130 \u00c7IKARMAK \u0130STED\u0130K"},"content":{"rendered":"<p>Mersin B\u00fcy\u00fck\u015fehir Belediyesi, 5 Haziran D\u00fcnya \u00c7evre G\u00fcn\u00fc&#8217;ne dolay\u0131s\u0131yla, \u00c7evre Koruma ve Kontrol Dairesi Ba\u015fkanl\u0131\u011f\u0131 \u00f6nc\u00fcl\u00fc\u011f\u00fcnde &#8216;Temiz Akdeniz, Temiz Mersin Paneli&#8217; ile &#8216;Temiz Akdeniz \u0130\u00e7in Ekosistem Tabanl\u0131 \u0130zleme ve Y\u00f6netim Plan\u0131 Kapan\u0131\u015f\u0131 ve Faz 1 Uygulama Projesi&#8217;nin a\u00e7\u0131l\u0131\u015f lansman\u0131n\u0131 ger\u00e7ekle\u015ftirdi.<\/p>\n<p>Mersin B\u00fcy\u00fck\u015fehir Belediyesi Kongre ve Sergi Saray\u0131 Meclis Salonu&#8217;nda d\u00fczenlenen etkinli\u011fin a\u00e7\u0131l\u0131\u015f\u0131n\u0131 Ba\u015fkan Vahap Se\u00e7er ger\u00e7ekle\u015ftirdi. ODT\u00dc Deniz Bilimleri Enstit\u00fcs\u00fc, \u00c7evre, \u015eehircilik ve \u0130klim De\u011fi\u015fikli\u011fi Mersin \u0130l M\u00fcd\u00fcrl\u00fc\u011f\u00fc, Mersin Liman B\u00f6lge Ba\u015fkanl\u0131\u011f\u0131n\u0131n i\u015fbirli\u011fi ile ger\u00e7ekle\u015fen panelde, Akdeniz K\u00f6rfezi&#8217;nin mevcut kirlilik durumu ve Mersin&#8217;in deniz kirlilik haritas\u0131yla ilgili bilgiler verildi.<\/p>\n<p>Halisdemir:&#8221;Mersinlilerin denizimizin her bir santimetrekaresinden faydalanmas\u0131n\u0131 isteriz&#8221;<br \/>\nProjenin amac\u0131n\u0131n Mersin denizinin g\u00fcncel durumu ve deniz kirlili\u011finin herhangi bir tehdit olu\u015fturup olu\u015fturmad\u0131\u011f\u0131n\u0131n tespiti oldu\u011funu ifade eden Mersin B\u00fcy\u00fck\u015fehir Belediyesi \u00c7evre Koruma ve Kontrol Dairesi Ba\u015fkan\u0131 B\u00fclent Halisdemir &#8220;Mersin&#8217;de toplamda 321 km k\u0131y\u0131 \u015feridimiz var. Mersinlilerin denizle daha bar\u0131\u015f\u0131k olmas\u0131 gerekti\u011fini d\u00fc\u015f\u00fcn\u00fcyoruz. Mersinlilerin ve yaz boyu gelen turistlerimizin hepsinin denizimizin her bir santimetrekaresinden faydalanmas\u0131n\u0131 isteriz. Bu y\u00fczden Mersin&#8217;in r\u00f6ntgenini \u00e7\u0131karmak istedik&#8221; dedi.<\/p>\n<p>Kirlili\u011fin yaln\u0131zca yerelin veya bir b\u00f6lgenin sorunu olmad\u0131\u011f\u0131n\u0131, ayn\u0131 zamanda ulusal ve uluslararas\u0131 bir problem oldu\u011funu dile getiren Halisdemir, &#8220;Bug\u00fcn Afrika&#8217;daki bir kirlili\u011fin, denizlerdeki ciddi ak\u0131nt\u0131lar sebebiyle Mersin&#8217;e kadar ula\u015fabildi\u011fini g\u00f6rd\u00fck. Nitekim, bundan birka\u00e7 y\u0131l \u00f6ncesinde, Suriye&#8217;nin Banyas kentindeki petrol kirlili\u011fini k\u0131y\u0131lar\u0131m\u0131zdan temizlemek zorunda kald\u0131k. Demek ki yaln\u0131zca Mersin olarak de\u011fil, b\u00f6lgemiz ve di\u011fer \u00fclkeleri de katarak i\u015fbirli\u011fi i\u00e7erisinde ortak \u00e7al\u0131\u015fmalar yapmal\u0131y\u0131z. Bu y\u00fczden bu \u00e7al\u0131\u015fmam\u0131za Adana, Hatay ve Antalya gibi illerimizi de ald\u0131k&#8221; diye konu\u015ftu.<\/p>\n<p>&#8220;Mersin Liman\u0131&#8217;na gelen gemiler biliyorlar ki Mersin&#8217;de kirlili\u011fe taviz yok&#8221;<br \/>\nDenizde olu\u015fan kirlilik y\u00fcklerinin \u00f6n\u00fcne ge\u00e7mek ve minimize etmek i\u00e7in bu problemle kayna\u011f\u0131nda ba\u015f etmeye \u00e7al\u0131\u015ft\u0131klar\u0131n\u0131n alt\u0131n\u0131 \u00e7izen Halisdemir, &#8220;Denizle ilgili \u00e7al\u0131\u015facak personel e\u011fitim seviyesini yukar\u0131 \u00e7\u0131kard\u0131k. Ayn\u0131 zamanda gerekli ara\u00e7, gere\u00e7 ve ekipman say\u0131s\u0131n\u0131 da art\u0131rd\u0131k. Yetki alan\u0131m\u0131z i\u00e7erisinde ses getirdi\u011fimize inan\u0131yoruz. Mersin Liman\u0131&#8217;na gelen gemiler biliyorlar ki Mersin&#8217;de kirlili\u011fe taviz yok&#8221; ifadelerini kulland\u0131.<\/p>\n<p>Saliho\u011flu:  &#8220;K\u00fcresel \u0131s\u0131nman\u0131n boyutlar\u0131 b\u00f6lgemizde olduk\u00e7a etkili&#8221;<br \/>\nD\u00fcnya atmosferindeki s\u0131cakl\u0131klar\u0131n end\u00fcstri devrimiyle birlikte artmas\u0131ndan kaynakl\u0131, iklim de\u011fi\u015fikli\u011finin her ge\u00e7en g\u00fcn farkl\u0131 boyutlara ilerledi\u011fini kaydeden ODT\u00dc Deniz Bilimleri Enstit\u00fc M\u00fcd\u00fcr\u00fc Prof. Dr. Bar\u0131\u015f Saliho\u011flu, &#8220;D\u00fcnya averaj\u0131na bakt\u0131\u011f\u0131m\u0131zda bu art\u0131\u015f, 1 derece ve civar\u0131nda iken, b\u00f6lgemizde bu art\u0131\u015f\u0131n etkileri 2 derecelere yak\u0131n oldu. Bu durum ya\u011f\u0131\u015flarda da olduk\u00e7a etkili oldu. Do\u011fu Akdeniz ve Akdeniz Havzas\u0131nda ya\u011f\u0131\u015flar\u0131n d\u00fc\u015ft\u00fc\u011f\u00fc ve giderek daha da d\u00fc\u015fece\u011fi \u00f6ng\u00f6r\u00fcl\u00fcyor. D\u00fc\u015fen ya\u011f\u0131\u015f miktar\u0131 ile birlikte toprak nemlili\u011fi azal\u0131yor, azalan nem de yang\u0131nlara sebep oluyor ve yang\u0131nlarda art\u0131\u015f g\u00f6zleniyor&#8221; \u015feklinde konu\u015ftu.<\/p>\n<p>Saliho\u011flu: &#8220;\u0130leride iklimle ilgili afetlere maruz kalaca\u011f\u0131z&#8221;<br \/>\n&#8216;De\u011fi\u015fen \u0130klim Ko\u015fullar\u0131nda Deniz Kenti Mersin&#8217; ba\u015fl\u0131kl\u0131 sunumunda Do\u011fu Akdeniz&#8217;in d\u00fcnya \u00fczerindeki \u00fc\u00e7 hassas b\u00f6lgeden biri oldu\u011funu aktaran Saliho\u011flu \u015funlar\u0131 s\u00f6yledi:<br \/>\n&#8220;Artan s\u0131cakl\u0131klara ba\u011fl\u0131 olarak deniz seviyelerinde art\u0131\u015f olup, buzullar erimekte. Akdeniz kapal\u0131 havza diye b\u00f6yle bir \u015fey olmaz demeyin. \u015eimdiden bizim yapt\u0131\u011f\u0131m\u0131z g\u00f6zlemlere g\u00f6re, 6 cm&#8217;lik bir art\u0131\u015f s\u00f6z konusu. \u00d6n\u00fcm\u00fczdeki on y\u0131llar boyunca 50 cm&#8217;e varan art\u0131\u015flar ya\u015fanabilir. Ayn\u0131 zamanda bu durum bir\u00e7ok ekonomik faaliyetleri de etkiliyor. B\u00f6lgemizde 6 kat\u0131na kadar sel ve ya\u011f\u0131\u015flar s\u00f6z konusu olabilir. Kurakl\u0131k olmas\u0131n\u0131n yan\u0131 s\u0131ra belli d\u00f6nemlerde b\u00f6yle a\u015f\u0131r\u0131l\u0131klarla da kar\u015f\u0131 kar\u015f\u0131ya kalabiliriz. Belediye i\u00e7in bu problemler \u00e7ok \u00f6nemli. \u00c7\u00fcnk\u00fc bug\u00fcn bir afet dendi\u011finde akla ilk deprem geliyor ancak bunun \u00e7ok \u00f6tesinde ilerde, iklimle ilgili pek \u00e7ok afete maruz kalaca\u011f\u0131z ve bunlara haz\u0131rl\u0131kl\u0131 olmal\u0131y\u0131z.&#8221;<\/p>\n<p>Panelde daha sonra ODT\u00dc Deniz Bilimleri Enstit\u00fcs\u00fc&#8217;nden Prof Dr. S\u00fcleyman Tu\u011frul, &#8216;Mersin&#8217;i Bekleyen Tehlike&#8217;, Mersin \u00c7evre \u015eehircilik ve \u0130klim De\u011fi\u015fikli\u011fi \u0130l M\u00fcd\u00fcrl\u00fc\u011f\u00fc&#8217;nden Murat Ku\u015f, &#8216;Mersin K\u0131y\u0131 ve Deniz Payda\u015flar\u0131-Ger\u00e7ekle\u015ftirilen \u00c7evre Faaliyetleri&#8217;  ve Mersin Liman\u0131 Ba\u015fkan\u0131 Harun Ba\u015ft\u00fcrk taraf\u0131ndan da &#8216;Gemi Trafi\u011finin \u00c7evreye Etkileri-Yap\u0131lan \u00d6nleme \u00c7al\u0131\u015fmalar\u0131&#8217; ba\u015fl\u0131klar\u0131 ile sunumlar ger\u00e7ekle\u015ftirdiler.<\/p>\n","protected":false},"excerpt":{"rendered":"<p>Mersin B\u00fcy\u00fck\u015fehir Belediyesi, 5 Haziran D\u00fcnya \u00c7evre G\u00fcn\u00fc&#8217;ne dolay\u0131s\u0131yla, \u00c7evre Koruma ve Kontrol Dairesi Ba\u015fkanl\u0131\u011f\u0131 \u00f6nc\u00fcl\u00fc\u011f\u00fcnde &#8216;Temiz Akdeniz, Temiz Mersin Paneli&#8217; ile &#8216;Temiz Akdeniz \u0130\u00e7in Ekosistem Tabanl\u0131 \u0130zleme ve Y\u00f6netim &hellip; <a href=\"https:\/\/akdenizolaygazetesi.com\/?p=26194\" class=\"more-link\">Devam\u0131n\u0131 Oku&#8230;<\/a><\/p>\n","protected":false},"author":2,"featured_media":26195,"comment_status":"open","ping_status":"open","sticky":false,"template":"","format":"standard","meta":[],"categories":[2,3],"tags":[],"_links":{"self":[{"href":"https:\/\/akdenizolaygazetesi.com\/index.php?rest_route=\/wp\/v2\/posts\/26194"}],"collection":[{"href":"https:\/\/akdenizolaygazetesi.com\/index.php?rest_route=\/wp\/v2\/posts"}],"about":[{"href":"https:\/\/akdenizolaygazetesi.com\/index.php?rest_route=\/wp\/v2\/types\/post"}],"author":[{"embeddable":true,"href":"https:\/\/akdenizolaygazetesi.com\/index.php?rest_route=\/wp\/v2\/users\/2"}],"replies":[{"embeddable":true,"href":"https:\/\/akdenizolaygazetesi.com\/index.php?rest_route=%2Fwp%2Fv2%2Fcomments&post=26194"}],"version-history":[{"count":1,"href":"https:\/\/akdenizolaygazetesi.com\/index.php?rest_route=\/wp\/v2\/posts\/26194\/revisions"}],"predecessor-version":[{"id":26196,"href":"https:\/\/akdenizolaygazetesi.com\/index.php?rest_route=\/wp\/v2\/posts\/26194\/revisions\/26196"}],"wp:featuredmedia":[{"embeddable":true,"href":"https:\/\/akdenizolaygazetesi.com\/index.php?rest_route=\/wp\/v2\/media\/26195"}],"wp:attachment":[{"href":"https:\/\/akdenizolaygazetesi.com\/index.php?rest_route=%2Fwp%2Fv2%2Fmedia&parent=26194"}],"wp:term":[{"taxonomy":"category","embeddable":true,"href":"https:\/\/akdenizolaygazetesi.com\/index.php?rest_route=%2Fwp%2Fv2%2Fcategories&post=26194"},{"taxonomy":"post_tag","embeddable":true,"href":"https:\/\/akdenizolaygazetesi.com\/index.php?rest_route=%2Fwp%2Fv2%2Ftags&post=26194"}],"curies":[{"name":"wp","href":"https:\/\/api.w.org\/{rel}","templated":true}]}}