{"id":26197,"date":"2023-06-06T12:46:07","date_gmt":"2023-06-06T09:46:07","guid":{"rendered":"http:\/\/akdenizolaygazetesi.com\/?p=26197"},"modified":"2023-06-06T12:46:07","modified_gmt":"2023-06-06T09:46:07","slug":"sahilde-ve-denizde-cop-avina-cikildi","status":"publish","type":"post","link":"https:\/\/akdenizolaygazetesi.com\/?p=26197","title":{"rendered":"Sahilde ve denizde &#8220;\u00e7\u00f6p av\u0131&#8221;na \u00e7\u0131k\u0131ld\u0131"},"content":{"rendered":"<p>Mersin Orman B\u00f6lge M\u00fcd\u00fcrl\u00fc\u011f\u00fc, Anamur Orman \u0130\u015fletme M\u00fcd\u00fcrl\u00fc\u011f\u00fc taraf\u0131ndan 5- 9 Haziran D\u00fcnya \u00e7evre haftas\u0131 \u00e7er\u00e7evesinde denizlerimiz ve do\u011fal \u00e7evrenin korunmas\u0131, deniz ve iklim de\u011fi\u015fikli\u011fi ili\u015fkisine uygun &#8220;temiz deniz, temiz d\u00fcnya&#8221; temas\u0131yla bir etkinlik yap\u0131l\u0131p sahilde ve denizde &#8220;\u00e7\u00f6p av\u0131&#8221; na \u00e7\u0131k\u0131ld\u0131.<\/p>\n<p>Anamur il\u00e7esi deniz sahilinde, da\u011flardaki \u00e7e\u015fme ba\u015flar\u0131 ve yol kenarlar\u0131ndaki \u00e7\u00f6pler Anamur orman i\u015fletme m\u00fcd\u00fcrl\u00fc\u011f\u00fc personeli taraf\u0131ndan temizlendi. Do\u011fa ile uyumlu, s\u00fcrd\u00fcr\u00fclebilir, daha ye\u015fil ve daha temiz bir \u00e7evre i\u00e7in ortamlarda kirlili\u011fi \u00f6nlemek, at\u0131klar\u0131 yeniden de\u011ferlendirerek ekonomiye katk\u0131da bulunmak, i\u00e7me ve kullanma suyunda temizlik ile hijyeni sa\u011flamak, solunan hava kalitesinin iyile\u015ftirilmesi, \u00e7evrenin korunmas\u0131 i\u00e7in toplanan t\u00fcm \u00e7\u00f6pler geri d\u00f6n\u00fc\u015f\u00fcm g\u00f6revlilerine teslim edildi. <\/p>\n<p> 5 Haziran g\u00fcn\u00fc D\u00fcnya \u00c7evre G\u00fcn\u00fcnde \u00c7evre Haftas\u0131 etkinliklerinde, geri d\u00f6n\u00fc\u015f\u00fcm elemanlar\u0131 de\u011ferlendirilerek, do\u011fal kaynaklar\u0131n korunmas\u0131na ve b\u00f6ylece hem \u00e7evre kirlili\u011finin hem de kaynak israf\u0131n\u0131n \u00f6nlenmesine katk\u0131da bulunulmu\u015ftur.<\/p>\n","protected":false},"excerpt":{"rendered":"<p>Mersin Orman B\u00f6lge M\u00fcd\u00fcrl\u00fc\u011f\u00fc, Anamur Orman \u0130\u015fletme M\u00fcd\u00fcrl\u00fc\u011f\u00fc taraf\u0131ndan 5- 9 Haziran D\u00fcnya \u00e7evre haftas\u0131 \u00e7er\u00e7evesinde denizlerimiz ve do\u011fal \u00e7evrenin korunmas\u0131, deniz ve iklim de\u011fi\u015fikli\u011fi ili\u015fkisine uygun &#8220;temiz deniz, temiz &hellip; <a href=\"https:\/\/akdenizolaygazetesi.com\/?p=26197\" class=\"more-link\">Devam\u0131n\u0131 Oku&#8230;<\/a><\/p>\n","protected":false},"author":2,"featured_media":26198,"comment_status":"open","ping_status":"open","sticky":false,"template":"","format":"standard","meta":[],"categories":[2,3],"tags":[],"_links":{"self":[{"href":"https:\/\/akdenizolaygazetesi.com\/index.php?rest_route=\/wp\/v2\/posts\/26197"}],"collection":[{"href":"https:\/\/akdenizolaygazetesi.com\/index.php?rest_route=\/wp\/v2\/posts"}],"about":[{"href":"https:\/\/akdenizolaygazetesi.com\/index.php?rest_route=\/wp\/v2\/types\/post"}],"author":[{"embeddable":true,"href":"https:\/\/akdenizolaygazetesi.com\/index.php?rest_route=\/wp\/v2\/users\/2"}],"replies":[{"embeddable":true,"href":"https:\/\/akdenizolaygazetesi.com\/index.php?rest_route=%2Fwp%2Fv2%2Fcomments&post=26197"}],"version-history":[{"count":1,"href":"https:\/\/akdenizolaygazetesi.com\/index.php?rest_route=\/wp\/v2\/posts\/26197\/revisions"}],"predecessor-version":[{"id":26199,"href":"https:\/\/akdenizolaygazetesi.com\/index.php?rest_route=\/wp\/v2\/posts\/26197\/revisions\/26199"}],"wp:featuredmedia":[{"embeddable":true,"href":"https:\/\/akdenizolaygazetesi.com\/index.php?rest_route=\/wp\/v2\/media\/26198"}],"wp:attachment":[{"href":"https:\/\/akdenizolaygazetesi.com\/index.php?rest_route=%2Fwp%2Fv2%2Fmedia&parent=26197"}],"wp:term":[{"taxonomy":"category","embeddable":true,"href":"https:\/\/akdenizolaygazetesi.com\/index.php?rest_route=%2Fwp%2Fv2%2Fcategories&post=26197"},{"taxonomy":"post_tag","embeddable":true,"href":"https:\/\/akdenizolaygazetesi.com\/index.php?rest_route=%2Fwp%2Fv2%2Ftags&post=26197"}],"curies":[{"name":"wp","href":"https:\/\/api.w.org\/{rel}","templated":true}]}}