{"id":26200,"date":"2023-06-06T12:47:45","date_gmt":"2023-06-06T09:47:45","guid":{"rendered":"http:\/\/akdenizolaygazetesi.com\/?p=26200"},"modified":"2023-06-06T12:47:45","modified_gmt":"2023-06-06T09:47:45","slug":"bu-yilin-temasi-temiz-deniz-temiz-dunya","status":"publish","type":"post","link":"https:\/\/akdenizolaygazetesi.com\/?p=26200","title":{"rendered":"Bu y\u0131l\u0131n temas\u0131 Temiz Deniz, Temiz D\u00fcnya\u2026"},"content":{"rendered":"<p>Mersin\u2019de; \u201c5-11 Haziran \u00c7evre Haftas\u0131\u201d kapsam\u0131nda, \u201cTemiz Deniz, Temiz D\u00fcnya\u201d slogan\u0131yla bir dizi etkinlik d\u00fczenlendi. \u00c7evrenin ve do\u011fan\u0131n korunmas\u0131, s\u00fcrd\u00fcr\u00fclmesi ve gelecek nesillere emanet edilmesi noktas\u0131nda toplumsal fark\u0131ndal\u0131k olu\u015fturmak amac\u0131yla d\u00fczenlenen etkinlikte, tedavisi tamamlan\u0131p marka tak\u0131lan iki Caretta Caretta Deniz Kaplumba\u011fas\u0131 da do\u011fal ortamlar\u0131 olan denize sal\u0131nd\u0131.<br \/>\n5 Haziran D\u00fcnya \u00c7evre G\u00fcn\u00fc dolay\u0131s\u0131yla, Mersin Valili\u011fi, Akdeniz Belediyesi, \u00c7evre \u015eehircilik ve \u0130klim De\u011fi\u015fikli\u011fi M\u00fcd\u00fcrl\u00fc\u011f\u00fc, Do\u011fa Koruma ve Milli Parklar Genel M\u00fcd\u00fcrl\u00fc\u011f\u00fc i\u015fbirli\u011finde, Millet Bah\u00e7esi sahil etab\u0131nda renkli bir etkinlik organize edildi. Etkinli\u011fe Vali Ali Hamza Pehlivan, Akdeniz Kaymakam\u0131 Zeyit \u015eener, Mersin Milletvekilleri Havva Sibel S\u00f6ylemez ile Ali K\u0131ratl\u0131, Akdeniz Belediye Ba\u015fkan\u0131 M. Mustafa G\u00fcltak, \u00c7evre \u015eehircilik ve \u0130klim De\u011fi\u015fikli\u011fi \u0130l M\u00fcd\u00fcr\u00fc H\u00fcseyin \u00d6zg\u00fcr Yal\u00e7\u0131n, farkl\u0131 kurumlardan b\u00fcrokratlar, sivil toplum kurulu\u015fu temsilcileri, deprem ma\u011fduru \u00e7ocuklar ve ailelerinin yan\u0131 s\u0131ra, \u00e7e\u015fitli okullardan \u00f6\u011frenciler ve \u00e7ok say\u0131da vatanda\u015f kat\u0131ld\u0131.<br \/>\n\u201cBu y\u0131l\u0131n temas\u0131 temiz deniz, temiz d\u00fcnya\u201d<br \/>\nRenkli ve dolu dolu ge\u00e7en etkinlikte Caretta markalama, belgesel g\u00f6sterimi, \u00e7evre ve deniz temizli\u011fi, at\u00f6lye \u00e7al\u0131\u015fmalar\u0131, konser ve \u00e7ocuk etkinlikleri de organize edildi. Bulu\u015fmada ilk s\u00f6z alan Mersin \u00c7evre \u015eehircilik ve \u0130klim De\u011fi\u015fikli\u011fi \u0130l M\u00fcd\u00fcr\u00fc H\u00fcseyin \u00d6zg\u00fcr Yal\u00e7\u0131n, \u201cBu y\u0131l Temiz Deniz, Temiz D\u00fcnya slogan\u0131yla, toplumun t\u00fcm kesimlerini kapsay\u0131c\u0131 \u015fekilde etkinlikler d\u00fczenledik. \u00d6zellikle de deniz ve \u00e7evre kirlili\u011fi konular\u0131nda fark\u0131ndal\u0131k olu\u015fturmay\u0131 hedeflemi\u015f bulunmaktay\u0131z\u201d dedi.<br \/>\n\u201cD\u00fcnyam\u0131z\u0131, do\u011fam\u0131z\u0131 ve \u00e7evremizi korumak i\u00e7in \u00e7al\u0131\u015f\u0131yoruz\u201d<br \/>\nAkdeniz Belediye Ba\u015fkan\u0131 M. Mustafa G\u00fcltak da etkinlikte yapt\u0131\u011f\u0131 konu\u015fmada, Mersin ve Akdeniz\u2019de park ve ye\u015fil alan k\u0131tl\u0131\u011f\u0131na dikkat \u00e7ekti, T\u00fcrkiye\u2019nin en g\u00fczel ve d\u00f6rt taraf\u0131 denizle \u00e7evrili millet bah\u00e7esini kente kazand\u0131rd\u0131klar\u0131n\u0131 ifade etti. Ba\u015fkan G\u00fcltak; \u201c\u00c7evre; sadece park, bah\u00e7e, ye\u015fil alan de\u011fil.<br \/>\nAyn\u0131 zamanda Adanal\u0131o\u011flu\u2019nda 25 y\u0131ll\u0131k \u00e7\u00f6p sorununu \u00e7\u00f6zd\u00fck, sahildeki barakalar\u0131 kald\u0131rd\u0131k. Say\u0131n Cumhurba\u015fkan\u0131m\u0131z\u0131n Kararnamesi o b\u00f6lgeleri koruma alt\u0131n ald\u0131k, site alan\u0131 ilan ettik. Ayr\u0131ca sahillerimizdeki Caretta Caretta Deniz Kaplumba\u011fas\u0131n\u0131n yumurtlama alanlar\u0131n\u0131 da koruma alt\u0131na al\u0131p, vatanda\u015flar\u0131m\u0131z\u0131 bu konuda bilin\u00e7lendirmek i\u00e7in etkinlikler organize ettik\u201d dedi.<br \/>\n\u201c\u00c7evre, t\u00fcm canl\u0131lara ait bir ekosistem\u201d<br \/>\nMersin Valisi Ali Hamza Pehlivan da konu\u015fmas\u0131nda; \u201cD\u00fcnya \u00c7evre G\u00fcn\u00fc\u2019n\u00fc, \u2018Tek Bir D\u00fcnya\u2019 slogan\u0131 ad\u0131 alt\u0131nda her y\u0131l farkl\u0131 tema ile hafta boyunca kutluyoruz ki bu y\u0131l\u0131n temas\u0131 \u2018Deniz Temiz, Temiz Deniz, Temiz D\u00fcnya\u2019\u2026 \u00c7evre, hepimize ait olan, hep birlikte i\u00e7inde ya\u015fad\u0131\u011f\u0131m\u0131z ekosistemi ifade ediyor. \u00c7evrenin s\u00fcrd\u00fcr\u00fclebilir olmas\u0131 yine hep birlikte ortaya koyabilece\u011fimiz hassasiyetle m\u00fcmk\u00fcn.  \u00c7evreyi de sadece insano\u011flu olarak bizler i\u015fgal etmiyoruz. T\u00fcm canl\u0131larla birlikte bu d\u00fcnyada ya\u015f\u0131yoruz. Dolay\u0131s\u0131yla \u00e7evreye kar\u015f\u0131 duyarl\u0131l\u0131k, koruma hassasiyeti, sadece insanlar\u0131n de\u011fil, t\u00fcm canl\u0131lar\u0131n ya\u015fam hakk\u0131na sayg\u0131 duymak anlam\u0131na geliyor\u201d ifadelerini kulland\u0131.<br \/>\nKonu\u015fmalardan sonra, Mersin Deniz Kaplumba\u011falar\u0131 Kurtarma Rehabilitasyon ve Bilgilendirme Merkezi\u2019nde tedavileri tamamlan\u0131p marka tak\u0131lan iki Caretta Caretta Deniz Kaplumba\u011fas\u0131, protokol \u00fcyeleri ve depremzede \u00e7ocuklar\u0131n kat\u0131l\u0131m\u0131yla Mersin Millet Bah\u00e7esi sahilinden, do\u011fal ya\u015fam alanlar\u0131 olan denize b\u0131rak\u0131ld\u0131. <\/p>\n","protected":false},"excerpt":{"rendered":"<p>Mersin\u2019de; \u201c5-11 Haziran \u00c7evre Haftas\u0131\u201d kapsam\u0131nda, \u201cTemiz Deniz, Temiz D\u00fcnya\u201d slogan\u0131yla bir dizi etkinlik d\u00fczenlendi. \u00c7evrenin ve do\u011fan\u0131n korunmas\u0131, s\u00fcrd\u00fcr\u00fclmesi ve gelecek nesillere emanet edilmesi noktas\u0131nda toplumsal fark\u0131ndal\u0131k olu\u015fturmak amac\u0131yla &hellip; <a href=\"https:\/\/akdenizolaygazetesi.com\/?p=26200\" class=\"more-link\">Devam\u0131n\u0131 Oku&#8230;<\/a><\/p>\n","protected":false},"author":2,"featured_media":26201,"comment_status":"open","ping_status":"open","sticky":false,"template":"","format":"standard","meta":[],"categories":[7,2,3],"tags":[],"_links":{"self":[{"href":"https:\/\/akdenizolaygazetesi.com\/index.php?rest_route=\/wp\/v2\/posts\/26200"}],"collection":[{"href":"https:\/\/akdenizolaygazetesi.com\/index.php?rest_route=\/wp\/v2\/posts"}],"about":[{"href":"https:\/\/akdenizolaygazetesi.com\/index.php?rest_route=\/wp\/v2\/types\/post"}],"author":[{"embeddable":true,"href":"https:\/\/akdenizolaygazetesi.com\/index.php?rest_route=\/wp\/v2\/users\/2"}],"replies":[{"embeddable":true,"href":"https:\/\/akdenizolaygazetesi.com\/index.php?rest_route=%2Fwp%2Fv2%2Fcomments&post=26200"}],"version-history":[{"count":1,"href":"https:\/\/akdenizolaygazetesi.com\/index.php?rest_route=\/wp\/v2\/posts\/26200\/revisions"}],"predecessor-version":[{"id":26202,"href":"https:\/\/akdenizolaygazetesi.com\/index.php?rest_route=\/wp\/v2\/posts\/26200\/revisions\/26202"}],"wp:featuredmedia":[{"embeddable":true,"href":"https:\/\/akdenizolaygazetesi.com\/index.php?rest_route=\/wp\/v2\/media\/26201"}],"wp:attachment":[{"href":"https:\/\/akdenizolaygazetesi.com\/index.php?rest_route=%2Fwp%2Fv2%2Fmedia&parent=26200"}],"wp:term":[{"taxonomy":"category","embeddable":true,"href":"https:\/\/akdenizolaygazetesi.com\/index.php?rest_route=%2Fwp%2Fv2%2Fcategories&post=26200"},{"taxonomy":"post_tag","embeddable":true,"href":"https:\/\/akdenizolaygazetesi.com\/index.php?rest_route=%2Fwp%2Fv2%2Ftags&post=26200"}],"curies":[{"name":"wp","href":"https:\/\/api.w.org\/{rel}","templated":true}]}}