{"id":26206,"date":"2023-06-06T12:50:48","date_gmt":"2023-06-06T09:50:48","guid":{"rendered":"http:\/\/akdenizolaygazetesi.com\/?p=26206"},"modified":"2023-06-06T12:50:48","modified_gmt":"2023-06-06T09:50:48","slug":"gultak-yillar-sonra-okuma-yazmayi-ogrenen-cifti-siniflarinda-ziyaret-etti","status":"publish","type":"post","link":"https:\/\/akdenizolaygazetesi.com\/?p=26206","title":{"rendered":"G\u00dcLTAK, YILLAR SONRA OKUMA-YAZMAYI \u00d6\u011eRENEN \u00c7\u0130FT\u0130 SINIFLARINDA Z\u0130YARET ETT\u0130"},"content":{"rendered":"<p>Akdeniz Belediye Ba\u015fkan\u0131 G\u00fcltak, \u00d6zg\u00fcrl\u00fck Mahallesi K\u00fclt\u00fcr ve Sanat Evi\u2019nde verilen kursa ayn\u0131 s\u0131rada kat\u0131larak okuma-yazma \u00f6\u011frenen \u0130sa ve Zehra \u015eerbet\u00e7i \u00e7iftini ziyaret etti. \u00d6\u011frenmenin ya\u015f\u0131n\u0131n olmad\u0131\u011f\u0131n\u0131 g\u00f6steren ve herkese \u00f6rnek olan \u00e7ift, okuma yazma bilmeyen herkesi kursa kat\u0131lmaya davet etti.<br \/>\n\u00dc\u00e7 \u00e7ocuklar\u0131 olan 43 ya\u015f\u0131ndaki \u0130sa \u015eerbet\u00e7i ile 33 ya\u015f\u0131ndaki e\u015fi Zehra \u015eerbet\u00e7i \u00e7ifti, okuma yazma bilmedikleri i\u00e7in g\u00fcndelik hayatlar\u0131nda ya\u015fad\u0131klar\u0131 bir\u00e7ok s\u0131k\u0131nt\u0131y\u0131 ortadan kald\u0131rmak ve ehliyetlerini alabilmek amac\u0131yla okuma yazma \u00f6\u011frenmeye karar verdi. Akdeniz Belediyesi\u2019ne ba\u011fl\u0131 \u00d6zg\u00fcrl\u00fck Mahallesi K\u00fclt\u00fcr ve Sanat Evi\u2019nde verilen kurslara kat\u0131lan \u00e7ift, b\u00fcy\u00fck bir azim ve m\u00fccadelenin sonunda 4 ay i\u00e7inde okuma yazmay\u0131 \u00f6\u011frenerek \u00f6\u011fretmenleri ve s\u0131n\u0131f arkada\u015flar\u0131n\u0131n takdirini toplad\u0131.<br \/>\n\u201cK\u00fclt\u00fcr ve sanat evlerimize b\u00fcy\u00fck ra\u011fbet var\u201d<br \/>\nAkdeniz Belediye Ba\u015fkan\u0131 M. Mustafa G\u00fcltak, k\u00fclt\u00fcr ve sanat evi kursiyerlerini ziyaret ederek y\u0131llar sonra okuma yazma \u00f6\u011frenen \u015eerbet\u00e7i \u00c7ifti ile bir araya geldi. Kursiyer kad\u0131nlar\u0131n alk\u0131\u015flarla kar\u015f\u0131lad\u0131\u011f\u0131 Ba\u015fkan G\u00fcltak, k\u00fclt\u00fcr sanat evi kre\u015fine gelen k\u00fc\u00e7\u00fck \u00e7ocuklarla da yak\u0131ndan ilgilendi, kad\u0131nlarla sohbet edip taleplerini dinledi. Ba\u015fkan G\u00fcltak; \u201cK\u00fclt\u00fcr ve sanat evimizde, kad\u0131nlar, gen\u00e7ler ve \u00e7ocuklar\u0131m\u0131z farkl\u0131 alanlarda kurs ve e\u011fitim al\u0131yor. Kimisi okuma-yazma, kimisi el i\u015fi, diki\u015f, nak\u0131\u015f, kimisi berberlik ve kuaf\u00f6rl\u00fck, kimisi de okul sonras\u0131 \u00e7ocuklar\u0131n\u0131 et\u00fct merkezine getiriyor. Daha \u00f6nceleri, bu merkezler aktif de\u011fildi. Milli E\u011fitim Bakanl\u0131\u011f\u0131 ve Halk E\u011fitim M\u00fcd\u00fcrl\u00fc\u011f\u00fc \u00fczerinden yapt\u0131\u011f\u0131m\u0131z \u00e7al\u0131\u015fmalarla bu tarz 17 yer a\u00e7t\u0131k. Yak\u0131nda 7-8 yer daha a\u00e7aca\u011f\u0131z \u00e7\u00fcnk\u00fc \u00e7ok ra\u011fbet var\u201d dedi.<br \/>\n\u201cOkuma yazmay\u0131 \u00f6\u011frenip hayatlar\u0131n\u0131 de\u011fi\u015ftirdiler\u201d<br \/>\nBa\u015fkan G\u00fcltak, \u0130sa ve Zehra \u00c7iftini de ziyaret etti\u011fini kaydederek; \u201c\u00c7iftimiz okuma ve yazmay\u0131 \u00f6\u011frenmek i\u00e7in \u00d6zg\u00fcrl\u00fck Mahallesi K\u00fclt\u00fcr ve Sanat Evimize gelmi\u015f. Hayat arkada\u015f\u0131 ikisi ama okuma yazma bilmiyorlard\u0131. Y\u0131llar sonra ayn\u0131 s\u0131n\u0131fta, ayn\u0131 s\u0131raya oturup okul ortam\u0131n\u0131 birlikte ya\u015f\u0131yorlar. Verdi\u011fimiz kurs sayesinde ikisi de art\u0131k okumay\u0131 ve yazmay\u0131 \u00f6\u011frenip t\u00fcm hayatlar\u0131n\u0131 de\u011fi\u015ftirdiler. E\u015f olarak ikisinin ayn\u0131 anda derse gelmesi, birbirlerini desteklemesi \u00e7ok g\u00fczel ve anlaml\u0131. Okuma-yazma kurslar\u0131na kat\u0131lan insanlar\u0131m\u0131z\u0131n say\u0131s\u0131 her ge\u00e7en g\u00fcn art\u0131yor. Tabi burada mesleki kurs ve e\u011fitimler de alabiliyorlar. Akdeniz\u2019de ya\u015fayan t\u00fcm vatanda\u015flar\u0131m\u0131z, hizmetlerin en g\u00fczeline lay\u0131kt\u0131r ve bu hizmetlerimiz onlar i\u00e7in artarak devam edecek\u201d ifadelerini kulland\u0131.<br \/>\n\u201c\u0130mk\u00e2ns\u0131zl\u0131k y\u00fcz\u00fcnden bu ya\u015fa kadar okuyamad\u0131m\u201d<br \/>\nYa\u015fad\u0131klar\u0131 sevin\u00e7 ve mutlulu\u011fu dile getiren 33 ya\u015f\u0131ndaki kursiyer Zehra \u015eerbet\u00e7i ise okuma-yazma fikrinin e\u015finden geldi\u011fini belirterek; \u201cE\u015fim; ehliyet s\u0131nav\u0131na girebilmemiz i\u00e7in okuma-yazmay\u0131 \u00f6\u011frenmemiz gerekti\u011fini s\u00f6yledi. Ben de \u2018birlikte gidelim\u2019 dedim. Hocalar\u0131m\u0131zla g\u00f6r\u00fc\u015ft\u00fck ve kursa geldik. \u00c7ok \u015f\u00fck\u00fcr okumay\u0131 ve yazmay\u0131 epey \u00f6\u011frendik. \u0130mk\u00e2ns\u0131zl\u0131k y\u00fcz\u00fcnden bu ya\u015fa kadar okuyamad\u0131m. \u00d6nceleri zorluklar ya\u015f\u0131yordum. \u00d6rne\u011fin telefonla birini arayam\u0131yor, ba\u015fkas\u0131ndan yard\u0131m istiyordum. Bir yere giderken de insanlara sormaktan b\u0131km\u0131\u015ft\u0131m. B\u00f6yle bir imk\u00e2n olunca hemen geldik ve \u00e7ok iyi oldu. \u015eimdi bir yere giderken kimseye sormuyorum. \u00c7ok g\u00fczel bir duygu. Benim gibi insanlara \u00e7a\u011fr\u0131m, evde oturmaktansa b\u00f6yle yerlere gelsinler\u201d \u015feklinde konu\u015ftu.<br \/>\n\u201cOkuma yazmay\u0131 \u00f6\u011frenince kendimi ku\u015f gibi hissettim\u201d<br \/>\nBir tan\u0131d\u0131klar\u0131 vesilesiyle k\u00fclt\u00fcr sanat evinde okuma yazma e\u011fitimine geldiklerini ifade eden \u0130sa \u015eerbet\u00e7i ise; \u201c\u0130yi ki gelmi\u015fiz ve kursa ba\u015flam\u0131\u015f\u0131z. \u00c7\u00fcnk\u00fc benim i\u00e7in \u00e7ok iyi oldu. Okuma-yazma bilmedi\u011fim i\u00e7in zor anlar ya\u015f\u0131yordum. Tabi eski \u015fartlarda okuma-yazma \u015fans\u0131m\u0131z pek yoktu. \u015eimdi ise Allah devletimizden raz\u0131 olsun, t\u00fcm imk\u00e2nlar\u0131 sa\u011fl\u0131yor. Okuma-yazmay\u0131 \u00f6\u011frenince kendimi adeta ku\u015f gibi hissettim. Bir yere gitti\u011fim zaman art\u0131k \u2018buras\u0131 neresi, ben \u015furaya gidece\u011fim, \u015furaya nas\u0131l gidebilirim\u2019 diye sormuyorum, kendim bulabiliyorum. Okuman\u0131n ya\u015f\u0131 yok, okursan muhakkak kazan\u0131rs\u0131n. Biz de b\u00f6yle bir hedef belirledik ve o hedefi \u00e7ok \u015f\u00fck\u00fcr ge\u00e7tik. Bizim gibi insanlar bu t\u00fcr kurslara gelsinler\u201d diye konu\u015ftu.<\/p>\n","protected":false},"excerpt":{"rendered":"<p>Akdeniz Belediye Ba\u015fkan\u0131 G\u00fcltak, \u00d6zg\u00fcrl\u00fck Mahallesi K\u00fclt\u00fcr ve Sanat Evi\u2019nde verilen kursa ayn\u0131 s\u0131rada kat\u0131larak okuma-yazma \u00f6\u011frenen \u0130sa ve Zehra \u015eerbet\u00e7i \u00e7iftini ziyaret etti. \u00d6\u011frenmenin ya\u015f\u0131n\u0131n olmad\u0131\u011f\u0131n\u0131 g\u00f6steren ve herkese &hellip; <a href=\"https:\/\/akdenizolaygazetesi.com\/?p=26206\" class=\"more-link\">Devam\u0131n\u0131 Oku&#8230;<\/a><\/p>\n","protected":false},"author":2,"featured_media":26207,"comment_status":"open","ping_status":"open","sticky":false,"template":"","format":"standard","meta":[],"categories":[2,3],"tags":[],"_links":{"self":[{"href":"https:\/\/akdenizolaygazetesi.com\/index.php?rest_route=\/wp\/v2\/posts\/26206"}],"collection":[{"href":"https:\/\/akdenizolaygazetesi.com\/index.php?rest_route=\/wp\/v2\/posts"}],"about":[{"href":"https:\/\/akdenizolaygazetesi.com\/index.php?rest_route=\/wp\/v2\/types\/post"}],"author":[{"embeddable":true,"href":"https:\/\/akdenizolaygazetesi.com\/index.php?rest_route=\/wp\/v2\/users\/2"}],"replies":[{"embeddable":true,"href":"https:\/\/akdenizolaygazetesi.com\/index.php?rest_route=%2Fwp%2Fv2%2Fcomments&post=26206"}],"version-history":[{"count":1,"href":"https:\/\/akdenizolaygazetesi.com\/index.php?rest_route=\/wp\/v2\/posts\/26206\/revisions"}],"predecessor-version":[{"id":26208,"href":"https:\/\/akdenizolaygazetesi.com\/index.php?rest_route=\/wp\/v2\/posts\/26206\/revisions\/26208"}],"wp:featuredmedia":[{"embeddable":true,"href":"https:\/\/akdenizolaygazetesi.com\/index.php?rest_route=\/wp\/v2\/media\/26207"}],"wp:attachment":[{"href":"https:\/\/akdenizolaygazetesi.com\/index.php?rest_route=%2Fwp%2Fv2%2Fmedia&parent=26206"}],"wp:term":[{"taxonomy":"category","embeddable":true,"href":"https:\/\/akdenizolaygazetesi.com\/index.php?rest_route=%2Fwp%2Fv2%2Fcategories&post=26206"},{"taxonomy":"post_tag","embeddable":true,"href":"https:\/\/akdenizolaygazetesi.com\/index.php?rest_route=%2Fwp%2Fv2%2Ftags&post=26206"}],"curies":[{"name":"wp","href":"https:\/\/api.w.org\/{rel}","templated":true}]}}