{"id":26215,"date":"2023-06-06T16:15:05","date_gmt":"2023-06-06T13:15:05","guid":{"rendered":"http:\/\/akdenizolaygazetesi.com\/?p=26215"},"modified":"2023-06-06T16:15:05","modified_gmt":"2023-06-06T13:15:05","slug":"tortek-turk-halk-muzigi-korosu-buyuk-begeni-topladi","status":"publish","type":"post","link":"https:\/\/akdenizolaygazetesi.com\/?p=26215","title":{"rendered":"TORTEK T\u00dcRK HALK M\u00dcZ\u0130\u011e\u0130 KOROSU B\u00dcY\u00dcK BE\u011eEN\u0130 TOPLADI"},"content":{"rendered":"<p>Toroslar Belediyesinin, \u0130l\u00e7e Halk E\u011fitim Merkezi i\u015fbirli\u011finde d\u00fczenledi\u011fi T\u00fcrk Halk M\u00fczi\u011fi Kursu&#8217;na kat\u0131lan kursiyerlerden olu\u015fan koro, sanatseverlerle bulu\u015ftu.<\/p>\n<p>Orkestra ve koroda yer alan kursiyerlerin; kurs \u00f6\u011fretmeni Ahmet \u00d6zer \u015eefli\u011finde yorumlad\u0131klar\u0131 birbirinden g\u00fczel eserler b\u00fcy\u00fck be\u011feni toplad\u0131.<\/p>\n<p>48 bran\u015fta faaliyet g\u00f6steren Toroslar Belediyesi Teknik ve Mesleki E\u011fitim Kurslar\u0131 Merkezi (TORTEK) b\u00fcnyesindeki T\u00fcrk Halk M\u00fczi\u011fi Kursu&#8217;na kat\u0131lan kursiyerler, performanslar\u0131yla seyircilerden tam not almay\u0131 ba\u015fard\u0131.<\/p>\n<p>T\u00fcrk Halk M\u00fczi\u011finin se\u00e7kin eserlerini seslendiren koro, kat\u0131l\u0131mc\u0131lara m\u00fczik ziyafeti ya\u015fatt\u0131. Yunus Emre K\u00fclt\u00fcr Merkezinde ger\u00e7ekle\u015fen program, plaket takdimi ile son buldu.<\/p>\n<p>BA\u015eKAN YILMAZ; &#8220;SANATIN ve SANAT\u00c7ININ HER ZAMAN YANINDAYIZ&#8221;<\/p>\n<p>Toroslar Belediye Ba\u015fkan\u0131 Ats\u0131z Af\u015f\u0131n Y\u0131lmaz, Toroslar Halk E\u011fitim Merkezi i\u015fbirli\u011finde d\u00fczenledikleri T\u00fcrk Halk M\u00fczi\u011fi Kursu&#8217;na kat\u0131lan t\u00fcm kursiyerleri tebrik etti.<\/p>\n<p>Sosyal ve k\u00fclt\u00fcrel anlamda bir\u00e7ok \u00f6nemli projeyi hayata ge\u00e7irdiklerini kaydeden Ba\u015fkan Y\u0131lmaz; &#8220;K\u00fclt\u00fcr ve sanatla geli\u015fen Toroslar hedefiyle s\u00fcrd\u00fcrd\u00fc\u011f\u00fcm\u00fcz bu \u00e7al\u0131\u015fmalar\u0131n meyvesini almak bizleri olduk\u00e7a mutlu ediyor. TORTEK b\u00fcnyesinde a\u00e7t\u0131\u011f\u0131m\u0131z T\u00fcrk Halk M\u00fczi\u011fi Kursu&#8217;na kat\u0131lan kursiyerlerimizi, bu g\u00fczel performanslar\u0131 dolay\u0131s\u0131yla kutluyorum. TORTEK Merkezimiz ile \u00f6zellikle k\u00fclt\u00fcrel de\u011ferlerimizi, unutulmaya y\u00fcz tutmu\u015f sanat eserlerimizi ya\u015fatmaya \u00f6nem veriyoruz. Biz, b\u00fcy\u00fck bir aileyiz. Sanat\u0131n ve sanat\u00e7\u0131n\u0131n yan\u0131nda olmaya devam edece\u011fiz&#8221; \u015feklinde konu\u015ftu.<\/p>\n","protected":false},"excerpt":{"rendered":"<p>Toroslar Belediyesinin, \u0130l\u00e7e Halk E\u011fitim Merkezi i\u015fbirli\u011finde d\u00fczenledi\u011fi T\u00fcrk Halk M\u00fczi\u011fi Kursu&#8217;na kat\u0131lan kursiyerlerden olu\u015fan koro, sanatseverlerle bulu\u015ftu. Orkestra ve koroda yer alan kursiyerlerin; kurs \u00f6\u011fretmeni Ahmet \u00d6zer \u015eefli\u011finde yorumlad\u0131klar\u0131 &hellip; <a href=\"https:\/\/akdenizolaygazetesi.com\/?p=26215\" class=\"more-link\">Devam\u0131n\u0131 Oku&#8230;<\/a><\/p>\n","protected":false},"author":2,"featured_media":26216,"comment_status":"open","ping_status":"open","sticky":false,"template":"","format":"standard","meta":[],"categories":[34,2,3],"tags":[],"_links":{"self":[{"href":"https:\/\/akdenizolaygazetesi.com\/index.php?rest_route=\/wp\/v2\/posts\/26215"}],"collection":[{"href":"https:\/\/akdenizolaygazetesi.com\/index.php?rest_route=\/wp\/v2\/posts"}],"about":[{"href":"https:\/\/akdenizolaygazetesi.com\/index.php?rest_route=\/wp\/v2\/types\/post"}],"author":[{"embeddable":true,"href":"https:\/\/akdenizolaygazetesi.com\/index.php?rest_route=\/wp\/v2\/users\/2"}],"replies":[{"embeddable":true,"href":"https:\/\/akdenizolaygazetesi.com\/index.php?rest_route=%2Fwp%2Fv2%2Fcomments&post=26215"}],"version-history":[{"count":1,"href":"https:\/\/akdenizolaygazetesi.com\/index.php?rest_route=\/wp\/v2\/posts\/26215\/revisions"}],"predecessor-version":[{"id":26217,"href":"https:\/\/akdenizolaygazetesi.com\/index.php?rest_route=\/wp\/v2\/posts\/26215\/revisions\/26217"}],"wp:featuredmedia":[{"embeddable":true,"href":"https:\/\/akdenizolaygazetesi.com\/index.php?rest_route=\/wp\/v2\/media\/26216"}],"wp:attachment":[{"href":"https:\/\/akdenizolaygazetesi.com\/index.php?rest_route=%2Fwp%2Fv2%2Fmedia&parent=26215"}],"wp:term":[{"taxonomy":"category","embeddable":true,"href":"https:\/\/akdenizolaygazetesi.com\/index.php?rest_route=%2Fwp%2Fv2%2Fcategories&post=26215"},{"taxonomy":"post_tag","embeddable":true,"href":"https:\/\/akdenizolaygazetesi.com\/index.php?rest_route=%2Fwp%2Fv2%2Ftags&post=26215"}],"curies":[{"name":"wp","href":"https:\/\/api.w.org\/{rel}","templated":true}]}}