{"id":26218,"date":"2023-06-07T12:51:44","date_gmt":"2023-06-07T09:51:44","guid":{"rendered":"http:\/\/akdenizolaygazetesi.com\/?p=26218"},"modified":"2023-06-07T12:51:44","modified_gmt":"2023-06-07T09:51:44","slug":"mersin-buyuksehirle-tertemiz","status":"publish","type":"post","link":"https:\/\/akdenizolaygazetesi.com\/?p=26218","title":{"rendered":"MERS\u0130N, B\u00dcY\u00dcK\u015eEH\u0130R&#8217;LE TERTEM\u0130Z"},"content":{"rendered":"<p>Mersin B\u00fcy\u00fck\u015fehir Belediyesi taraf\u0131ndan, \u00c7evre Haftas\u0131 kapsam\u0131nda, g\u00f6n\u00fcll\u00fclerin kat\u0131l\u0131m\u0131yla birlikte sahil temizli\u011fi ger\u00e7ekle\u015ftirildi. B\u00fcy\u00fck\u015fehir Belediyesi Kad\u0131n ve Aile Hizmetleri Dairesi Ba\u015fkanl\u0131\u011f\u0131 ile \u00c7evre Koruma ve Kontrol Dairesi Ba\u015fkanl\u0131\u011f\u0131&#8217;n\u0131n organizasyonunda Yeni\u015fehir il\u00e7esinde bulunan Hilton Oteli sahilinde ger\u00e7ekle\u015fen etkinli\u011fe, bisiklet dernek ve topluluklar\u0131 ile \u00e7ok say\u0131da g\u00f6n\u00fcll\u00fc kat\u0131ld\u0131. Ellerinde \u00e7\u00f6p po\u015fetleri ile sahil boyunca \u00e7\u00f6pleri toplayan \u00e7evre g\u00f6n\u00fcll\u00fcleri, &#8216;\u00c7evremizi Temiz Tutal\u0131m&#8217; mesaj\u0131 verdi.<\/p>\n<p>Kaya: &#8220;Bu i\u015fin bir par\u00e7as\u0131 oldu\u011fumuz i\u00e7in \u00e7ok mutluyuz&#8221;<br \/>\nBisikletli kad\u0131nlar ve erkeklerle birlikte \u00c7evre Haftas\u0131 kapsam\u0131nda \u00e7evre temizli\u011fi \u00e7al\u0131\u015fmas\u0131 y\u00fcr\u00fctt\u00fcklerini ve kat\u0131l\u0131m oran\u0131n\u0131n gayet y\u00fcksek oldu\u011funu belirten Kad\u0131n ve Aile Hizmetleri Dairesi Ba\u015fkanl\u0131\u011f\u0131&#8217;ndan Sosyolog Ba\u015fak Kaya, &#8220;Mersin hepimizin \u015fehri ve bu \u015fehri korumak hepimizin sorumlulu\u011funda. Bisikletli kad\u0131nlar da bu konuda duyarl\u0131l\u0131klar\u0131n\u0131 g\u00f6stererek, b\u00f6yle bir organizasyon i\u00e7inde yer almak istediler.  Bizler de bu i\u015fin bir par\u00e7as\u0131 oldu\u011fumuz i\u00e7in \u00e7ok mutluyuz&#8221; dedi.<\/p>\n<p>Boyraz: &#8220;Fark\u0131ndal\u0131k yaratmak i\u00e7in kumsal\u0131 temizlemeye geldik&#8221;<br \/>\n\u00c7evre Koruma ve Kontrol Dairesi Ba\u015fkanl\u0131\u011f\u0131&#8217;nda Denetimci olarak g\u00f6rev yapan \u00d6zcan Boyraz ise, \u00c7evre Haftas\u0131 kapsam\u0131nda karbon ayak izini azaltmak i\u00e7in temizlik etkinli\u011fi ger\u00e7ekle\u015ftirdiklerini aktararak, &#8220;Bisikletli STK&#8217;lar\u0131 davet ettik, onlar da i\u015ftirak etti. Beraber bir fark\u0131ndal\u0131k yaratmak i\u00e7in, Hilton&#8217;un arkas\u0131nda kalan kumsal\u0131 temizlemeye geldik. Bisikletleri kullanmam\u0131zdaki ama\u00e7, karbon sal\u0131n\u0131m\u0131n\u0131 minimuma indirmek. Bu kapsamda da m\u00fcmk\u00fcn oldu\u011funca, belediye olarak bisiklet kullan\u0131m\u0131n\u0131 te\u015fvik etmeye \u00e7al\u0131\u015f\u0131yoruz&#8221; diye konu\u015ftu.<\/p>\n<p>Erol: &#8220;Etkinlik \u00e7ok g\u00fczel, ke\u015fke her zaman olsa&#8221;<br \/>\nTemizlik etkinli\u011fine kat\u0131lan Mersin Bisikletli Kad\u0131nlar Toplulu\u011fu&#8217;ndan Cennet Erol, B\u00fcy\u00fck\u015fehir taraf\u0131ndan yap\u0131lan fark\u0131ndal\u0131k etkinli\u011fine kat\u0131ld\u0131\u011f\u0131 i\u00e7in \u00e7ok mutlu oldu\u011funu vurgulad\u0131. Erol, &#8220;\u0130nsanlar \u00e7\u00f6p\u00fc yere atmasalar, bu kadar temizli\u011fe ihtiya\u00e7 kalmaz. Yapacak bir \u015fey yok. Biz de onlara \u00f6rnek olmak i\u00e7in temizlik yap\u0131yoruz. Etkinlik \u00e7ok g\u00fczel, her yer tertemiz olsa ke\u015fke&#8221; ifadelerini kulland\u0131.<\/p>\n<p>Minker: &#8220;Herkes \u00e7evreye \u00e7\u00f6p atmasa b\u00f6yle olmaz&#8221;<br \/>\nMersin Bisikletli Kad\u0131nlar Toplulu\u011fu&#8217;ndan T\u00fclin Minker ise, \u00e7evreye katk\u0131 sunabilmek i\u00e7in etkinli\u011fe kat\u0131ld\u0131\u011f\u0131n\u0131 s\u00f6yledi. B\u00fcy\u00fck\u015fehir&#8217;in \u00e7evre bilinci olu\u015fturan etkinliklerini \u00e7ok be\u011fendi\u011fini belirten Minker, &#8220;Hem bisikletli kad\u0131nlara destek olmas\u0131, hem de \u00e7evre konusunda duyarl\u0131 olmas\u0131 \u00e7ok g\u00fczel&#8221; dedi. \u00c7evre Haftas\u0131 ile ilgili mesaj\u0131n\u0131 da payla\u015fan Minker, &#8220;Herkes \u00e7evreye \u00e7\u00f6p atmasa b\u00f6yle olmaz. Nas\u0131l bulmak istiyorsan, \u00f6yle b\u0131rakacaks\u0131n&#8221; diye konu\u015ftu.<\/p>\n<p>Bilen: &#8220;D\u00fcnyaya dostluk yapal\u0131m, temiz bir \u00e7evre b\u0131rakal\u0131m&#8221;<br \/>\nEtkinli\u011fe kat\u0131lan g\u00f6n\u00fcll\u00fclerden \u00c7i\u011fdem Bilen de, &#8220;Do\u011fa dostu olarak \u00fclkeye ve d\u00fcnyaya dostluk yapal\u0131m, temiz bir \u00e7evre b\u0131rakal\u0131m. Nas\u0131l g\u00f6rmek istiyorsak o \u015fekilde b\u0131rakman\u0131n \u00e7ok do\u011fru olaca\u011f\u0131n\u0131 d\u00fc\u015f\u00fcn\u00fcyorum&#8221; ifadelerini kulland\u0131. B\u00fcy\u00fck\u015fehir Belediye Ba\u015fkan\u0131 Vahap Se\u00e7er&#8217;in \u00e7evre konusundaki duyarl\u0131l\u0131\u011f\u0131n\u0131 \u00e7ok takdir etti\u011fini de vurgulayan Bilen, &#8220;\u0130yi bir belediye ba\u015fkan\u0131, \u00e7evreci ve verimli. Her a\u00e7\u0131dan \u00e7ok memnunuz kendisinden. Daima halk\u0131n yan\u0131nda. \u00d6zellikle biz kad\u0131nlar\u0131 \u00e7ok destekledi\u011fini g\u00f6r\u00fcyorum. Onlar desteledik\u00e7e, biz de birlikte hareket ediyoruz&#8221; dedi.<\/p>\n<p>Birke: &#8220;\u00c7evreyi \u00e7ok seviyoruz&#8221;<br \/>\nBisikopat Kad\u0131nlar&#8217;dan Zeynep Birke ise, &#8220;\u00c7evreyi \u00e7ok seviyoruz. Bisiklet s\u00fcrmeyi \u00e7ok seviyoruz. Do\u011fay\u0131 temiz tutmay\u0131 \u00e7ok seviyoruz. Bug\u00fcn o y\u00fczden geldik buraya. Sahildeki \u00e7\u00f6pleri temizliyoruz&#8221; ifadelerini kulland\u0131. B\u00fcy\u00fck\u015fehir&#8217;in etkinliklerini de\u011ferlendiren Birke, &#8220;\u00c7ok be\u011feniyorum. Etkinliklerden etkinliklere ko\u015fturuyorum, yeti\u015femiyorum. \u00c7ok faydal\u0131 buluyorum, devam\u0131n\u0131 istiyorum&#8221; diye konu\u015ftu.<\/p>\n<p>Temizlik etkinli\u011finin ard\u0131ndan Kad\u0131n ve Aile Hizmetleri Dairesi Ba\u015fkanl\u0131\u011f\u0131 taraf\u0131ndan Etkinlik ve G\u00f6steri Merkezi&#8217;ne ge\u00e7en bisikletli kad\u0131nlar ve g\u00f6n\u00fcll\u00fcler, burada kahvalt\u0131 etkinli\u011finde bulu\u015ftu. Etkinlik, &#8216;Bisikletli Kad\u0131nlar Dura\u011f\u0131&#8217; \u00f6n\u00fcnde hat\u0131ra foto\u011fraf\u0131 \u00e7ekilmesinin ard\u0131ndan sona erdi.<\/p>\n","protected":false},"excerpt":{"rendered":"<p>Mersin B\u00fcy\u00fck\u015fehir Belediyesi taraf\u0131ndan, \u00c7evre Haftas\u0131 kapsam\u0131nda, g\u00f6n\u00fcll\u00fclerin kat\u0131l\u0131m\u0131yla birlikte sahil temizli\u011fi ger\u00e7ekle\u015ftirildi. B\u00fcy\u00fck\u015fehir Belediyesi Kad\u0131n ve Aile Hizmetleri Dairesi Ba\u015fkanl\u0131\u011f\u0131 ile \u00c7evre Koruma ve Kontrol Dairesi Ba\u015fkanl\u0131\u011f\u0131&#8217;n\u0131n organizasyonunda Yeni\u015fehir &hellip; <a href=\"https:\/\/akdenizolaygazetesi.com\/?p=26218\" class=\"more-link\">Devam\u0131n\u0131 Oku&#8230;<\/a><\/p>\n","protected":false},"author":2,"featured_media":26219,"comment_status":"open","ping_status":"open","sticky":false,"template":"","format":"standard","meta":[],"categories":[2,3],"tags":[],"_links":{"self":[{"href":"https:\/\/akdenizolaygazetesi.com\/index.php?rest_route=\/wp\/v2\/posts\/26218"}],"collection":[{"href":"https:\/\/akdenizolaygazetesi.com\/index.php?rest_route=\/wp\/v2\/posts"}],"about":[{"href":"https:\/\/akdenizolaygazetesi.com\/index.php?rest_route=\/wp\/v2\/types\/post"}],"author":[{"embeddable":true,"href":"https:\/\/akdenizolaygazetesi.com\/index.php?rest_route=\/wp\/v2\/users\/2"}],"replies":[{"embeddable":true,"href":"https:\/\/akdenizolaygazetesi.com\/index.php?rest_route=%2Fwp%2Fv2%2Fcomments&post=26218"}],"version-history":[{"count":1,"href":"https:\/\/akdenizolaygazetesi.com\/index.php?rest_route=\/wp\/v2\/posts\/26218\/revisions"}],"predecessor-version":[{"id":26220,"href":"https:\/\/akdenizolaygazetesi.com\/index.php?rest_route=\/wp\/v2\/posts\/26218\/revisions\/26220"}],"wp:featuredmedia":[{"embeddable":true,"href":"https:\/\/akdenizolaygazetesi.com\/index.php?rest_route=\/wp\/v2\/media\/26219"}],"wp:attachment":[{"href":"https:\/\/akdenizolaygazetesi.com\/index.php?rest_route=%2Fwp%2Fv2%2Fmedia&parent=26218"}],"wp:term":[{"taxonomy":"category","embeddable":true,"href":"https:\/\/akdenizolaygazetesi.com\/index.php?rest_route=%2Fwp%2Fv2%2Fcategories&post=26218"},{"taxonomy":"post_tag","embeddable":true,"href":"https:\/\/akdenizolaygazetesi.com\/index.php?rest_route=%2Fwp%2Fv2%2Ftags&post=26218"}],"curies":[{"name":"wp","href":"https:\/\/api.w.org\/{rel}","templated":true}]}}