{"id":26221,"date":"2023-06-07T12:53:58","date_gmt":"2023-06-07T09:53:58","guid":{"rendered":"http:\/\/akdenizolaygazetesi.com\/?p=26221"},"modified":"2023-06-07T12:53:58","modified_gmt":"2023-06-07T09:53:58","slug":"tarih-doga-ve-spor-kilikya-ultra-maratonunda-bulusuyor","status":"publish","type":"post","link":"https:\/\/akdenizolaygazetesi.com\/?p=26221","title":{"rendered":"TAR\u0130H, DO\u011eA VE SPOR, K\u0130L\u0130KYA ULTRA MARATONU&#8217;NDA BULU\u015eUYOR"},"content":{"rendered":"<p>Mersin B\u00fcy\u00fck\u015fehir Belediyesi, ge\u00e7en sene ilkini ger\u00e7ekle\u015ftirdi\u011fi &#8216;Kilikya Ultra Maratonu&#8217;nun bu sene ikincisini ger\u00e7ekle\u015ftiriyor. Gen\u00e7lik ve Spor Hizmetleri Dairesi taraf\u0131ndan d\u00fczenlenen ve haz\u0131rl\u0131klar\u0131 tamamlanan Kilikya Ultra Maratonu, bu y\u0131l uluslararas\u0131 d\u00fczeyde olacak ve 9-10 Haziran&#8217;da K\u0131zkalesi&#8217;nde ger\u00e7ekle\u015fecek.<br \/>\nKilikya Ultra Maratonu ile Mersin&#8217;in k\u00fclt\u00fcrel ve do\u011fal miras\u0131n\u0131 spor arac\u0131l\u0131\u011f\u0131yla tan\u0131tmak ama\u00e7lan\u0131rken; kat\u0131l\u0131m sa\u011flayan t\u00fcm sporcular tarih, do\u011fa ve sporun i\u00e7 i\u00e7e oldu\u011fu bir yar\u0131\u015fta bir araya gelecek. Yar\u0131\u015fmada 7, 15, 33 ve 54 kilometre olmak \u00fczere 4 farkl\u0131 etapta parkur olacak. Maratonda; k\u00fclt\u00fcr, do\u011fa ve spor turizminin birlikteli\u011fi ile sahilden tepelere kadar \u015fehrin tarihi dokular\u0131 tan\u0131t\u0131lacak.<br \/>\nTa\u015fk\u0131n: &#8220;2023 y\u0131l\u0131 i\u00e7inde 7 adet uluslararas\u0131 organizasyonumuz olacak&#8221;<br \/>\nMersin B\u00fcy\u00fck\u015fehir Belediyesi&#8217;nin, 2023 y\u0131l\u0131 i\u00e7erisinde 7 adet uluslararas\u0131 organizasyonu oldu\u011funu ve bunlar\u0131n\u0131n ilkinin 10 Haziran&#8217;da K\u0131zkalesi&#8217;nde yap\u0131lacak olan Kilikya Ultra Maratonu ile ba\u015flayaca\u011f\u0131n\u0131 ifade eden Gen\u00e7lik ve Spor Hizmetleri Dairesi Ba\u015fkan\u0131 Emrullah Ta\u015fk\u0131n, &#8220;Ge\u00e7en sene ilkini yapt\u0131\u011f\u0131m\u0131z Kilikya Ultra Maratonu&#8217;nun, bu y\u0131l ikincisini uluslararas\u0131 d\u00fczeyde yap\u0131yoruz. 9 Haziran&#8217;da K\u0131zkalesi&#8217;nde bir fuar\u0131m\u0131z olacak. 10 Haziran&#8217;da da ayn\u0131 yerde yar\u0131\u015flar yap\u0131lacak. Yar\u0131\u015flar 7, 15, 33 ve 54 kilometrelik d\u00f6rt farkl\u0131 etaptan olu\u015fuyor&#8221; dedi. Yar\u0131\u015flara ilginin fazla oldu\u011funu ve \u015fu ana kadar kat\u0131l\u0131m say\u0131s\u0131n\u0131n 500&#8217;\u00fc buldu\u011funu belirten Ta\u015fk\u0131n, &#8220;Toplam 700-750 civar\u0131nda bir sporcunun kat\u0131l\u0131m\u0131n\u0131 bekliyoruz. Biz bu organizasyona b\u00fct\u00fcn Mersinli sporseverleri davet ediyoruz. 9 ve 10 Haziran tarihlerinde, Mersin B\u00fcy\u00fck\u015fehir Belediyesi&#8217;nin b\u00fcy\u00fck bir etkinli\u011fi K\u0131zkalesi&#8217;nde ba\u015flam\u0131\u015f olacak ve ayn\u0131 zamanda di\u011fer etkinliklerimizin de start\u0131n\u0131 vermi\u015f olaca\u011f\u0131z&#8221; dedi.  <\/p>\n","protected":false},"excerpt":{"rendered":"<p>Mersin B\u00fcy\u00fck\u015fehir Belediyesi, ge\u00e7en sene ilkini ger\u00e7ekle\u015ftirdi\u011fi &#8216;Kilikya Ultra Maratonu&#8217;nun bu sene ikincisini ger\u00e7ekle\u015ftiriyor. Gen\u00e7lik ve Spor Hizmetleri Dairesi taraf\u0131ndan d\u00fczenlenen ve haz\u0131rl\u0131klar\u0131 tamamlanan Kilikya Ultra Maratonu, bu y\u0131l uluslararas\u0131 &hellip; <a href=\"https:\/\/akdenizolaygazetesi.com\/?p=26221\" class=\"more-link\">Devam\u0131n\u0131 Oku&#8230;<\/a><\/p>\n","protected":false},"author":2,"featured_media":26222,"comment_status":"open","ping_status":"open","sticky":false,"template":"","format":"standard","meta":[],"categories":[7,2,3,10],"tags":[],"_links":{"self":[{"href":"https:\/\/akdenizolaygazetesi.com\/index.php?rest_route=\/wp\/v2\/posts\/26221"}],"collection":[{"href":"https:\/\/akdenizolaygazetesi.com\/index.php?rest_route=\/wp\/v2\/posts"}],"about":[{"href":"https:\/\/akdenizolaygazetesi.com\/index.php?rest_route=\/wp\/v2\/types\/post"}],"author":[{"embeddable":true,"href":"https:\/\/akdenizolaygazetesi.com\/index.php?rest_route=\/wp\/v2\/users\/2"}],"replies":[{"embeddable":true,"href":"https:\/\/akdenizolaygazetesi.com\/index.php?rest_route=%2Fwp%2Fv2%2Fcomments&post=26221"}],"version-history":[{"count":1,"href":"https:\/\/akdenizolaygazetesi.com\/index.php?rest_route=\/wp\/v2\/posts\/26221\/revisions"}],"predecessor-version":[{"id":26223,"href":"https:\/\/akdenizolaygazetesi.com\/index.php?rest_route=\/wp\/v2\/posts\/26221\/revisions\/26223"}],"wp:featuredmedia":[{"embeddable":true,"href":"https:\/\/akdenizolaygazetesi.com\/index.php?rest_route=\/wp\/v2\/media\/26222"}],"wp:attachment":[{"href":"https:\/\/akdenizolaygazetesi.com\/index.php?rest_route=%2Fwp%2Fv2%2Fmedia&parent=26221"}],"wp:term":[{"taxonomy":"category","embeddable":true,"href":"https:\/\/akdenizolaygazetesi.com\/index.php?rest_route=%2Fwp%2Fv2%2Fcategories&post=26221"},{"taxonomy":"post_tag","embeddable":true,"href":"https:\/\/akdenizolaygazetesi.com\/index.php?rest_route=%2Fwp%2Fv2%2Ftags&post=26221"}],"curies":[{"name":"wp","href":"https:\/\/api.w.org\/{rel}","templated":true}]}}