{"id":26233,"date":"2023-06-07T16:54:55","date_gmt":"2023-06-07T13:54:55","guid":{"rendered":"http:\/\/akdenizolaygazetesi.com\/?p=26233"},"modified":"2023-06-07T16:54:55","modified_gmt":"2023-06-07T13:54:55","slug":"toroslarda-hayat-boyu-ogrenme-haftasi-coskuyla-kutlandi","status":"publish","type":"post","link":"https:\/\/akdenizolaygazetesi.com\/?p=26233","title":{"rendered":"TOROSLAR&#8217;DA HAYAT BOYU \u00d6\u011eRENME HAFTASI CO\u015eKUYLA KUTLANDI"},"content":{"rendered":"<p>Toroslar Belediyesi Teknik ve Mesleki E\u011fitim Kurslar\u0131 (TORTEK) Merkezi&#8217;nde 48 bran\u015fta e\u011fitim g\u00f6ren 974 kursiyer, Hayat Boyu \u00d6\u011frenme Haftas\u0131 etkinlikleri kapsam\u0131nda h\u00fcnerlerini sergiledi.<\/p>\n<p>Geleneksel k\u0131yafetlerin ve bir\u00e7ok \u00fcr\u00fcn\u00fcn\u00fcn g\u00f6r\u00fcc\u00fcye \u00e7\u0131kt\u0131\u011f\u0131 etkinlikte, &#8220;Anadolu Sel\u00e7uklu&#8217;dan Cumhuriyet&#8217;e&#8221; temal\u0131 defile, b\u00fcy\u00fck be\u011feni toplad\u0131. Defilede boy g\u00f6steren kursiyer ve e\u011fitmenlerin sa\u00e7 ve makyajlar\u0131n\u0131 da TORTEK b\u00fcnyesindeki Kuaf\u00f6rl\u00fck ve Sa\u00e7 Bak\u0131m\u0131 Yap\u0131m\u0131 Kursu&#8217;nda e\u011fitim g\u00f6ren kursiyerler yapt\u0131.<\/p>\n<p>Osmaniye Mahallesindeki semt sahas\u0131nda Hayat Boyu \u00d6\u011frenme Haftas\u0131 kapsam\u0131nda d\u00fczenlenen etkinlik, 7&#8217;den 70&#8217;e yo\u011fun ilgi g\u00f6rd\u00fc.<\/p>\n<p>Toroslar Belediye Ba\u015fkan\u0131 Ats\u0131z Af\u015f\u0131n Y\u0131lmaz, etkinli\u011fe katk\u0131 sunan ve kurslar\u0131 ba\u015far\u0131yla tamamlayan kursiyerlere belgelerini takdim ederek, te\u015fekk\u00fcr etti.<\/p>\n<p>Programa; MHP Toroslar \u0130l\u00e7e Ba\u015fkan\u0131 H\u00fcsn\u00fc Do\u011fan, Toroslar \u00dclk\u00fc Ocaklar\u0131 Ba\u015fkan\u0131 Yunus Emre Tugay, MHP Toroslar KA\u00c7EP Ba\u015fkan\u0131 Nil\u00fcfer Temiz, AK Parti Toroslar Kad\u0131n Kollar\u0131 Ba\u015fkan\u0131 Nalan Erden, Mersin \u0130nternet Gazetecileri Derne\u011fi Ba\u015fkan\u0131 Vahap \u015eehito\u011flu ve y\u00f6netim kurulu \u00fcyeleri, Belediye Meclis \u00dcyeleri, mahalle muhtarlar\u0131, kursiyerler ve \u00e7ok say\u0131da vatanda\u015f kat\u0131ld\u0131.<\/p>\n<p>SERG\u0130LER, WORKSHOP, AT\u00d6LYELER, DEF\u0130LE \u0130LE E\u011e\u0130T\u0130M ve \u00dcRET\u0130M\u0130N EN G\u00dcZEL \u00d6RNEKLER\u0130 SUNULDU&#8221;<\/p>\n<p>Toroslar Belediyesi Teknik ve Mesleki E\u011fitim Kurslar\u0131&#8217;nda  (TORTEK) 48 bran\u015fta e\u011fitim g\u00f6ren 974 kursiyerin el eme\u011fi g\u00f6z nuru ile haz\u0131rlad\u0131\u011f\u0131 \u00fcr\u00fcnlerin sergisi, yine \u00f6zenle dikilen geleneksel k\u0131yafetlerin defilesi ve workshop at\u00f6lye \u00e7al\u0131\u015fmalar\u0131 ile e\u011fitim ve \u00fcretimin en g\u00fczel \u00f6rne\u011fi Mersin&#8217;in Toroslar il\u00e7esinde ya\u015fand\u0131.<\/p>\n<p>Sayg\u0131 duru\u015fu ve \u0130stiklal Mar\u015f\u0131&#8217;n\u0131n okunmas\u0131n\u0131n ard\u0131ndan ba\u015flayan etkinlikte; \u00c7arpana ve Y\u00f6resel Dokuma, Ah\u015fap Yakma, Deri \u0130\u015flemecili\u011fi, Kordon ip ile ev aksesuarlar\u0131, Ka\u011f\u0131t ip ile \u00e7anta yap\u0131m\u0131 ve bran\u015f tan\u0131t\u0131mlar\u0131 da yap\u0131ld\u0131. \u00c7ocuklar ve vatanda\u015flar, Linol Bask\u0131 At\u00f6lyesi (Bez \u00e7anta \u00fczerine), \u00e7ocuk At\u00f6lyesi (Y\u00fcz Boyama-Resim Boyama) ve Ebru sanat\u0131 etkinliklerine de kat\u0131larak dolu dolu bir g\u00fcn ge\u00e7irdi.<\/p>\n<p>BA\u015eKAN YILMAZ; &#8220;GURUR DUYDUK&#8221;<\/p>\n<p>Sergi alanlar\u0131n\u0131 gezerek kursiyerlerin el eme\u011fi g\u00f6z nuru ile haz\u0131rlad\u0131klar\u0131 \u00fcr\u00fcnlerle gurur duyduklar\u0131n\u0131 belirten Ba\u015fkan Y\u0131lmaz, t\u00fcm kat\u0131l\u0131mc\u0131lara m\u00fcjde vererek; &#8220;\u00c7ok yak\u0131n zamanda TORTEK Merkezimizin bir sat\u0131\u015f yeri olacak. \u015eimdiden hay\u0131rl\u0131 u\u011furlu olsun&#8221; dedi.<\/p>\n<p>TORTEK b\u00fcnyesinde Hayat Boyu \u00d6\u011frenme Etkinliklerinin bu y\u0131l \u00fc\u00e7\u00fcnc\u00fcs\u00fcn\u00fc ger\u00e7ekle\u015ftirmenin mutlulu\u011funu ya\u015fad\u0131klar\u0131n\u0131 belirten Ba\u015fkan Y\u0131lmaz; &#8220;Bu y\u0131l, 48 bran\u015fta 974 kursiyerimiz e\u011fitim ald\u0131 ve kurslar\u0131n\u0131 ba\u015far\u0131yla tamamlad\u0131. T\u00fcm idareci arkada\u015flar\u0131ma, \u00f6\u011fretmenlerimize ve kursiyerlerimize \u00e7ok te\u015fekk\u00fcr ediyorum. Bu alanda herkesin y\u00fcz\u00fcn\u00fcn g\u00fcld\u00fc\u011f\u00fcn\u00fc, heyecanl\u0131 oldu\u011funu ve yapt\u0131klar\u0131 eserlerle gurur duyduklar\u0131n\u0131 g\u00f6rd\u00fcm. Biz de Toroslar Belediyesi olarak t\u00fcm kursiyerlerimizle gurur duyduk. Kursiyerlerimizin y\u00fcz\u00fcndeki g\u00fcl\u00fcmseme bizleri de mutlu etti. \u00c7ok farkl\u0131 bran\u015flarda e\u011fitim alan han\u0131mefendiler \u00fcrettikleri \u00fcr\u00fcnleri satarak ev ekonomilerine katk\u0131da bulunabiliyorlar. Biraz \u00f6nce talimatland\u0131rd\u0131k. \u00c7ok yak\u0131n zamanda TORTEK Merkezimizin bir sat\u0131\u015f yeri olacak in\u015fallah. Hay\u0131rl\u0131 u\u011furlu olsun&#8221; ifadelerini kulland\u0131.<\/p>\n<p>&#8220;KUAF\u00d6RL\u00dcK E\u011e\u0130T\u0130M\u0130 ALDI, USTA OLDU&#8221;<\/p>\n<p>TORTEK b\u00fcnyesindeki Kuaf\u00f6rl\u00fck ve Sa\u00e7 Bak\u0131m\u0131 Yap\u0131m\u0131 Kursu&#8217;nda ald\u0131\u011f\u0131 e\u011fitimin ard\u0131ndan mesleki yeterlilik kazanarak \u00e7\u0131rakl\u0131k, kalfal\u0131k ve ustal\u0131k belgelerini alarak i\u015f yerini a\u00e7an M\u00fcnevver Senem \u00c7\u00f6ken, kendilerine bu imkan\u0131 sunan Toroslar Belediye Ba\u015fkan\u0131 Ats\u0131z Af\u015f\u0131n Y\u0131lmaz&#8217;a te\u015fekk\u00fcr etti.<\/p>\n<p>\u00c7\u00f6ken; &#8220;Kursun ard\u0131ndan Toroslar Belediyemizin giri\u015fimcilik, finansal okuryazarl\u0131k ve giri\u015fimci kad\u0131n dan\u0131\u015fmanl\u0131k e\u011fitimlerini alarak kendi i\u015fimi kurmaya karar verdim. Ald\u0131\u011f\u0131m belgelerle i\u015fyerimi a\u00e7abilmem i\u00e7in ne yapmam gerekti\u011fini ve bu yolda ilerlememi sa\u011flayan kurs \u00f6\u011fretmenlerimin ve e\u011fitim koordinat\u00f6r\u00fcm\u00fcz\u00fcn yol g\u00f6stermesi ile \u00e7\u0131rakl\u0131k, kalfal\u0131k ve ustal\u0131k belgelerimi tamamlayarak i\u015f yerimi a\u00e7maya karar verdim. Osmaniye Mahallesi&#8217;nde Kuaf\u00f6r Senem olarak i\u015f yerimi a\u00e7t\u0131m. Bana bu f\u0131rsat\u0131 tan\u0131yan Toroslar Belediye Ba\u015fkan\u0131m\u0131z Say\u0131n Ats\u0131z Af\u015f\u0131n Y\u0131lmaz&#8217;a y\u00fcrekten te\u015fekk\u00fcr ediyorum&#8221; diye konu\u015ftu.<\/p>\n<p>Daha sonra Toroslar Belediye Ba\u015fkan\u0131 Ats\u0131z Af\u015f\u0131n Y\u0131lmaz, i\u015f yerini a\u00e7an kursiyer M\u00fcnevver Senem \u00c7\u00f6ken&#8217;e bir te\u015fekk\u00fcr plaketi sunarken, TORTEK T\u00fcrk Halk M\u00fczi\u011fi Kursu \u00f6\u011fretmeni Ahmet \u00d6zer de Ba\u015fkan Y\u0131lmaz&#8217;a desteklerinden dolay\u0131 bir plaket takdim etti.<\/p>\n<p>&#8220;\u00dcNL\u00dc MODACILARA TA\u015e \u00c7IKARDILAR&#8221;<\/p>\n<p>Toroslar Belediyesi Halk Oyunlar\u0131 ve Aerobik Kurslar\u0131n\u0131n dans g\u00f6sterisi ile devam eden Hayat Boyu \u00d6\u011frenme Haftas\u0131 etkinli\u011fi&#8217;nde, &#8220;Anadolu Sel\u00e7uklu&#8217;dan Cumhuriyet&#8217;e&#8221; temal\u0131 defile milli duygular\u0131 doruklara \u00e7\u0131kard\u0131.<\/p>\n<p>Geleneksel k\u0131yafetlerin yan\u0131 s\u0131ra T\u00fcrk Bayra\u011f\u0131 motif i\u015flemeli gelinlik ise kat\u0131l\u0131mc\u0131lardan tam not ald\u0131. 10.Y\u0131l ve \u0130zmir Mar\u015f\u0131 ile sahnede sergilenen bu \u00e7al\u0131\u015fma ayakta alk\u0131\u015fland\u0131.<\/p>\n<p>Toroslar Belediye Ba\u015fkan\u0131 Ats\u0131z Af\u015f\u0131n Y\u0131lmaz, e\u015fi Meltem Y\u0131lmaz ile birlikte sahneye \u00e7\u0131karak co\u015fkuya ortak oldu. Ba\u015fkan Y\u0131lmaz daha sonra kursiyerlerle hat\u0131ra foto\u011fraf\u0131 \u00e7ektirdi.<\/p>\n","protected":false},"excerpt":{"rendered":"<p>Toroslar Belediyesi Teknik ve Mesleki E\u011fitim Kurslar\u0131 (TORTEK) Merkezi&#8217;nde 48 bran\u015fta e\u011fitim g\u00f6ren 974 kursiyer, Hayat Boyu \u00d6\u011frenme Haftas\u0131 etkinlikleri kapsam\u0131nda h\u00fcnerlerini sergiledi. Geleneksel k\u0131yafetlerin ve bir\u00e7ok \u00fcr\u00fcn\u00fcn\u00fcn g\u00f6r\u00fcc\u00fcye \u00e7\u0131kt\u0131\u011f\u0131 &hellip; <a href=\"https:\/\/akdenizolaygazetesi.com\/?p=26233\" class=\"more-link\">Devam\u0131n\u0131 Oku&#8230;<\/a><\/p>\n","protected":false},"author":2,"featured_media":26234,"comment_status":"open","ping_status":"open","sticky":false,"template":"","format":"standard","meta":[],"categories":[8,3],"tags":[],"_links":{"self":[{"href":"https:\/\/akdenizolaygazetesi.com\/index.php?rest_route=\/wp\/v2\/posts\/26233"}],"collection":[{"href":"https:\/\/akdenizolaygazetesi.com\/index.php?rest_route=\/wp\/v2\/posts"}],"about":[{"href":"https:\/\/akdenizolaygazetesi.com\/index.php?rest_route=\/wp\/v2\/types\/post"}],"author":[{"embeddable":true,"href":"https:\/\/akdenizolaygazetesi.com\/index.php?rest_route=\/wp\/v2\/users\/2"}],"replies":[{"embeddable":true,"href":"https:\/\/akdenizolaygazetesi.com\/index.php?rest_route=%2Fwp%2Fv2%2Fcomments&post=26233"}],"version-history":[{"count":1,"href":"https:\/\/akdenizolaygazetesi.com\/index.php?rest_route=\/wp\/v2\/posts\/26233\/revisions"}],"predecessor-version":[{"id":26235,"href":"https:\/\/akdenizolaygazetesi.com\/index.php?rest_route=\/wp\/v2\/posts\/26233\/revisions\/26235"}],"wp:featuredmedia":[{"embeddable":true,"href":"https:\/\/akdenizolaygazetesi.com\/index.php?rest_route=\/wp\/v2\/media\/26234"}],"wp:attachment":[{"href":"https:\/\/akdenizolaygazetesi.com\/index.php?rest_route=%2Fwp%2Fv2%2Fmedia&parent=26233"}],"wp:term":[{"taxonomy":"category","embeddable":true,"href":"https:\/\/akdenizolaygazetesi.com\/index.php?rest_route=%2Fwp%2Fv2%2Fcategories&post=26233"},{"taxonomy":"post_tag","embeddable":true,"href":"https:\/\/akdenizolaygazetesi.com\/index.php?rest_route=%2Fwp%2Fv2%2Ftags&post=26233"}],"curies":[{"name":"wp","href":"https:\/\/api.w.org\/{rel}","templated":true}]}}