{"id":26236,"date":"2023-06-07T16:57:29","date_gmt":"2023-06-07T13:57:29","guid":{"rendered":"http:\/\/akdenizolaygazetesi.com\/?p=26236"},"modified":"2023-06-07T16:57:29","modified_gmt":"2023-06-07T13:57:29","slug":"farkli-okullardan-yuzlerce-ogrenci-yasadiklari-cevreyi-temizledi","status":"publish","type":"post","link":"https:\/\/akdenizolaygazetesi.com\/?p=26236","title":{"rendered":"Farkl\u0131 okullardan y\u00fczlerce \u00f6\u011frenci, ya\u015fad\u0131klar\u0131 \u00e7evreyi temizledi"},"content":{"rendered":"<p>Akdeniz Belediyesi\u2019nin \u201c5-11 Haziran \u00c7evre Haftas\u0131\u201d dolay\u0131s\u0131yla d\u00fczenledi\u011fi etkinlikler kapsam\u0131nda, il\u00e7e genelindeki ilkokullarda e\u015f zamanl\u0131 bir \u015fekilde \u00f6\u011frenciler, okullar\u0131n\u0131n avlusu, bah\u00e7esi ve civar sokaklar\u0131 temizledi.<br \/>\nAkdeniz Belediyesi \u00c7evre Koruma ve Kontrol M\u00fcd\u00fcrl\u00fc\u011f\u00fc ile Akdeniz \u0130l\u00e7e Milli E\u011fitim M\u00fcd\u00fcrl\u00fc\u011f\u00fc ortakl\u0131\u011f\u0131nda, \u201c5 Haziran D\u00fcnya \u00c7evre G\u00fcn\u00fc\u201d kapsam\u0131nda ger\u00e7ekle\u015fen etkinlik \u00f6ncesi \u00e7ocuklara, maske ve eldiven da\u011f\u0131t\u0131ld\u0131. Ard\u0131ndan y\u00fczlerce \u00e7ocuk, ne\u015fe i\u00e7erisinde okullar\u0131n\u0131n avlusu, bah\u00e7esi, civar sokaklar ile kald\u0131r\u0131mlarda g\u00f6rd\u00fckleri at\u0131klar\u0131 toplay\u0131p po\u015fetlere doldurdu.<\/p>\n<p>Adanal\u0131o\u011flu ve Kazanl\u0131 sahilleri de temizlenecek<\/p>\n<p>5-11 Haziran \u00c7evre Haftas\u0131 kapsam\u0131nda ger\u00e7ekle\u015fen ve \u00f6\u011fretmenlerin de kat\u0131ld\u0131\u011f\u0131 etkinlikler dizisinde, ilkokul \u00e7a\u011f\u0131ndaki binlerce \u00e7ocu\u011fa, temiz, sa\u011fl\u0131kl\u0131 ve d\u00fczenli bir \u00e7evrede ya\u015faman\u0131n \u00f6nemi ve gereklili\u011fi konusunda bilin\u00e7 ve fark\u0131ndal\u0131k yaratmak hedefleniyor.<\/p>\n<p>\u00d6te yandan hafta dolay\u0131s\u0131yla, Akdeniz Belediyesi\u2019ne ba\u011fl\u0131 birimlerin temiz ve sa\u011fl\u0131kl\u0131 \u00e7evre hakk\u0131n\u0131n korunmas\u0131 ve s\u00fcrd\u00fcr\u00fclmesi amac\u0131yla etkinlikleri devam edecek. Bu ama\u00e7la, t\u00fcm d\u00fcnyada nesli koruma alt\u0131nda olan deniz kaplumba\u011falar\u0131n\u0131n yumurtlama b\u00f6lgesi de olan Adanal\u0131o\u011flu ve Kazanl\u0131 sahillerinde, 8 Haziran Per\u015fembe g\u00fcn\u00fc kalabal\u0131k bir kat\u0131l\u0131mla temizlik faaliyeti ger\u00e7ekle\u015ftirilecek.<\/p>\n","protected":false},"excerpt":{"rendered":"<p>Akdeniz Belediyesi\u2019nin \u201c5-11 Haziran \u00c7evre Haftas\u0131\u201d dolay\u0131s\u0131yla d\u00fczenledi\u011fi etkinlikler kapsam\u0131nda, il\u00e7e genelindeki ilkokullarda e\u015f zamanl\u0131 bir \u015fekilde \u00f6\u011frenciler, okullar\u0131n\u0131n avlusu, bah\u00e7esi ve civar sokaklar\u0131 temizledi. Akdeniz Belediyesi \u00c7evre Koruma ve &hellip; <a href=\"https:\/\/akdenizolaygazetesi.com\/?p=26236\" class=\"more-link\">Devam\u0131n\u0131 Oku&#8230;<\/a><\/p>\n","protected":false},"author":2,"featured_media":26237,"comment_status":"open","ping_status":"open","sticky":false,"template":"","format":"standard","meta":[],"categories":[2,3],"tags":[],"_links":{"self":[{"href":"https:\/\/akdenizolaygazetesi.com\/index.php?rest_route=\/wp\/v2\/posts\/26236"}],"collection":[{"href":"https:\/\/akdenizolaygazetesi.com\/index.php?rest_route=\/wp\/v2\/posts"}],"about":[{"href":"https:\/\/akdenizolaygazetesi.com\/index.php?rest_route=\/wp\/v2\/types\/post"}],"author":[{"embeddable":true,"href":"https:\/\/akdenizolaygazetesi.com\/index.php?rest_route=\/wp\/v2\/users\/2"}],"replies":[{"embeddable":true,"href":"https:\/\/akdenizolaygazetesi.com\/index.php?rest_route=%2Fwp%2Fv2%2Fcomments&post=26236"}],"version-history":[{"count":1,"href":"https:\/\/akdenizolaygazetesi.com\/index.php?rest_route=\/wp\/v2\/posts\/26236\/revisions"}],"predecessor-version":[{"id":26238,"href":"https:\/\/akdenizolaygazetesi.com\/index.php?rest_route=\/wp\/v2\/posts\/26236\/revisions\/26238"}],"wp:featuredmedia":[{"embeddable":true,"href":"https:\/\/akdenizolaygazetesi.com\/index.php?rest_route=\/wp\/v2\/media\/26237"}],"wp:attachment":[{"href":"https:\/\/akdenizolaygazetesi.com\/index.php?rest_route=%2Fwp%2Fv2%2Fmedia&parent=26236"}],"wp:term":[{"taxonomy":"category","embeddable":true,"href":"https:\/\/akdenizolaygazetesi.com\/index.php?rest_route=%2Fwp%2Fv2%2Fcategories&post=26236"},{"taxonomy":"post_tag","embeddable":true,"href":"https:\/\/akdenizolaygazetesi.com\/index.php?rest_route=%2Fwp%2Fv2%2Ftags&post=26236"}],"curies":[{"name":"wp","href":"https:\/\/api.w.org\/{rel}","templated":true}]}}