{"id":26239,"date":"2023-06-07T16:58:33","date_gmt":"2023-06-07T13:58:33","guid":{"rendered":"http:\/\/akdenizolaygazetesi.com\/?p=26239"},"modified":"2023-06-07T16:58:33","modified_gmt":"2023-06-07T13:58:33","slug":"denizden-cikarilan-atiklarla-kirlilige-dikkat-cekildi","status":"publish","type":"post","link":"https:\/\/akdenizolaygazetesi.com\/?p=26239","title":{"rendered":"DEN\u0130ZDEN \u00c7IKARILAN ATIKLARLA K\u0130RL\u0130L\u0130\u011eE D\u0130KKAT \u00c7EK\u0130LD\u0130"},"content":{"rendered":"<p>Mersin B\u00fcy\u00fck\u015fehir Belediyesi, 5-11 Haziran \u00c7evre Haftas\u0131 etkinlikleri kapsam\u0131nda, Mersin B\u00fcy\u00fck\u015fehir Belediyesi \u00c7evre Koruma ve Kontrol Dairesi Ba\u015fkanl\u0131\u011f\u0131 \u00f6nc\u00fcl\u00fc\u011f\u00fcnde, deniz kirlili\u011fini \u00f6nlemek ve denizin korunmas\u0131na dikkat \u00e7ekmek ad\u0131na Mersin Marina&#8217;da, &#8216;Deniz Y\u00fczeyi ve Deniz Dibi Temizleme&#8217; etkinli\u011fi ger\u00e7ekle\u015ftirdi.<br \/>\nEtkinlik; Mersin B\u00fcy\u00fck\u015fehir Belediyesi \u0130tfaiye Dairesi Ba\u015fkanl\u0131\u011f\u0131 Afet Arama ve Kurtarma \u015eube M\u00fcd\u00fcrl\u00fc\u011f\u00fc&#8217;ne ba\u011fl\u0131 Su alt\u0131 ve Su \u00fcst\u00fc Arama Kurtarma Amirli\u011fi Ekipleri, Sahil G\u00fcvenlik, \u00c7evre \u015eehircilik ve \u0130klim De\u011fi\u015fikli\u011fi \u0130l M\u00fcd\u00fcrl\u00fc\u011f\u00fc, Deniz Polisi, Mersin \u00dcniversitesi Su \u00dcr\u00fcnleri Fak\u00fcltesi ve Mersin Sup&#8217;un i\u015fbirli\u011fi ile d\u00fczenlendi. Etkinlikte; deniz dibinden \u00e7\u0131kar\u0131lan \u00e7anak anten, ayakl\u0131 \u0131s\u0131t\u0131c\u0131, al\u0131\u015fveri\u015f sepetleri, araba tekerle\u011fi, bal\u0131k\u00e7\u0131 a\u011flar\u0131 ve bir\u00e7ok plastik madde, g\u00f6renlerde \u015fa\u015fk\u0131nl\u0131k yaratt\u0131. Deniz dibindeki kirliliklere dikkat \u00e7ekmek ve vatanda\u015flarda \u00e7evre bilincini art\u0131rabilmek ad\u0131na deniz dibinden \u00e7\u0131kar\u0131lan at\u0131klar, g\u00fcn boyu Marina&#8217;da sergilenecek.<br \/>\n\u00d6zdemir: &#8220;Gelecek nesillere g\u00fczel bir d\u00fcnya b\u0131rakmak hedefindeyiz&#8221;<br \/>\n\u00c7evre Haftas\u0131 etkinlikleri kapsam\u0131nda ilk g\u00fcn Temiz Akdeniz Projesi kapsam\u0131nda kapan\u0131\u015f lansman\u0131n\u0131, ikinci g\u00fcn de vatanda\u015flarla birlikte fark\u0131ndal\u0131k olu\u015fturmak i\u00e7in Mezitli Belediyesi&#8217;yle ortak bir y\u00fcr\u00fcy\u00fc\u015f yapt\u0131klar\u0131n\u0131 belirten Mersin B\u00fcy\u00fck\u015fehir Belediyesi Genel Sekreter Yard\u0131mc\u0131s\u0131 Ali R\u0131za \u00d6zdemir, &#8220;Bug\u00fcn de Deniz Polisi, \u0130tfaiye Dairesi Ba\u015fkanl\u0131\u011f\u0131m\u0131z\u0131n dalg\u0131\u00e7 ekipleri, Sahil G\u00fcvenlik ekipleri ve \u00c7evre \u0130l M\u00fcd\u00fcrl\u00fc\u011f\u00fc ile birlikte ortak bir fark\u0131ndal\u0131k olu\u015fturmak i\u00e7in dal\u0131\u015f etkinli\u011fi yapt\u0131k. Marina&#8217;da yapt\u0131\u011f\u0131m\u0131z etkinlikler kapsam\u0131nda da denizden \u00e7\u0131kan materyalleri ve denize at\u0131lan at\u0131klar\u0131 sergileyerek, fark\u0131ndal\u0131k olu\u015fturmaya \u00e7al\u0131\u015f\u0131yoruz&#8221; dedi.<br \/>\nB\u00fcy\u00fck\u015fehir Belediyesi olarak ama\u00e7lar\u0131n\u0131n daha temiz bir \u00e7evre, daha temiz bir deniz ve daha temiz bir hava oldu\u011funu vurgulayan \u00d6zdemir, &#8220;Ba\u015fkan\u0131m\u0131z \u00e7evre anlam\u0131nda \u00e7ok duyarl\u0131. B\u00fcy\u00fck\u015fehir olarak bu konuda \u00f6nemli projeler \u00fcretiyoruz. At\u0131k bertaraf\u0131ndan denizlerin temiz tutulmas\u0131na ve deniz denetimlerine kadar \u00e7ok ciddi uygulamalar\u0131m\u0131z var. Bu konuda B\u00fcy\u00fck\u015fehir Belediye Ba\u015fkan\u0131m\u0131z hep yan\u0131m\u0131zda. Denizler konusunda \u00c7evre, \u015eehircilik ve \u0130klim De\u011fi\u015fikli\u011fi Bakanl\u0131\u011f\u0131&#8217;n\u0131n bize verdi\u011fi yetkiye dayanarak, Liman ve \u00e7evresinde dar bir alan da olsa ciddi denetimlerimiz ve uygulamalar\u0131m\u0131z mevcut. Amac\u0131m\u0131z, vatanda\u015flar\u0131m\u0131z\u0131n tertemiz bir denizde ve \u00e7evrede ya\u015fayabilmelerini sa\u011flamak. Gelecek nesillere de g\u00fczel bir d\u00fcnya b\u0131rakmak hedefindeyiz&#8221; dedi.<\/p>\n<p>Halisdemir: &#8220;Y\u00fczlerce de\u011fi\u015fik madde, tonlarca at\u0131k \u00e7\u0131kart\u0131yoruz&#8221;<br \/>\nB\u00fcy\u00fck\u015fehir Belediyesi olarak vatanda\u015flarda fark\u0131ndal\u0131k olu\u015fturmak ad\u0131na etkinlikler serisi yapt\u0131klar\u0131n\u0131 belirten \u00c7evre Koruma ve Kontrol Dairesi Ba\u015fkan\u0131 Dr. B\u00fclent Halisdemir, denizden her y\u0131l tonlarca at\u0131k \u00e7\u0131kard\u0131klar\u0131n\u0131 s\u00f6yleyerek, &#8220;\u0130nsanlar denizlerimizi maalesef hor kullan\u0131yor. Biz de bug\u00fcn nas\u0131l hor kullan\u0131ld\u0131\u011f\u0131n\u0131, denizlerimizde olu\u015fan kirliliklerin hepsinin insan kaynakl\u0131 oldu\u011funu g\u00f6stermek i\u00e7in bir etkinlik planlad\u0131k. Denizden \u00e7\u0131kan malzemeler, asl\u0131nda denizde olmamas\u0131 gereken malzemeler. Fakat bunlar bazen isteyerek, bazen de istemeyerek denizle bulu\u015fuyor. Her y\u0131l bu etkinli\u011fi yap\u0131yoruz ve y\u00fczlerce de\u011fi\u015fik madde, tonlarca at\u0131k \u00e7\u0131kart\u0131yoruz. Vatanda\u015f\u0131m\u0131zdan beklentimiz,  denizimizi temiz tutmalar\u0131&#8221; dedi.<br \/>\n&#8220;\u00c7\u00f6p kapar sistemleri yapaca\u011f\u0131z&#8221;<br \/>\nDrone kullanarak denizleri daha \u00e7ok korumay\u0131 hedeflediklerini ve deniz filosunu geni\u015flettiklerini s\u00f6yleyen Halisdemir, planlad\u0131klar\u0131 \u00e7al\u0131\u015fmalar\u0131 anlatarak,  &#8220;Denizde \u00e7\u00f6p kapar sistemleri yapaca\u011f\u0131z. Y\u00fczeyde kat\u0131 at\u0131klar\u0131 toplayan robotik sistemler alaca\u011f\u0131z. Derelerden denize kar\u0131\u015fan kat\u0131 at\u0131klar\u0131 toplamak i\u00e7in de bariyerimizi ald\u0131k. \u00d6n\u00fcm\u00fczdeki g\u00fcnlerde uygulamas\u0131n\u0131 ger\u00e7ekle\u015ftirece\u011fiz. Yani denizi korumak i\u00e7in elimizden gelen her \u015feyi yapaca\u011f\u0131z&#8221; diye belirtti.<br \/>\n&#8220;MESK\u0130 taraf\u0131ndan yap\u0131lan ar\u0131tma tesisleri de denizlerin kirlenmesini \u00f6nl\u00fcyor&#8221;<br \/>\nHalisdemir, MESK\u0130 taraf\u0131ndan yap\u0131lan ar\u0131tma tesislerinin de denizlerin kirlenmesini \u00f6nledi\u011fini belirterek, Mavi Bayrakl\u0131 plaj say\u0131s\u0131n\u0131n art\u0131r\u0131lmas\u0131 i\u00e7in de \u00f6nemli \u00e7al\u0131\u015fmalar y\u00fcr\u00fct\u00fcld\u00fc\u011f\u00fcn\u00fc ifade etti. Denizden \u00e7\u0131kar\u0131lan at\u0131klar\u0131n insan kaynakl\u0131 oldu\u011funa de\u011finen Halisdemir, &#8220;Deniz sadece bal\u0131klardan olu\u015fmuyor. Deniz dibinde ya\u015fayan bir\u00e7ok canl\u0131 t\u00fcr\u00fc var. Dolay\u0131s\u0131yla kirlili\u011fi engellememiz ve denize at\u0131k at\u0131lmamas\u0131n\u0131 sa\u011flamam\u0131z gerekiyor. \u00c7\u00fcnk\u00fc, at\u0131ld\u0131ktan sonra temizlemek \u00e7ok zor. Biz 5 Haziran&#8217;\u0131 kutlam\u0131yoruz, fark\u0131ndal\u0131k olu\u015fsun istiyoruz. Mersin&#8217;de ya\u015fayan, Mersin&#8217;e turist olarak gelen t\u00fcm vatanda\u015flar\u0131m\u0131z\u0131n, bu fark\u0131ndal\u0131k bilinciyle denizi kirletmemek \u00fczere hareket etmesini istiyoruz&#8221; ifadelerini kulland\u0131.<br \/>\nMehmetcan \u00d6zdemir: &#8220;Bizler \u00e7evremizi nas\u0131l kullan\u0131rsak, bizden sonraki nesillere de o kalacak&#8221;<br \/>\nDenizden \u00e7\u0131kan b\u00fcy\u00fck par\u00e7a at\u0131klar\u0131n iskeleye ta\u015f\u0131nmas\u0131 konusunda destek veren Mersin Sup Kurucusu Mehmetcan \u00d6zdemir, &#8220;Genelde denizden b\u00fcy\u00fck par\u00e7alar \u00e7\u0131kt\u0131. Biz de, \u00e7\u0131kan ufak par\u00e7alar\u0131 k\u00fc\u00e7\u00fck boardlarla denizden iskeleye teslim etmek i\u00e7in yard\u0131ma geldik. \u00d6nemli olan; bulundu\u011fumuz ortam\u0131, \u00e7evreyi, bize ait dedi\u011fimiz yeri temiz tutabilmek. Sloganda da yazd\u0131\u011f\u0131 gibi; &#8216;O&#8217;na iyi bak \u00e7\u00fcnk\u00fc O&#8217;ndan sadece bir tane var&#8217;. Bizler \u00e7evremizi nas\u0131l kullan\u0131rsak, bizden sonraki nesillere de o kalacak. D\u00fcnya \u00fczerindeki her \u015fey bizler i\u00e7in. Bu y\u00fczden temiz ve g\u00fczel kullanmaya \u00f6zen g\u00f6stermeliyiz&#8221; diye konu\u015ftu.<\/p>\n","protected":false},"excerpt":{"rendered":"<p>Mersin B\u00fcy\u00fck\u015fehir Belediyesi, 5-11 Haziran \u00c7evre Haftas\u0131 etkinlikleri kapsam\u0131nda, Mersin B\u00fcy\u00fck\u015fehir Belediyesi \u00c7evre Koruma ve Kontrol Dairesi Ba\u015fkanl\u0131\u011f\u0131 \u00f6nc\u00fcl\u00fc\u011f\u00fcnde, deniz kirlili\u011fini \u00f6nlemek ve denizin korunmas\u0131na dikkat \u00e7ekmek ad\u0131na Mersin Marina&#8217;da, &hellip; <a href=\"https:\/\/akdenizolaygazetesi.com\/?p=26239\" class=\"more-link\">Devam\u0131n\u0131 Oku&#8230;<\/a><\/p>\n","protected":false},"author":2,"featured_media":26240,"comment_status":"open","ping_status":"open","sticky":false,"template":"","format":"standard","meta":[],"categories":[2,3],"tags":[],"_links":{"self":[{"href":"https:\/\/akdenizolaygazetesi.com\/index.php?rest_route=\/wp\/v2\/posts\/26239"}],"collection":[{"href":"https:\/\/akdenizolaygazetesi.com\/index.php?rest_route=\/wp\/v2\/posts"}],"about":[{"href":"https:\/\/akdenizolaygazetesi.com\/index.php?rest_route=\/wp\/v2\/types\/post"}],"author":[{"embeddable":true,"href":"https:\/\/akdenizolaygazetesi.com\/index.php?rest_route=\/wp\/v2\/users\/2"}],"replies":[{"embeddable":true,"href":"https:\/\/akdenizolaygazetesi.com\/index.php?rest_route=%2Fwp%2Fv2%2Fcomments&post=26239"}],"version-history":[{"count":1,"href":"https:\/\/akdenizolaygazetesi.com\/index.php?rest_route=\/wp\/v2\/posts\/26239\/revisions"}],"predecessor-version":[{"id":26241,"href":"https:\/\/akdenizolaygazetesi.com\/index.php?rest_route=\/wp\/v2\/posts\/26239\/revisions\/26241"}],"wp:featuredmedia":[{"embeddable":true,"href":"https:\/\/akdenizolaygazetesi.com\/index.php?rest_route=\/wp\/v2\/media\/26240"}],"wp:attachment":[{"href":"https:\/\/akdenizolaygazetesi.com\/index.php?rest_route=%2Fwp%2Fv2%2Fmedia&parent=26239"}],"wp:term":[{"taxonomy":"category","embeddable":true,"href":"https:\/\/akdenizolaygazetesi.com\/index.php?rest_route=%2Fwp%2Fv2%2Fcategories&post=26239"},{"taxonomy":"post_tag","embeddable":true,"href":"https:\/\/akdenizolaygazetesi.com\/index.php?rest_route=%2Fwp%2Fv2%2Ftags&post=26239"}],"curies":[{"name":"wp","href":"https:\/\/api.w.org\/{rel}","templated":true}]}}