{"id":2625,"date":"2020-11-04T18:23:07","date_gmt":"2020-11-04T15:23:07","guid":{"rendered":"http:\/\/mersinekonomipolitikagazetesi.com\/?p=2625"},"modified":"2020-11-04T18:23:07","modified_gmt":"2020-11-04T15:23:07","slug":"kadin-ve-cocuga-istismara-karsi-isbirligi","status":"publish","type":"post","link":"https:\/\/akdenizolaygazetesi.com\/?p=2625","title":{"rendered":"Kad\u0131n ve \u00c7ocu\u011fa \u0130stismara Kar\u015f\u0131 \u0130\u015fbirli\u011fi"},"content":{"rendered":"<p>Mezitli Belediyesi ve Mersin Barosu aras\u0131nda hukuki deste\u011fe ihtiyac\u0131 olan kad\u0131n ve \u00e7ocuklara destek olmaya y\u00f6nelik iki farkl\u0131 protokol imzaland\u0131. Protokol kapsam\u0131nda Mezitli Belediyesi Kad\u0131n Dan\u0131\u015fma Merkezi b\u00fcnyesinde deste\u011fe muhta\u00e7 kad\u0131n ve \u00e7ocuklara hukuki destek sa\u011flanacak.<\/p>\n<p><span style=\"line-height: 1.6em;\">Mezitli Belediyesi ve Mersin Barosu aras\u0131nda \u201cSosyal Hizmete, Sosyal Yard\u0131ma, &#8220;Hukuki Korumaya \u0130htiya\u00e7 Duyan Kad\u0131nlara Y\u00f6nelik \u0130\u015fbirli\u011fini Protokol\u00fc\u201d ve \u201c\u00c7ocuk Refah\u0131, Sorunlar\u0131na \u0130li\u015fkin Ortak \u00c7al\u0131\u015fma Protokol\u00fc\u201d imzaland\u0131. Mezitli Belediye Ba\u015fkan\u0131 Ne\u015fet Tarhan ve Mersin Barosu Ba\u015fkan\u0131 Bilgin Ye\u015filbo\u011faz\u2019\u0131n birlikte imzalad\u0131 ilk protokolde Mezitli Belediyesi ve Do\u011fu Akdeniz Belediyeler Birli\u011fi ile ortak hayata ge\u00e7irilen Kad\u0131n Dan\u0131\u015fma Merkezi\u2019ne ba\u015fvuruda bulunan kad\u0131nlara hukuki a\u00e7\u0131dan destek olma ve yol g\u00f6stermeyi hedefliyor. \u0130kinci protokolde ise i\u00e7erisinde bulundu\u011fu olumsuz ko\u015fullar nedeniyle sosyal yard\u0131m, hukuki destek, rehberlik ve korunma ihtiyac\u0131 olan \u00e7ocuklara y\u00f6nelik i\u015fbirli\u011fi yer al\u0131yor.<\/span><\/p>\n<p>Mezitli Belediyesi Meclis \u00dcyesi \u015eenol \u00c7avu\u015f ve Do\u011fu Akdeniz Belediyeler Birli\u011fi Genel Sekreteri Esra Alkan Uysal da kat\u0131ld\u0131\u011f\u0131 Mersin Barosu\u2019nda yap\u0131lan imza t\u00f6reninde konu\u015fan Mersin Barosu Ba\u015fkan\u0131 Av. Bilgin Ye\u015filbo\u011faz, Mezitli Belediyesi ile birlikte bir\u00e7ok ortak \u00e7al\u0131\u015fma y\u00fcr\u00fctt\u00fcklerini ifade ederek, \u201cKad\u0131na ve \u00e7ocu\u011fa y\u00f6nelik istismar konusunda baromuzun \u00f6nemli \u00e7al\u0131\u015fmalar\u0131 bulunuyor. Ba\u015fka projelerde birlikte \u00e7al\u0131\u015fma yapt\u0131\u011f\u0131m\u0131z Mezitli Belediyesi ile bu projede de birlikte hareket etmek istedik. Bu konuda duyarl\u0131l\u0131\u011f\u0131 art\u0131rmak ad\u0131na protokol\u00fcm\u00fcz\u00fc imzalad\u0131k. En \u00f6nemli sorunlardan birisi olarak g\u00f6rd\u00fc\u011f\u00fcm\u00fcz kad\u0131n ve \u00e7ocuk istismar\u0131 konusunda \u00fczerimize d\u00fc\u015fen g\u00f6revi yapmak istiyoruz\u201d dedi.<\/p>\n<p>MUTLU B\u0130R KENT YARATMAK<\/p>\n<p>Mezitli Belediye Ba\u015fkan\u0131 Ne\u015fet Tarhan ise a\u00e7\u0131klamas\u0131nda Kad\u0131n Odakl\u0131 Belediyecilik anlay\u0131\u015f\u0131 ile hareket ettiklerine vurgu yapt\u0131. Ba\u015fkan Tarhan, \u201cToplumumuzda maalesef \u00f6zellikle kad\u0131nlar ve \u00e7ocuklar b\u00fcy\u00fck oranda ma\u011fduriyet ya\u015famaktalar. T\u00fcm insanlar\u0131n\u0131n huzur i\u00e7erisinde ya\u015fad\u0131\u011f\u0131 mutlu bir kent yaratma hayaliyle \u00e7al\u0131\u015fan Mezitli Belediyesi kad\u0131na ve \u00e7ocu\u011fa y\u00f6nelik \u015fiddete kar\u015f\u0131 m\u00fccadelede de \u00f6nc\u00fcl\u00fck etmesi gerekti\u011fini d\u00fc\u015f\u00fcnerek b\u00f6yle bir proje haz\u0131rlad\u0131k. Kad\u0131n Dan\u0131\u015fma Merkezi b\u00fcnyesine ba\u015fvuran ya da bizim tespit etti\u011fimiz deste\u011fe ihtiyac\u0131 insanlar\u0131m\u0131z i\u00e7in hukuksal destek ve yol g\u00f6sterici olacakt\u0131r. Bize her zaman oldu\u011fu gibi destek vererek y\u00fck\u00fcm\u00fcz\u00fc hafifleten Mersin Barosuna te\u015fekk\u00fcrlerimi sunuyorum\u201d dedi.\u00a0<\/p>\n","protected":false},"excerpt":{"rendered":"<p>Mezitli Belediyesi ve Mersin Barosu aras\u0131nda hukuki deste\u011fe ihtiyac\u0131 olan kad\u0131n ve \u00e7ocuklara destek olmaya y\u00f6nelik iki farkl\u0131 protokol imzaland\u0131. Protokol kapsam\u0131nda Mezitli Belediyesi Kad\u0131n Dan\u0131\u015fma Merkezi b\u00fcnyesinde deste\u011fe muhta\u00e7 &hellip; <a href=\"https:\/\/akdenizolaygazetesi.com\/?p=2625\" class=\"more-link\">Devam\u0131n\u0131 Oku&#8230;<\/a><\/p>\n","protected":false},"author":1,"featured_media":0,"comment_status":"open","ping_status":"open","sticky":false,"template":"","format":"standard","meta":[],"categories":[],"tags":[],"_links":{"self":[{"href":"https:\/\/akdenizolaygazetesi.com\/index.php?rest_route=\/wp\/v2\/posts\/2625"}],"collection":[{"href":"https:\/\/akdenizolaygazetesi.com\/index.php?rest_route=\/wp\/v2\/posts"}],"about":[{"href":"https:\/\/akdenizolaygazetesi.com\/index.php?rest_route=\/wp\/v2\/types\/post"}],"author":[{"embeddable":true,"href":"https:\/\/akdenizolaygazetesi.com\/index.php?rest_route=\/wp\/v2\/users\/1"}],"replies":[{"embeddable":true,"href":"https:\/\/akdenizolaygazetesi.com\/index.php?rest_route=%2Fwp%2Fv2%2Fcomments&post=2625"}],"version-history":[{"count":0,"href":"https:\/\/akdenizolaygazetesi.com\/index.php?rest_route=\/wp\/v2\/posts\/2625\/revisions"}],"wp:attachment":[{"href":"https:\/\/akdenizolaygazetesi.com\/index.php?rest_route=%2Fwp%2Fv2%2Fmedia&parent=2625"}],"wp:term":[{"taxonomy":"category","embeddable":true,"href":"https:\/\/akdenizolaygazetesi.com\/index.php?rest_route=%2Fwp%2Fv2%2Fcategories&post=2625"},{"taxonomy":"post_tag","embeddable":true,"href":"https:\/\/akdenizolaygazetesi.com\/index.php?rest_route=%2Fwp%2Fv2%2Ftags&post=2625"}],"curies":[{"name":"wp","href":"https:\/\/api.w.org\/{rel}","templated":true}]}}