{"id":26252,"date":"2023-06-08T13:17:56","date_gmt":"2023-06-08T10:17:56","guid":{"rendered":"http:\/\/akdenizolaygazetesi.com\/?p=26252"},"modified":"2023-06-08T13:17:56","modified_gmt":"2023-06-08T10:17:56","slug":"yenisehir-belediyesi-hatayli-esnaf-ve-sanatcilara-kapilarini-acti","status":"publish","type":"post","link":"https:\/\/akdenizolaygazetesi.com\/?p=26252","title":{"rendered":"Yeni\u015fehir Belediyesi Hatayl\u0131 esnaf ve sanat\u00e7\u0131lara kap\u0131lar\u0131n\u0131 a\u00e7t\u0131"},"content":{"rendered":"<p>Deprem felaketinin ard\u0131ndan yaralar\u0131n\u0131 sarmaya \u00e7al\u0131\u015fan Hatayl\u0131 esnaf, zanaatkar ve sanat\u00e7\u0131lar, Mersin Yeni\u015fehir Belediyesinin deste\u011fiyle d\u00fczenlenen \u201cHatay Esnaflar\u0131 ve Sanat\u00e7\u0131lar\u0131yla Dayan\u0131\u015fma Etkinli\u011fi\u2019nde a\u00e7t\u0131klar\u0131 stantlarla Mersinlilerle bulu\u015ftu. Y\u00f6resel \u00fcr\u00fcnler, el eme\u011fi hediyelik e\u015fyalar ve birbirinden g\u00fczel sanatsal \u00e7al\u0131\u015fmalar 11 Haziran\u2019a kadar Mersinlileri bekliyor olacak. A\u00e7\u0131l\u0131\u015fta konu\u015fan Yeni\u015fehir Belediye Ba\u015fkan\u0131 Abdullah \u00d6zyi\u011fit, \u201cHer zaman duyarl\u0131l\u0131\u011f\u0131n\u0131 g\u00f6steren Mersin halk\u0131n\u0131 dayan\u0131\u015fmaya destek vermeye davet ediyorum.\u201d dedi.<br \/>\nHatay Esnaflar\u0131 ve Sanat\u00e7\u0131lar\u0131yla Dayan\u0131\u015fma Etkinli\u011fi, Yeni\u015fehir il\u00e7esinde bulunan Forum al\u0131\u015fveri\u015f merkezi g\u00fcneyindeki Yeni\u015fehir Etkinlik Alan\u0131\u2019nda a\u00e7\u0131ld\u0131. A\u00e7\u0131l\u0131\u015fa Mersin Valisi Ali Hamza Pehlivan, Yeni\u015fehir Kaymakam\u0131 Nevzat \u015eeng\u00f6k,Yeni\u015fehir Belediye Ba\u015fkan\u0131 Abdullah \u00d6zyi\u011fit, Antakya Ticaret ve Sanayi Odas\u0131 Ba\u015fkan\u0131 Hikmet \u00c7in\u00e7in,  Antakya Esnaf ve Sanatkarlar Kredi ve Kefalet Kooperatifi Ba\u015fkan\u0131 Sabit Teks\u00f6z ve etkinlik i\u00e7in Mersin\u2019e gelen Hatayl\u0131 esnaf ve sanat\u00e7\u0131lar kat\u0131ld\u0131.<br \/>\nVali Pehlivan \u201cEsnaflar\u0131m\u0131z\u0131n, sanatkarlar\u0131m\u0131z\u0131n yan\u0131nday\u0131z\u201d<br \/>\nA\u00e7\u0131l\u0131\u015fta konu\u015fan ve Mersin olarak Hatay\u2019\u0131n her zaman yan\u0131nda olduklar\u0131n\u0131 s\u00f6yleyen Mersin Valisi Ali Hamza Pehlivan, \u201c\u0130n\u015fallah y\u0131k\u0131lan evler ve i\u015f yerleri yeniden yap\u0131lacak. Hayat yeniden ye\u015ferecek. Bu s\u00fcre\u00e7te birbirimize destek olmak zorunday\u0131z. Payla\u015fma anlay\u0131\u015f\u0131n\u0131 ya\u015fayan ve ya\u015fatan bir \u00fclkeyiz. Biz Mersin olarak Hatay&#8217;\u0131n her zaman yan\u0131nday\u0131z, yan\u0131nda olmaya devam edece\u011fiz. Esnaflar\u0131m\u0131z\u0131n, sanatkarlar\u0131m\u0131z\u0131n yan\u0131nday\u0131z.  Vatanda\u015flar\u0131m\u0131z\u0131 da buradaki etkinli\u011fe davet ediyorum&#8221; ifadelerini kulland\u0131.<br \/>\nBa\u015fkan \u00d6zyi\u011fit, \u201cT\u00fcm halk\u0131m\u0131z\u0131 davet ediyorum&#8221;<br \/>\nYeni\u015fehir Belediye Ba\u015fkan\u0131 Abdullah \u00d6zyi\u011fit, &#8220;Zor g\u00fcnler ya\u015fad\u0131k, yaralar\u0131 birlikte saraca\u011f\u0131z. Bunun i\u00e7in ilk g\u00fcnden itibaren seferber olduk. B\u00f6lgemizde \u00f6zellikle Antakya&#8217;dan gelen misafirlerimiz olduk\u00e7a fazla. Deprem b\u00f6lgesiyle ge\u00e7mi\u015ften bug\u00fcne b\u00fcy\u00fck bir ba\u011f ile ba\u011fl\u0131yd\u0131k. Kay\u0131plar\u0131 olan arkada\u015flar\u0131m\u0131z, tan\u0131d\u0131klar\u0131m\u0131z oldu. Hepsine Allah rahmet diliyorum. \u015eu anda Yeni\u015fehir Belediyesi olarak 2 tane \u00f6\u011frenci yurdumuzda ve konteyner alan\u0131m\u0131zda konaklayan depremzedelerimiz var. Onlara bir s\u00f6z\u00fcm\u00fcz var; son dilim ekme\u011fimizi b\u00f6l\u00fc\u015ferek yiyece\u011fiz. Yani o zamana kadar elimizden geleni yapaca\u011f\u0131z. Bug\u00fcn burada Antakya&#8217;n\u0131n k\u0131ymetli de\u011ferleri Yeni\u015fehir ile bulu\u015ftu. T\u00fcm halk\u0131m\u0131z\u0131 davet ediyorum&#8221; dedi.<br \/>\nAntakya Esnaf ve Sanatkarlar Kredi ve Kefalet Kooperatifi Ba\u015fkan\u0131 Sabit Teks\u00f6z de yapt\u0131\u011f\u0131 konu\u015fmas\u0131nda Mersin Valili\u011fine ve Yeni\u015fehir Belediyesine desteklerinden dolay\u0131 te\u015fekk\u00fcr etti.<br \/>\nHatay Esnaflar\u0131 ve Sanat\u00e7\u0131lar\u0131yla Dayan\u0131\u015fma Etkinli\u011fi, 11 Haziran\u2019a kadar 10.00-22.00 saatleri aras\u0131nda ziyaret\u00e7ilerini a\u011f\u0131rlayacak. <\/p>\n","protected":false},"excerpt":{"rendered":"<p>Deprem felaketinin ard\u0131ndan yaralar\u0131n\u0131 sarmaya \u00e7al\u0131\u015fan Hatayl\u0131 esnaf, zanaatkar ve sanat\u00e7\u0131lar, Mersin Yeni\u015fehir Belediyesinin deste\u011fiyle d\u00fczenlenen \u201cHatay Esnaflar\u0131 ve Sanat\u00e7\u0131lar\u0131yla Dayan\u0131\u015fma Etkinli\u011fi\u2019nde a\u00e7t\u0131klar\u0131 stantlarla Mersinlilerle bulu\u015ftu. Y\u00f6resel \u00fcr\u00fcnler, el eme\u011fi &hellip; <a href=\"https:\/\/akdenizolaygazetesi.com\/?p=26252\" class=\"more-link\">Devam\u0131n\u0131 Oku&#8230;<\/a><\/p>\n","protected":false},"author":2,"featured_media":26253,"comment_status":"open","ping_status":"open","sticky":false,"template":"","format":"standard","meta":[],"categories":[1,2,3],"tags":[],"_links":{"self":[{"href":"https:\/\/akdenizolaygazetesi.com\/index.php?rest_route=\/wp\/v2\/posts\/26252"}],"collection":[{"href":"https:\/\/akdenizolaygazetesi.com\/index.php?rest_route=\/wp\/v2\/posts"}],"about":[{"href":"https:\/\/akdenizolaygazetesi.com\/index.php?rest_route=\/wp\/v2\/types\/post"}],"author":[{"embeddable":true,"href":"https:\/\/akdenizolaygazetesi.com\/index.php?rest_route=\/wp\/v2\/users\/2"}],"replies":[{"embeddable":true,"href":"https:\/\/akdenizolaygazetesi.com\/index.php?rest_route=%2Fwp%2Fv2%2Fcomments&post=26252"}],"version-history":[{"count":1,"href":"https:\/\/akdenizolaygazetesi.com\/index.php?rest_route=\/wp\/v2\/posts\/26252\/revisions"}],"predecessor-version":[{"id":26254,"href":"https:\/\/akdenizolaygazetesi.com\/index.php?rest_route=\/wp\/v2\/posts\/26252\/revisions\/26254"}],"wp:featuredmedia":[{"embeddable":true,"href":"https:\/\/akdenizolaygazetesi.com\/index.php?rest_route=\/wp\/v2\/media\/26253"}],"wp:attachment":[{"href":"https:\/\/akdenizolaygazetesi.com\/index.php?rest_route=%2Fwp%2Fv2%2Fmedia&parent=26252"}],"wp:term":[{"taxonomy":"category","embeddable":true,"href":"https:\/\/akdenizolaygazetesi.com\/index.php?rest_route=%2Fwp%2Fv2%2Fcategories&post=26252"},{"taxonomy":"post_tag","embeddable":true,"href":"https:\/\/akdenizolaygazetesi.com\/index.php?rest_route=%2Fwp%2Fv2%2Ftags&post=26252"}],"curies":[{"name":"wp","href":"https:\/\/api.w.org\/{rel}","templated":true}]}}