{"id":26261,"date":"2023-06-08T17:00:38","date_gmt":"2023-06-08T14:00:38","guid":{"rendered":"http:\/\/akdenizolaygazetesi.com\/?p=26261"},"modified":"2023-06-08T17:00:38","modified_gmt":"2023-06-08T14:00:38","slug":"turkiyenin-en-buyuk-planetaryumunun-ilk-konugu-baskan-secer-oldu","status":"publish","type":"post","link":"https:\/\/akdenizolaygazetesi.com\/?p=26261","title":{"rendered":"T\u00dcRK\u0130YE&#8217;N\u0130N EN B\u00dcY\u00dcK PLANETARYUMUNUN \u0130LK KONU\u011eU BA\u015eKAN SE\u00c7ER OLDU"},"content":{"rendered":"<p>Mersin B\u00fcy\u00fck\u015fehir Belediye Ba\u015fkan\u0131 Vahap Se\u00e7er, B\u00fcy\u00fck\u015fehir Belediyesi \u0130klim ve S\u0131f\u0131r At\u0131k Dairesi b\u00fcnyesinde haz\u0131rl\u0131klar\u0131 s\u00fcratle s\u00fcren ve Cumhuriyet&#8217;in 100. kurulu\u015f y\u0131ld\u00f6n\u00fcm\u00fc olan 29 Ekim 2023 tarihinde \u00e7ocuklar ve gen\u00e7lere arma\u011fan edilecek &#8216;\u0130klim ve \u00c7evre Bilim Merkezi&#8217;nde incelemelerde bulundu. Se\u00e7er, ayr\u0131ca T\u00fcrkiye&#8217;deki en b\u00fcy\u00fck planetaryum olma \u00f6zelli\u011fi ta\u015f\u0131yan planetaryumun da ilk konu\u011fu olarak, burada d\u00fcnya ve uzay temal\u0131 g\u00f6sterimler izledi.<\/p>\n<p>\u0130klim ve S\u0131f\u0131r At\u0131k Dairesi Ba\u015fkan\u0131 Dr. Kemal Zorlu&#8217;dan \u00e7al\u0131\u015fmalar hakk\u0131nda bilgiler alan Se\u00e7er, ard\u0131ndan 360 derece ve 3 boyutlu g\u00f6r\u00fcnt\u00fclenme olana\u011f\u0131na sahip planetaryumda &#8216;Astronot&#8217;, &#8216;G\u00fcne\u015f Sistemi&#8217;, &#8216;A\u011fa\u00e7lar\u0131n Ya\u015fam\u0131&#8217; ve &#8216;Astronomi Tarihi&#8217; isimli g\u00f6sterimleri izleyerek, planetaryumun ilk konu\u011fu oldu. G\u00f6sterimleri \u00e7ok be\u011fendi\u011fini dile getiren Ba\u015fkan Se\u00e7er, \u00e7al\u0131\u015fmalarda eme\u011fi ge\u00e7enlere te\u015fekk\u00fcr etti.<\/p>\n<p>\u00c7ocuklara ve gen\u00e7lere seslenen Se\u00e7er, bayram m\u00fcjdesini erkenden vererek, &#8220;\u0130klim ve \u00e7evre temal\u0131 ama ayn\u0131 zamanda bir planetaryumu olan ve g\u00f6ky\u00fcz\u00fc g\u00f6zlem evi olan bilim merkezimizdeyiz. Planetaryumda sizin de izledi\u011finiz zaman eminim ki \u00e7ok ho\u015funuza gidecek olan g\u00f6sterimler izledik. 29 Ekim&#8217;de hizmetinize haz\u0131r olacak. \u015eimdiden hay\u0131rl\u0131 olsun&#8221; dedi.<\/p>\n<p>T\u00fcrkiye&#8217;nin en b\u00fcy\u00fck planetaryumu Mersin&#8217;de olacak<br \/>\n\u00d6\u011frencilerin ve merakl\u0131lar\u0131n\u0131n deney d\u00fczenekleri ile bir\u00e7ok \u015feyi deneyimleyecekleri merkezde, planetaryum odas\u0131 ile de g\u00f6ky\u00fcz\u00fcne dair her \u015fey, 360 derece ve 3 boyutlu g\u00f6r\u00fcnt\u00fclenme olana\u011f\u0131na sahip olacak. Kapasitesi ile T\u00fcrkiye&#8217;nin en b\u00fcy\u00fc\u011f\u00fc olacak olan planetaryumda astronomi ve uzay bilimleri alan\u0131nda \u00f6\u011frenme, fark\u0131ndal\u0131k olu\u015fturma gibi \u00e7al\u0131\u015fmalar \u00fc\u00e7 boyutlu olarak yap\u0131lacak. \u0130klim ve \u00c7evre Bilim Merkezi ayn\u0131 zamanda; ziyaret\u00e7ilerin, iklim ve \u00e7evre ad\u0131na; deneysel ve uygulamal\u0131 etkinlikleri bulabilece\u011fi, ke\u015ffetme alanlar\u0131n\u0131n olaca\u011f\u0131, farkl\u0131 konu ba\u015fl\u0131klar\u0131n\u0131 deneyimleme f\u0131rsat\u0131 bulabilecekleri ve bilimsel bak\u0131\u015f a\u00e7\u0131s\u0131 yakalayabilmelerine olanak sa\u011flayacak bir merkez olacak.<\/p>\n<p>Bilim merakl\u0131lar\u0131 bu merkezde bulu\u015facak<br \/>\n2 kattan olu\u015fan merkezin i\u00e7erisinde toplam 121 interaktif deney d\u00fczene\u011fi yer alacak. \u00d6zellikle 6-14 ya\u015f grubu \u00f6\u011frencilere hitap edecek merkezde ayr\u0131ca; at\u00f6lyeler, planetaryum, fuaye, bekleme alan\u0131, bilimsel g\u00f6sterilerin yap\u0131laca\u011f\u0131 konferans salonu da olacak. Merkez&#8217;de bilim \u00fcr\u00fcnlerinin sat\u0131laca\u011f\u0131 bir Bilim Ma\u011fazas\u0131 ve misafirlerin dinlenebilecekleri bir Bilim Kafe de olacak. Birinci katta yer alacak olan planetaryumda, bilgisayarla y\u00f6nlendirilen \u00e7oklu projeksiyon cihaz\u0131 ve bal\u0131k g\u00f6z\u00fc lensi ile kubbe \u015feklinde haz\u0131rlanan bir yap\u0131n\u0131n i\u00e7inde g\u00fcne\u015fin, y\u0131ld\u0131zlar\u0131n, gezegenlerin ve di\u011fer g\u00f6k cisimlerinin 360 derecede 3 boyutlu g\u00f6r\u00fcnt\u00fcleri yans\u0131t\u0131lacak. Bu alanda, uzay bo\u015flu\u011fundaki hareketlerin ger\u00e7ek\u00e7i bir \u015fekilde sim\u00fcle edilebilmesi sa\u011flanacak.<\/p>\n","protected":false},"excerpt":{"rendered":"<p>Mersin B\u00fcy\u00fck\u015fehir Belediye Ba\u015fkan\u0131 Vahap Se\u00e7er, B\u00fcy\u00fck\u015fehir Belediyesi \u0130klim ve S\u0131f\u0131r At\u0131k Dairesi b\u00fcnyesinde haz\u0131rl\u0131klar\u0131 s\u00fcratle s\u00fcren ve Cumhuriyet&#8217;in 100. kurulu\u015f y\u0131ld\u00f6n\u00fcm\u00fc olan 29 Ekim 2023 tarihinde \u00e7ocuklar ve gen\u00e7lere &hellip; <a href=\"https:\/\/akdenizolaygazetesi.com\/?p=26261\" class=\"more-link\">Devam\u0131n\u0131 Oku&#8230;<\/a><\/p>\n","protected":false},"author":2,"featured_media":26262,"comment_status":"open","ping_status":"open","sticky":false,"template":"","format":"standard","meta":[],"categories":[3,11],"tags":[],"_links":{"self":[{"href":"https:\/\/akdenizolaygazetesi.com\/index.php?rest_route=\/wp\/v2\/posts\/26261"}],"collection":[{"href":"https:\/\/akdenizolaygazetesi.com\/index.php?rest_route=\/wp\/v2\/posts"}],"about":[{"href":"https:\/\/akdenizolaygazetesi.com\/index.php?rest_route=\/wp\/v2\/types\/post"}],"author":[{"embeddable":true,"href":"https:\/\/akdenizolaygazetesi.com\/index.php?rest_route=\/wp\/v2\/users\/2"}],"replies":[{"embeddable":true,"href":"https:\/\/akdenizolaygazetesi.com\/index.php?rest_route=%2Fwp%2Fv2%2Fcomments&post=26261"}],"version-history":[{"count":1,"href":"https:\/\/akdenizolaygazetesi.com\/index.php?rest_route=\/wp\/v2\/posts\/26261\/revisions"}],"predecessor-version":[{"id":26263,"href":"https:\/\/akdenizolaygazetesi.com\/index.php?rest_route=\/wp\/v2\/posts\/26261\/revisions\/26263"}],"wp:featuredmedia":[{"embeddable":true,"href":"https:\/\/akdenizolaygazetesi.com\/index.php?rest_route=\/wp\/v2\/media\/26262"}],"wp:attachment":[{"href":"https:\/\/akdenizolaygazetesi.com\/index.php?rest_route=%2Fwp%2Fv2%2Fmedia&parent=26261"}],"wp:term":[{"taxonomy":"category","embeddable":true,"href":"https:\/\/akdenizolaygazetesi.com\/index.php?rest_route=%2Fwp%2Fv2%2Fcategories&post=26261"},{"taxonomy":"post_tag","embeddable":true,"href":"https:\/\/akdenizolaygazetesi.com\/index.php?rest_route=%2Fwp%2Fv2%2Ftags&post=26261"}],"curies":[{"name":"wp","href":"https:\/\/api.w.org\/{rel}","templated":true}]}}