{"id":26264,"date":"2023-06-08T17:02:25","date_gmt":"2023-06-08T14:02:25","guid":{"rendered":"http:\/\/akdenizolaygazetesi.com\/?p=26264"},"modified":"2023-06-08T17:02:25","modified_gmt":"2023-06-08T14:02:25","slug":"yuzlerce-ogrenci-ve-gonullunun-de-katildigi-etkinlikte-sahilden-tonlarca-cop-ve-atik-toplandi","status":"publish","type":"post","link":"https:\/\/akdenizolaygazetesi.com\/?p=26264","title":{"rendered":"Y\u00fczlerce \u00f6\u011frenci ve g\u00f6n\u00fcll\u00fcn\u00fcn de kat\u0131ld\u0131\u011f\u0131 etkinlikte, sahilden tonlarca \u00e7\u00f6p ve at\u0131k topland\u0131"},"content":{"rendered":"<p>Akdeniz Belediyesi, \u201c5-11 Haziran \u00c7evre Haftas\u0131\u201d dolay\u0131s\u0131yla, nesli t\u00fckenme tehlikesi alt\u0131nda oldu\u011fu i\u00e7in uluslararas\u0131 yasayla t\u00fcm d\u00fcnyada koruma alt\u0131na al\u0131nan Caretta Caretta Deniz Kaplumba\u011falar\u0131n\u0131n da yumurta b\u0131rakt\u0131\u011f\u0131, vatanda\u015flar\u0131n denize girmek ve piknik yapmak i\u00e7in u\u011frad\u0131\u011f\u0131 Kazanl\u0131 sahilinde temizlik yapt\u0131.<br \/>\nAkdeniz Belediyesi, \u201c5-11 Haziran \u00c7evre Haftas\u0131\u201d etkinlik dizisi kapsam\u0131nda, temiz, sa\u011fl\u0131kl\u0131 ve s\u00fcrd\u00fcr\u00fclebilir bir \u00e7evre ve do\u011fa i\u00e7in toplumsal fark\u0131ndal\u0131k yaratan kampanyalar\u0131na devam ediyor. Hafta dolay\u0131s\u0131yla farkl\u0131 bir\u00e7ok etkinli\u011fe imza atan ve ortak olan Akdeniz Belediyesi, son olarak nesli t\u00fcm d\u00fcnyada koruma alt\u0131nda olan Caretta Caretta Deniz Kaplumba\u011falar\u0131n\u0131n da \u00fcreme alan\u0131 olarak kullan\u0131p yumurta b\u0131rakt\u0131\u011f\u0131 Kazanl\u0131 sahilinde kapsaml\u0131 bir temizlik faaliyeti ger\u00e7ekle\u015ftirdi.<br \/>\nY\u00fczlerce po\u015fet \u00e7\u00f6p ve at\u0131k toplan\u0131p sahilden \u00e7\u0131kar\u0131ld\u0131<br \/>\nMersin Valili\u011fi Koordinesinde; \u201cD\u00fcnya Ortak Evimiz, S\u0131f\u0131r At\u0131k Gelece\u011fimiz\u201d slogan\u0131yla organize edilen ortak etkinli\u011fe, Akdeniz Belediye Ba\u015fkan\u0131 M. Mustafa G\u00fcltak\u2019\u0131 temsilen Ba\u015fkan Yard\u0131mc\u0131s\u0131 Mustafa Arslan, \u00c7evre Koruma Kontrol M\u00fcd\u00fcr\u00fc M. Sevin\u00e7 G\u00fcnd\u00fcz, \u00c7evre \u015eehircilik ve \u0130klim De\u011fi\u015fikli\u011fi \u0130l M\u00fcd\u00fcr\u00fc H\u00fcseyin \u00d6zg\u00fcr Yal\u00e7\u0131n, Do\u011fa Koruma ve Milli Parklar 7. B\u00f6lge M\u00fcd\u00fcrl\u00fc\u011f\u00fc yetkilileri, Okul M\u00fcd\u00fcrleri, Tarsus Amerikan Koleji, Kazanl\u0131 Ortaokulu ile \u0130smail Kurtulu\u015f \u0130lkokulu \u00f6\u011frencileri ve sivil toplum kurulu\u015fu \u00fcyeleri kat\u0131ld\u0131.<br \/>\nBulu\u015fmada; \u00e7evre g\u00f6n\u00fcll\u00fcleri, \u00f6\u011frenciler ve kurum temsilcileri ve belediye ekipleri, Kazanl\u0131 sahilinde; gerek dalgalar sonucu denizden gelen gerekse tar\u0131msal \u00fcretim ve insan hareketlili\u011finden kaynakl\u0131 \u00e7\u00f6pler, tar\u0131msal at\u0131klar, g\u00f6rsel kirlilik yaratan birikinti ve materyalleri toplay\u0131p po\u015fetlere doldurdu. Sonras\u0131nda da y\u00fczlerce po\u015fet dolusu \u00e7\u00f6p ve at\u0131klar, bertaraf tesisine ula\u015ft\u0131r\u0131lmak \u00fczere Akdeniz Belediyesi\u2019ne ait \u00c7\u00f6p Taksilere y\u00fcklenip sahilden \u00e7\u0131kar\u0131ld\u0131. <\/p>\n","protected":false},"excerpt":{"rendered":"<p>Akdeniz Belediyesi, \u201c5-11 Haziran \u00c7evre Haftas\u0131\u201d dolay\u0131s\u0131yla, nesli t\u00fckenme tehlikesi alt\u0131nda oldu\u011fu i\u00e7in uluslararas\u0131 yasayla t\u00fcm d\u00fcnyada koruma alt\u0131na al\u0131nan Caretta Caretta Deniz Kaplumba\u011falar\u0131n\u0131n da yumurta b\u0131rakt\u0131\u011f\u0131, vatanda\u015flar\u0131n denize girmek &hellip; <a href=\"https:\/\/akdenizolaygazetesi.com\/?p=26264\" class=\"more-link\">Devam\u0131n\u0131 Oku&#8230;<\/a><\/p>\n","protected":false},"author":2,"featured_media":26265,"comment_status":"open","ping_status":"open","sticky":false,"template":"","format":"standard","meta":[],"categories":[1,2,3],"tags":[],"_links":{"self":[{"href":"https:\/\/akdenizolaygazetesi.com\/index.php?rest_route=\/wp\/v2\/posts\/26264"}],"collection":[{"href":"https:\/\/akdenizolaygazetesi.com\/index.php?rest_route=\/wp\/v2\/posts"}],"about":[{"href":"https:\/\/akdenizolaygazetesi.com\/index.php?rest_route=\/wp\/v2\/types\/post"}],"author":[{"embeddable":true,"href":"https:\/\/akdenizolaygazetesi.com\/index.php?rest_route=\/wp\/v2\/users\/2"}],"replies":[{"embeddable":true,"href":"https:\/\/akdenizolaygazetesi.com\/index.php?rest_route=%2Fwp%2Fv2%2Fcomments&post=26264"}],"version-history":[{"count":1,"href":"https:\/\/akdenizolaygazetesi.com\/index.php?rest_route=\/wp\/v2\/posts\/26264\/revisions"}],"predecessor-version":[{"id":26266,"href":"https:\/\/akdenizolaygazetesi.com\/index.php?rest_route=\/wp\/v2\/posts\/26264\/revisions\/26266"}],"wp:featuredmedia":[{"embeddable":true,"href":"https:\/\/akdenizolaygazetesi.com\/index.php?rest_route=\/wp\/v2\/media\/26265"}],"wp:attachment":[{"href":"https:\/\/akdenizolaygazetesi.com\/index.php?rest_route=%2Fwp%2Fv2%2Fmedia&parent=26264"}],"wp:term":[{"taxonomy":"category","embeddable":true,"href":"https:\/\/akdenizolaygazetesi.com\/index.php?rest_route=%2Fwp%2Fv2%2Fcategories&post=26264"},{"taxonomy":"post_tag","embeddable":true,"href":"https:\/\/akdenizolaygazetesi.com\/index.php?rest_route=%2Fwp%2Fv2%2Ftags&post=26264"}],"curies":[{"name":"wp","href":"https:\/\/api.w.org\/{rel}","templated":true}]}}