{"id":26271,"date":"2023-06-09T13:13:10","date_gmt":"2023-06-09T10:13:10","guid":{"rendered":"http:\/\/akdenizolaygazetesi.com\/?p=26271"},"modified":"2023-06-09T13:13:10","modified_gmt":"2023-06-09T10:13:10","slug":"mersin-buyuksehirden-80ler-bulusmasi","status":"publish","type":"post","link":"https:\/\/akdenizolaygazetesi.com\/?p=26271","title":{"rendered":"MERS\u0130N B\u00dcY\u00dcK\u015eEH\u0130R&#8217;DEN &#8217;80&#8217;LER BULU\u015eMASI&#8217;"},"content":{"rendered":"<p>T\u00fcrkiye&#8217;de kad\u0131n ve aileye y\u00f6nelik kurulan ilk daire ba\u015fkanl\u0131\u011f\u0131 olma \u00f6zelli\u011fi ta\u015f\u0131yan Mersin B\u00fcy\u00fck\u015fehir Belediyesi Kad\u0131n ve Aile Hizmetleri Dairesi Ba\u015fkanl\u0131\u011f\u0131, kad\u0131n ve aileye y\u00f6nelik ger\u00e7ekle\u015ftirdi\u011fi projelerle, toplumsal ya\u015fam\u0131n daha sa\u011fl\u0131kl\u0131 geli\u015fmesi i\u00e7in \u00e7al\u0131\u015fmalar\u0131n\u0131 s\u00fcrd\u00fcr\u00fcyor. Kad\u0131n ve Aile Hizmetleri Dairesi Ba\u015fkanl\u0131\u011f\u0131, bir yandan okul \u00f6ncesi \u00e7a\u011fdaki \u00e7ocuklara kre\u015f hizmeti sunarken, di\u011fer yandan da kad\u0131nlar\u0131n sosyal, psikolojik ve hukuksal konularda destek almas\u0131 i\u00e7in \u00e7e\u015fitli birimleriyle hizmet vermeye devam ediyor.<br \/>\nSa\u011fl\u0131k \u0130\u015fleri Dairesi Ba\u015fkanl\u0131\u011f\u0131 i\u015fbirli\u011fi ile ger\u00e7ekle\u015ftirilen 80 ya\u015f ve \u00fczeri bireylerin; gerek fiziksel, gerekse de psikolojik nedenler ile toplumsal ya\u015famda yer almas\u0131n\u0131 kolayla\u015ft\u0131rmak amac\u0131 ile ba\u015flat\u0131lan &#8217;80&#8217;ler Etkinli\u011fi&#8217; kapsam\u0131nda, 80 ya\u015f ve \u00fczeri bireyler evlerinden \u00f6zel olarak al\u0131narak, Kad\u0131n ve Aile Hizmetleri Dairesi Ba\u015fkanl\u0131\u011f\u0131&#8217;na ba\u011fl\u0131 Etkinlik ve Sanat Merkezi&#8217;nde d\u00fczenlenen etkinliklere kat\u0131l\u0131m sa\u011fl\u0131yorlar.<br \/>\nKad\u0131n ve Aile Hizmetleri Dairesi Ba\u015fkan\u0131 \u015eerife Haso\u011flu Dokucu da, 80 ya\u015f ve \u00fczeri vatanda\u015flar\u0131 Etkinlik ve Sanat Merkezi&#8217;nde her hafta a\u011f\u0131rlaman\u0131n kendilerini \u00e7ok mutlu etti\u011finden s\u00f6z ederek, ya\u015f alm\u0131\u015f vatanda\u015flara \u015funlar\u0131 s\u00f6yledi:<br \/>\n&#8220;Sizler de memnun olursan\u0131z e\u011fer, sizlere ara\u00e7 g\u00f6nderip evlerinizden al\u0131p, haftan\u0131n bir g\u00fcn\u00fc sosyalle\u015fmeniz i\u00e7in f\u0131rsat yaratabiliriz. E\u011fer bu sizi mutlu ederse, bizi de \u00e7ok mutlu eder.&#8221;<br \/>\nDokucu; etkinli\u011fe kat\u0131lan vatanda\u015flar\u0131n, istedikleri zaman Etkinlik ve Sanat Merkezi&#8217;ne gelebilece\u011fini de ifade etti.<br \/>\n\u00d6zt\u00fcrk: &#8220;Bu t\u00fcr etkinlikleri bizlere sundu\u011fu i\u00e7in Vahap Bey&#8217;e te\u015fekk\u00fcr ediyoruz&#8221;<br \/>\nEtkinli\u011fe kat\u0131l\u0131m sa\u011flayan vatanda\u015flar da, Mersin B\u00fcy\u00fck\u015fehir Belediye Ba\u015fkan\u0131 Vahap Se\u00e7er&#8217;in, Mersin&#8217;e \u00e7a\u011f atlatt\u0131\u011f\u0131n\u0131 ifade ettiler.<br \/>\n80&#8217;ler etkinli\u011fine kat\u0131lan vatanda\u015flardan I\u015f\u0131k \u00d6zt\u00fcrk, \u00e7ok g\u00fczel bir etkinlik oldu\u011funu dile getirerek, &#8220;Ya\u015fl\u0131 insanlar\u0131n sosyalle\u015fmesi bak\u0131m\u0131ndan olumlu kar\u015f\u0131lad\u0131m. Devam\u0131n\u0131 diliyorum. Bizler de hi\u00e7 de\u011filse soka\u011fa \u00e7\u0131km\u0131\u015f oluyoruz. Yoksa belirli bir ya\u015f\u0131n \u00fczerine gelen insanlar, evde oturup kal\u0131yoruz ve \u00e7\u0131kam\u0131yoruz. Hem maddi olarak, hem de ya\u015fl\u0131l\u0131\u011f\u0131n verdi\u011fi s\u0131k\u0131nt\u0131lardan dolay\u0131 b\u00f6yle uzak yerlere gidip sosyalle\u015femiyoruz. Bunlar\u0131 bizlere sundu\u011fu i\u00e7in Vahap Bey&#8217;e te\u015fekk\u00fcr ediyoruz&#8221; dedi.<br \/>\nAkkaya: &#8220;Bu etkinlikte yeni arkada\u015flar da ediniyoruz&#8221;<br \/>\nEtkinli\u011fe kat\u0131lan vatanda\u015flardan T\u00fcrkan Akkaya ise, &#8220;Bu zamana kadar ne g\u00f6rd\u00fcm, ne i\u015fittim, ne de ya\u015fad\u0131m. B\u00f6yle bir g\u00fcn\u00fc bize ya\u015fatt\u0131klar\u0131 i\u00e7in te\u015fekk\u00fcr ediyorum. Burada arkada\u015flar\u0131m\u0131z ile bulu\u015ftu\u011fumuz i\u00e7in \u00e7ok memnunuz. Yeni arkada\u015flar edindik&#8221; diye konu\u015ftu. Yaz aylar\u0131n\u0131n gelmesi ile birlikte \u015fehir d\u0131\u015f\u0131na gitti\u011fini ifade eden Akkaya, Mersin&#8217;de oldu\u011fu s\u00fcrece bu etkinli\u011fe kat\u0131laca\u011f\u0131n\u0131 belirtti. \u0130lk tan\u0131\u015fma ve kayna\u015fma toplant\u0131s\u0131n\u0131n ard\u0131ndan, etkinli\u011fe kat\u0131lan vatanda\u015flar toplu hat\u0131ra foto\u011fraf\u0131 \u00e7ektirdi.<\/p>\n","protected":false},"excerpt":{"rendered":"<p>T\u00fcrkiye&#8217;de kad\u0131n ve aileye y\u00f6nelik kurulan ilk daire ba\u015fkanl\u0131\u011f\u0131 olma \u00f6zelli\u011fi ta\u015f\u0131yan Mersin B\u00fcy\u00fck\u015fehir Belediyesi Kad\u0131n ve Aile Hizmetleri Dairesi Ba\u015fkanl\u0131\u011f\u0131, kad\u0131n ve aileye y\u00f6nelik ger\u00e7ekle\u015ftirdi\u011fi projelerle, toplumsal ya\u015fam\u0131n daha &hellip; <a href=\"https:\/\/akdenizolaygazetesi.com\/?p=26271\" class=\"more-link\">Devam\u0131n\u0131 Oku&#8230;<\/a><\/p>\n","protected":false},"author":2,"featured_media":26272,"comment_status":"open","ping_status":"open","sticky":false,"template":"","format":"standard","meta":[],"categories":[2,3],"tags":[],"_links":{"self":[{"href":"https:\/\/akdenizolaygazetesi.com\/index.php?rest_route=\/wp\/v2\/posts\/26271"}],"collection":[{"href":"https:\/\/akdenizolaygazetesi.com\/index.php?rest_route=\/wp\/v2\/posts"}],"about":[{"href":"https:\/\/akdenizolaygazetesi.com\/index.php?rest_route=\/wp\/v2\/types\/post"}],"author":[{"embeddable":true,"href":"https:\/\/akdenizolaygazetesi.com\/index.php?rest_route=\/wp\/v2\/users\/2"}],"replies":[{"embeddable":true,"href":"https:\/\/akdenizolaygazetesi.com\/index.php?rest_route=%2Fwp%2Fv2%2Fcomments&post=26271"}],"version-history":[{"count":1,"href":"https:\/\/akdenizolaygazetesi.com\/index.php?rest_route=\/wp\/v2\/posts\/26271\/revisions"}],"predecessor-version":[{"id":26273,"href":"https:\/\/akdenizolaygazetesi.com\/index.php?rest_route=\/wp\/v2\/posts\/26271\/revisions\/26273"}],"wp:featuredmedia":[{"embeddable":true,"href":"https:\/\/akdenizolaygazetesi.com\/index.php?rest_route=\/wp\/v2\/media\/26272"}],"wp:attachment":[{"href":"https:\/\/akdenizolaygazetesi.com\/index.php?rest_route=%2Fwp%2Fv2%2Fmedia&parent=26271"}],"wp:term":[{"taxonomy":"category","embeddable":true,"href":"https:\/\/akdenizolaygazetesi.com\/index.php?rest_route=%2Fwp%2Fv2%2Fcategories&post=26271"},{"taxonomy":"post_tag","embeddable":true,"href":"https:\/\/akdenizolaygazetesi.com\/index.php?rest_route=%2Fwp%2Fv2%2Ftags&post=26271"}],"curies":[{"name":"wp","href":"https:\/\/api.w.org\/{rel}","templated":true}]}}