{"id":26281,"date":"2023-06-09T13:17:31","date_gmt":"2023-06-09T10:17:31","guid":{"rendered":"http:\/\/akdenizolaygazetesi.com\/?p=26281"},"modified":"2023-06-09T13:17:31","modified_gmt":"2023-06-09T10:17:31","slug":"turkiye-ust-segment-markalar-icin-uretim-merkezi-olabilir","status":"publish","type":"post","link":"https:\/\/akdenizolaygazetesi.com\/?p=26281","title":{"rendered":"\u201cT\u00fcrkiye \u00dcst Segment Markalar \u0130\u00e7in \u00dcretim Merkezi Olabilir\u201d"},"content":{"rendered":"<p>Akdeniz Haz\u0131r Giyim ve Konfeksiyon \u0130hracat\u00e7\u0131lar\u0131 Birli\u011fi (AHK\u0130B) Y\u00f6netim Kurulu Ba\u015fkan\u0131 G\u00fcrkan Tekin, kur bask\u0131s\u0131 ve y\u00fcksek maliyetler nedeniyle ihracat pazarlar\u0131nda sipari\u015f kaybeden sekt\u00f6r\u00fcn katma de\u011ferli \u00fcr\u00fcnlerde kazan\u0131mlar\u0131n\u0131 art\u0131rd\u0131\u011f\u0131n\u0131, birka\u00e7 y\u0131ld\u0131r 13 dolar seviyelerinde seyreden ihracat kilogram fiyat\u0131n\u0131n son aylarda 15 dolara kadar t\u0131rmand\u0131\u011f\u0131n\u0131 s\u00f6yledi.  Fiyat odakl\u0131 markalar\u0131n Uzak Do\u011fu ve Kuzey Afrika&#8217;daki tedarik\u00e7ilere y\u00f6neldi\u011fini, \u00fcst segment markalar\u0131n ise T\u00fcrkiye ile \u00e7al\u0131\u015fmaya devam etti\u011fini vurgulayan Ba\u015fkan G\u00fcrkan Tekin, \u201cT\u00fcrkiye, ucuz ve fiyat odakl\u0131 markalar yerine daha \u00fcst segment markalar i\u00e7in bir \u00fcretim merkezi olma potansiyeli ta\u015f\u0131yor. Bunun i\u00e7in nitelikli i\u015f g\u00fcc\u00fc, teknoloji ve Avrupa Birli\u011fi standartlar\u0131na uyumlu, \u00e7evre dostu s\u00fcrd\u00fcr\u00fclebilir yat\u0131r\u0131mlar\u0131n artmas\u0131 gerekiyor.\u201d dedi.<\/p>\n<p>\u201c\u0130hracat kilogram fiyat\u0131n\u0131 20-25 dolara y\u00fckseltmek hayal de\u011fil\u201d<br \/>\nHaz\u0131r giyim ve konfeksiyon sekt\u00f6r\u00fcnde ihracat kilogram fiyat\u0131n\u0131 20-25 dolara y\u00fckseltmenin hayal olmad\u0131\u011f\u0131n\u0131 kaydeden AHK\u0130B Ba\u015fkan\u0131 G\u00fcrkan Tekin, ihracat\u00e7\u0131 firmalar\u0131n ayakta kalmas\u0131n\u0131 sa\u011flayacak ad\u0131mlar\u0131n at\u0131lmas\u0131n\u0131n yan\u0131nda, orta ve uzun vadeli stratejilerin de kararl\u0131l\u0131kla devam ettirilmesi gerekti\u011fini s\u00f6yledi. K\u00fcresel arenada, ihracat\u00e7\u0131 firmalar\u0131n rotas\u0131nda belirleyici unsurlar\u0131n;  talep, d\u00f6viz kuru ve enflasyon dengesi oldu\u011funu kaydeden Ba\u015fkan G\u00fcrkan Tekin, \u00f6ncelikle ihracat\u00e7\u0131lar\u0131n beklenti ve ihtiya\u00e7lar\u0131 do\u011frultusunda \u015fekillenecek ekonomik politikalarla yat\u0131r\u0131m ortam\u0131n\u0131n iyile\u015ftirilmesini, enflasyon kur makas\u0131n\u0131n daralt\u0131lmas\u0131n\u0131, enflasyon ve faiz dengesinin sa\u011flanmas\u0131n\u0131 ve finansmana eri\u015fimin kolayla\u015ft\u0131r\u0131lmas\u0131n\u0131 beklediklerini ifade etti. Ba\u015fkan G\u00fcrkan Tekin, \u201cBug\u00fcnlerde kurlar\u0131n y\u00fckseliyor olmas\u0131 ihracat\u00e7\u0131lar\u0131m\u0131z\u0131n uluslararas\u0131 alandaki rekabet g\u00fcc\u00fcn\u00fc de art\u0131racakt\u0131r. Finansmana eri\u015fim konusunda ya\u015fad\u0131\u011f\u0131m\u0131z s\u0131k\u0131nt\u0131lar\u0131n hafifletilmesi i\u00e7in yeni h\u00fck\u00fcmetten Kredi Garanti Fonu (KGF) ve Eximbank kredi musluklar\u0131n\u0131n a\u00e7\u0131lmas\u0131n\u0131 bekliyoruz. Kurun rekabet\u00e7i seviyelere gelmesi ve kredi musluklar\u0131n\u0131n a\u00e7\u0131lmas\u0131 ile birlikte bizler de eskiye d\u00f6n\u00fc\u015f\u00fc yakalayabilir, \u00fcretimde ve ihracattaki kay\u0131plar\u0131m\u0131z\u0131 h\u0131zl\u0131ca telafi edebiliriz\u201d ifadelerini kulland\u0131.<\/p>\n<p>\u201cFirmalar\u0131m\u0131z\u0131n katma de\u011feri y\u00fcksek \u00fcr\u00fcnlere y\u00f6nelik i\u015ftah\u0131 art\u0131yor\u201d<br \/>\nT\u00fcrk haz\u0131r giyim ve konfeksiyon sekt\u00f6r\u00fcn\u00fcn yak\u0131ndan tedarik, esnek ve kaliteli \u00fcretim ile h\u0131zl\u0131 termin avantajlar\u0131yla pozitif ayr\u0131\u015ft\u0131\u011f\u0131n\u0131 vurgulayan Ba\u015fkan G\u00fcrkan Tekin, \u201cKatma de\u011feri y\u00fcksek markalar\u0131n sipari\u015f adetleri d\u00fc\u015f\u00fck oldu\u011fu i\u00e7in tercihleri de T\u00fcrkiye oluyor. Hem yak\u0131n co\u011frafya, hem de kontrol edilebilir \u00fcretim organizasyonumuz avantaj sa\u011fl\u0131yor. Bu nedenle \u00fcst segment markalar i\u00e7in \u00fclkemiz \u00e7ok cazip. Ge\u00e7mi\u015f y\u0131llarda firmalar\u0131m\u0131z d\u00fc\u015f\u00fck adetli sipari\u015flere pek s\u0131cak bakm\u0131yordu, y\u00fcksek adetli i\u015fleri koval\u0131yordu. Son zamanlarda ise fiyat tutturamay\u0131nca katma de\u011feri y\u00fcksek \u00fcr\u00fcnlere y\u00f6nelik i\u015ftah art\u0131yor. \u0130hracat miktar\u0131 d\u00fc\u015f\u00fcyor ama kilogram ba\u015f\u0131na ihracat de\u011feri art\u0131yor. Hedefimiz yak\u0131n vadede 18-20 dolar seviyelerini yakalamak. Ancak ihracat\u00e7\u0131 firmalar\u0131m\u0131z \u00f6ncelikle Avrupa Ye\u015fil Mutabakat\u0131 kapsam\u0131nda s\u00fcrd\u00fcr\u00fclebilir bir sistem kurmal\u0131. Otomasyon sistemi, bilin\u00e7li organizasyon ve daha nitelikli i\u015fg\u00fcc\u00fc \u00f6nemli. Bunlar\u0131 yapt\u0131\u011f\u0131m\u0131z zaman \u00e7ok daha iyi markalar ile daha fazla para kazanabilece\u011fimiz bir sistem oturtabiliriz.\u201d diye konu\u015ftu.<\/p>\n<p>\u201cAHK\u0130B&#8217;in may\u0131s ay\u0131 ihracat\u0131 34,5 milyon dolar\u201d<br \/>\nMay\u0131s ay\u0131 ihracat rakamlar\u0131n\u0131 da de\u011ferlendiren Ba\u015fkan G\u00fcrkan Tekin, AHK\u0130B&#8217;in s\u00f6z konusu d\u00f6nemde; ge\u00e7en y\u0131l\u0131n ayn\u0131 d\u00f6nemine k\u0131yasla y\u00fczde 6 art\u0131\u015f sa\u011flay\u0131p 34,5 milyon dolarl\u0131k d\u0131\u015f sat\u0131ma imza att\u0131\u011f\u0131n\u0131 bildirdi. B\u00f6lge ihracat\u0131n\u0131 \u00fcr\u00fcn gruplar\u0131 ve \u00fclkelere g\u00f6re ele alan Ba\u015fkan G\u00fcrkan Tekin, \u015funlar\u0131 s\u00f6yledi: \u201cMay\u0131s ay\u0131 ihracat\u0131m\u0131z\u0131n y\u00fczde 86&#8217;s\u0131n\u0131 bayan d\u0131\u015f giyim, bay d\u0131\u015f giyim ve di\u011fer haz\u0131r e\u015fya \u00fcr\u00fcn gruplar\u0131 olu\u015fturdu. Bayan d\u0131\u015f giyimde y\u00fczde 19 art\u0131\u015fla 18,3 milyon dolarl\u0131k, bay d\u0131\u015f giyimde y\u00fczde 32 art\u0131\u015fla 7,3 milyon dolarl\u0131k, di\u011fer haz\u0131r e\u015fyada y\u00fczde 22 art\u0131\u015fla 4 milyon dolarl\u0131k ihracat ger\u00e7ekle\u015ftirdik. En fazla ihracat yapt\u0131\u011f\u0131m\u0131z \u00fclkeler listesinde Hollanda, \u0130spanya ve Rusya ilk \u00fc\u00e7 s\u0131ray\u0131 olu\u015fturdu. Hollanda&#8217;da 8,2 milyon dolar, \u0130spanya&#8217;da 5,5 milyon dolar, Rusya&#8217;da 4,3 milyon dolar ihracat de\u011ferine ula\u015ft\u0131k. Rusya, Irak, Suriye, Suudi Arabistan ve Polonya, may\u0131s ay\u0131nda ihracat hacminde en y\u00fcksek art\u0131\u015flar\u0131 sa\u011flad\u0131\u011f\u0131m\u0131z \u00fclkeler aras\u0131nda yer ald\u0131.\u201d<br \/>\nBa\u015fkan G\u00fcrkan Tekin, AHK\u0130B&#8217;in 2023 y\u0131l\u0131 Ocak-May\u0131s d\u00f6nemindeki ihracat performans\u0131n\u0131n ise 144,6 milyon dolara ula\u015ft\u0131\u011f\u0131n\u0131 s\u00f6zlerine ekledi.<\/p>\n","protected":false},"excerpt":{"rendered":"<p>Akdeniz Haz\u0131r Giyim ve Konfeksiyon \u0130hracat\u00e7\u0131lar\u0131 Birli\u011fi (AHK\u0130B) Y\u00f6netim Kurulu Ba\u015fkan\u0131 G\u00fcrkan Tekin, kur bask\u0131s\u0131 ve y\u00fcksek maliyetler nedeniyle ihracat pazarlar\u0131nda sipari\u015f kaybeden sekt\u00f6r\u00fcn katma de\u011ferli \u00fcr\u00fcnlerde kazan\u0131mlar\u0131n\u0131 art\u0131rd\u0131\u011f\u0131n\u0131, birka\u00e7 &hellip; <a href=\"https:\/\/akdenizolaygazetesi.com\/?p=26281\" class=\"more-link\">Devam\u0131n\u0131 Oku&#8230;<\/a><\/p>\n","protected":false},"author":2,"featured_media":26282,"comment_status":"open","ping_status":"open","sticky":false,"template":"","format":"standard","meta":[],"categories":[7,8,1,2,3],"tags":[],"_links":{"self":[{"href":"https:\/\/akdenizolaygazetesi.com\/index.php?rest_route=\/wp\/v2\/posts\/26281"}],"collection":[{"href":"https:\/\/akdenizolaygazetesi.com\/index.php?rest_route=\/wp\/v2\/posts"}],"about":[{"href":"https:\/\/akdenizolaygazetesi.com\/index.php?rest_route=\/wp\/v2\/types\/post"}],"author":[{"embeddable":true,"href":"https:\/\/akdenizolaygazetesi.com\/index.php?rest_route=\/wp\/v2\/users\/2"}],"replies":[{"embeddable":true,"href":"https:\/\/akdenizolaygazetesi.com\/index.php?rest_route=%2Fwp%2Fv2%2Fcomments&post=26281"}],"version-history":[{"count":1,"href":"https:\/\/akdenizolaygazetesi.com\/index.php?rest_route=\/wp\/v2\/posts\/26281\/revisions"}],"predecessor-version":[{"id":26283,"href":"https:\/\/akdenizolaygazetesi.com\/index.php?rest_route=\/wp\/v2\/posts\/26281\/revisions\/26283"}],"wp:featuredmedia":[{"embeddable":true,"href":"https:\/\/akdenizolaygazetesi.com\/index.php?rest_route=\/wp\/v2\/media\/26282"}],"wp:attachment":[{"href":"https:\/\/akdenizolaygazetesi.com\/index.php?rest_route=%2Fwp%2Fv2%2Fmedia&parent=26281"}],"wp:term":[{"taxonomy":"category","embeddable":true,"href":"https:\/\/akdenizolaygazetesi.com\/index.php?rest_route=%2Fwp%2Fv2%2Fcategories&post=26281"},{"taxonomy":"post_tag","embeddable":true,"href":"https:\/\/akdenizolaygazetesi.com\/index.php?rest_route=%2Fwp%2Fv2%2Ftags&post=26281"}],"curies":[{"name":"wp","href":"https:\/\/api.w.org\/{rel}","templated":true}]}}