{"id":26284,"date":"2023-06-09T16:28:55","date_gmt":"2023-06-09T13:28:55","guid":{"rendered":"http:\/\/akdenizolaygazetesi.com\/?p=26284"},"modified":"2023-06-09T16:28:55","modified_gmt":"2023-06-09T13:28:55","slug":"secer-sinav-kosullarinin-adalet-duygusuyla-yapilmasini-istedim","status":"publish","type":"post","link":"https:\/\/akdenizolaygazetesi.com\/?p=26284","title":{"rendered":"SE\u00c7ER: &#8220;SINAV KO\u015eULLARININ ADALET DUYGUSUYLA YAPILMASINI \u0130STED\u0130M&#8221;"},"content":{"rendered":"<p>Mersin B\u00fcy\u00fck\u015fehir Belediye Ba\u015fkan\u0131 Vahap Se\u00e7er, B\u00fcy\u00fck\u015fehir Belediyesi&#8217;nin \u0130tfaiye Dairesi Ba\u015fkanl\u0131\u011f\u0131&#8217;nda g\u00f6revlendirmek \u00fczere al\u0131m\u0131n\u0131 ger\u00e7ekle\u015ftirdi\u011fi 100 itfaiye eri ile Ata E\u011fitim Merkezi&#8217;nde bir araya geldi.<\/p>\n<p>Se\u00e7er. &#8220;S\u0131nav ko\u015fullar\u0131n\u0131n adalet duygusuyla yap\u0131lmas\u0131n\u0131 istedim&#8221;<br \/>\nBulu\u015fmada konu\u015fan Se\u00e7er, yap\u0131lan s\u0131navlara T\u00fcrkiye&#8217;nin bir\u00e7ok b\u00f6lgesinden gelip kat\u0131lanlar\u0131n oldu\u011funu s\u00f6yleyerek &#8220;Hepiniz tabi ki bir meslek sahibi olmak, evinize r\u0131z\u0131k g\u00f6t\u00fcrmek amac\u0131yla buralara geldiniz, s\u0131navlara girdiniz. \u00c7ok fazla, 3 bin 400&#8217;\u00fcn \u00fczerinde m\u00fcracaat vard\u0131 ve siz se\u00e7ilen 100 ki\u015fiden her biriniz bir itfaiye memurusunuz. \u00dcst\u00fcn bir ba\u015far\u0131d\u0131r bu. M\u00fcmk\u00fcn oldu\u011funca s\u0131nav ko\u015fullar\u0131n\u0131 zor ama tamamen adalet duygusuyla yap\u0131lmas\u0131 konusunda yapt\u0131\u011f\u0131m telkinlerimin harfiyen yerine getirildi\u011fini g\u00f6r\u00fcyorum. Bu konuda da memnuniyetimi ifade edeyim&#8221; dedi.<\/p>\n<p>&#8220;S\u0131ralamaya giren arkada\u015flar\u0131m\u0131z\u0131 te\u015fkilat\u0131m\u0131za dahil ettik&#8221;<br \/>\nHem KPSS puan\u0131 hem yaz\u0131l\u0131 s\u0131nav hem de uygulamal\u0131 s\u0131nav puanlar\u0131n\u0131n baz al\u0131nd\u0131\u011f\u0131n\u0131 s\u00f6zlerine ekleyen Ba\u015fkan Se\u00e7er, &#8220;Burada herkesin hakk\u0131n\u0131 vererek, yap\u0131lan puanlamada s\u0131ralamaya giren arkada\u015flar\u0131m\u0131z\u0131 da te\u015fkilat\u0131m\u0131za dahil ettik. Tekrar hay\u0131rl\u0131 u\u011furlu olsun. Mersin&#8217;e d\u0131\u015far\u0131dan gelen arkada\u015flar\u0131m\u0131n memnun kalaca\u011f\u0131ndan eminim. Mersin s\u0131cak ve g\u00fczel bir yer. Sadece iklim olarak de\u011fil insan olarak da s\u0131cak insanlar\u0131n oldu\u011fu bir yer. Ho\u015fg\u00f6r\u00fcl\u00fc, yard\u0131msever ve t\u00fcm yurdumuzdan insanlar\u0131 burada g\u00f6rebilirsiniz. \u00c7\u00fcnk\u00fc buras\u0131 insanlar\u0131 ger\u00e7ekten iyi bir ya\u015fam sunabilen, \u00e7ok \u00f6nemli \u00f6zellikleri olan bereketli bir kent. Her \u015feyden \u00f6nce yeni hayat\u0131n\u0131zda mutlu olman\u0131z\u0131 diliyorum&#8221; diye konu\u015ftu.<\/p>\n<p>&#8220;Mersin geni\u015f ve zorlu bir co\u011frafyaya sahip&#8221;<br \/>\nMersin&#8217;in geni\u015f bir hinterlant ve co\u011frafi \u00f6zellik olarak zorlu bir il oldu\u011funu belirten Ba\u015fkan Se\u00e7er, &#8220;\u00c7\u00fcnk\u00fc bizim g\u00f6rev yapt\u0131\u011f\u0131m\u0131z alanlar T\u00fcrkiye&#8217;deki il ko\u015fullar\u0131 i\u00e7erisinde daha zorlu alanlar. Bir kere y\u00fcz\u00f6l\u00e7\u00fcm\u00fcm\u00fcz \u00e7ok b\u00fcy\u00fck; 16 bin kilometrekare. Y\u00fczde 52&#8217;si orman olan bir kent. Orman alanlar\u0131m\u0131z \u00e7ok. Da\u011f-deniz mesafesi baz\u0131 noktalarda s\u0131f\u0131ra d\u00fc\u015f\u00fcyor. Tarsus gibi ova il\u00e7elerimizde da\u011f ve deniz aras\u0131ndaki mesafe onlarca kilometreyi buluyor&#8221; ifadelerini kulland\u0131.<\/p>\n<p>&#8220;Siz afetlerin felakete d\u00f6n\u00fc\u015fmemesi i\u00e7in m\u00fcdahale edeceksiniz&#8221;<br \/>\nBa\u015fkan Se\u00e7er, k\u00fcresel \u0131s\u0131nma nedeniyle \u00f6nemli \u00e7evre sorunlar\u0131 oldu\u011funu ve bunun da sonu\u00e7lar\u0131n\u0131n hayat\u0131n her alan\u0131na yans\u0131d\u0131\u011f\u0131n\u0131 belirterek, &#8220;Ba\u015fta a\u015f\u0131r\u0131 ya\u011f\u0131\u015flar, sel ta\u015fk\u0131nlar\u0131, kurakl\u0131k ve orman yang\u0131nlar\u0131. \u0130\u015fte afet dedi\u011fimiz olay bu. E\u011fer siz zaman\u0131nda m\u00fcdahale edemiyorsan\u0131z; o felakete d\u00f6n\u00fc\u015f\u00fcyor. Siz de zaten ald\u0131\u011f\u0131n\u0131z, alaca\u011f\u0131n\u0131z e\u011fitimlerle bu afetlerin felakete d\u00f6n\u00fc\u015fmemesi i\u00e7in m\u00fcdahale edeceksiniz. \u00d6nleyici tedbirler alacaks\u0131n\u0131z olay\u0131n bertaraf\u0131 i\u00e7in m\u00fccadele edeceksiniz&#8221; diye konu\u015ftu.<\/p>\n<p>&#8220;\u0130tfaiye te\u015fkilat\u0131n\u0131 g\u00fc\u00e7lendirmeye devam edece\u011fiz&#8221;<br \/>\n\u0130tfaiye te\u015fkilat\u0131n\u0131 her ge\u00e7en g\u00fcn g\u00fc\u00e7lendirmeye devam edeceklerini vurgulayan Se\u00e7er, &#8220;M\u00fcmk\u00fcnse 511 norm kadromuzun tamam\u0131n\u0131 da sizin gibi devlet memuru olarak iyi bir elemeden ge\u00e7irerek te\u015fkilat\u0131m\u0131za kazand\u0131rmak istiyoruz. Bunu tabi ki d\u00f6n\u00fc\u015f\u00fcml\u00fc yapaca\u011f\u0131z. Bizim asl\u0131nda istedi\u011fimiz ilk etapta 282 ki\u015filik bir kadroydu ama bakanl\u0131k 100 kadro izni verdi\u011fi i\u00e7in 100 ki\u015fi alabildik. Ama Bakanl\u0131\u011f\u0131n bize sa\u011flayaca\u011f\u0131 imk\u00e2nlar \u00e7er\u00e7evesinde bu devam edecek&#8221; ifadelerini kulland\u0131.<\/p>\n<p>&#8220;Her alanda kad\u0131nlar\u0131n yo\u011fun olmas\u0131n\u0131 arzu eden bir y\u00f6neticiyim&#8221;<br \/>\n\u0130tfaiye eri al\u0131m\u0131nda, B\u00fcy\u00fck\u015fehir&#8217;in y\u00f6netim anlay\u0131\u015f\u0131na uygun bir \u015fekilde kad\u0131nlara kar\u015f\u0131 pozitif bir ayr\u0131mc\u0131l\u0131k ger\u00e7ekle\u015ftirdiklerini aktaran Se\u00e7er, &#8220;Alt\u0131 kad\u0131n\u0131 merkeze alm\u0131\u015flar. Pozitif ayr\u0131mc\u0131l\u0131k yapm\u0131\u015flar. Sadece itfaiye te\u015fkilat\u0131m\u0131zda de\u011fil her alanda bu say\u0131n\u0131n \u00e7ok olmas\u0131n\u0131 arzu ediyoruz. N\u00fcfus olarak her iki ki\u015fiden biri kad\u0131nsa, her alanda kad\u0131nlar\u0131n yo\u011fun olmas\u0131n\u0131 arzu eden bir y\u00f6netici ve siyaset\u00e7iyim&#8221; dedi.<\/p>\n<p>&#8220;Kay\u0131rmac\u0131l\u0131k, partizanl\u0131k ve torpil T\u00fcrkiye&#8217;ye bir yarar getirmez&#8221;<br \/>\nAta E\u011fitim Merkezi&#8217;nin T\u00fcrkiye&#8217;de \u00f6rnek tesislerden biri oldu\u011funu kaydeden Ba\u015fkan Se\u00e7er, tesisin son geli\u015fmeler \u0131\u015f\u0131\u011f\u0131nda projelendirilerek hayata ge\u00e7ti\u011fini belirtti. S\u0131nav\u0131 ba\u015far\u0131yla ge\u00e7en adaylara, &#8220;Bu s\u0131navlarda kay\u0131rmac\u0131l\u0131k, adaletsizlik oldu ya da kimse bize yard\u0131mc\u0131 olmad\u0131 diyebilir misiniz? Yok, bu g\u00fczel. \u00c7\u00fcnk\u00fc bu y\u00f6netim anlay\u0131\u015f\u0131n\u0131n yurdun her k\u00f6\u015fesine ve her kuruma hakim olmas\u0131 i\u00e7in, bunu her yerde anlatman\u0131z\u0131 istiyorum. \u0130nsanlar\u0131n siyasi d\u00fc\u015f\u00fcncelerinden dolay\u0131 yarg\u0131lan\u0131p, onun kabiliyetinin veya liyakatinin \u00e7\u00f6pe at\u0131lmas\u0131na, vicdanlar raz\u0131 olamaz. Sizler buraya m\u00fcracaat ettiniz. Yaz\u0131l\u0131 ve spor s\u0131navlar\u0131na girdiniz. Hatta spor s\u0131nav\u0131ndan \u00f6nce, belediyenin Spor Dairesi e\u015fli\u011finde antrenman yapt\u0131n\u0131z. Bunlar\u0131 anlat\u0131n insanlara. Kay\u0131rmac\u0131l\u0131k, partizanl\u0131k ve torpilin T\u00fcrkiye&#8217;ye bir yarar getirmedi\u011fini, insanlar\u0131 rencide etti\u011fini g\u00f6r\u00fcyoruz&#8221; dedi.  Okuyan, kendini yeti\u015ftiren ve liyakat sahibi insanlar\u0131n \u00f6n\u00fcne, e\u015fit olmayan ko\u015fullarda birileri haks\u0131z bir \u015fekilde ge\u00e7ti\u011fi zaman, o ki\u015finin i\u015f bulamad\u0131\u011f\u0131n\u0131 ve ya\u015fama arzusunun ortadan kalkt\u0131\u011f\u0131na dikkat \u00e7eken Se\u00e7er, &#8220;Bu y\u00fczden buradaki uygulamay\u0131 her yerde anlat\u0131n ki, \u00f6rnek olsun, duyulsun&#8221; ifadelerini kulland\u0131.<\/p>\n<p>Son 4 y\u0131l i\u00e7erisinde itfaiye te\u015fkilat\u0131n\u0131n ara\u00e7 gere\u00e7 ve ekipman y\u00f6n\u00fcnden de g\u00fc\u00e7lenmesini sa\u011flad\u0131klar\u0131n\u0131 kaydeden Ba\u015fkan Se\u00e7er, insanlar\u0131n can ve mal g\u00fcvenli\u011fi ile ilgili konulara direkt m\u00fcdahale eden \u0130tfaiye Dairesi&#8217;nin b\u00fct\u00e7esi haz\u0131rlan\u0131rken hi\u00e7bir k\u0131s\u0131tlamaya gitmediklerini belirterek, &#8220;Te\u015fkilata \u00e7ok yeni ara\u00e7lar kazand\u0131rd\u0131k. En son 20 adet ara\u00e7 ald\u0131k ve \u00f6zellikle dar sokaklara ya da manevra sorunu ya\u015fanan dar alanlarda meydana gelen afetlere m\u00fcdahale i\u00e7in, bunlar\u0131 il\u00e7elerimize da\u011f\u0131tt\u0131k&#8221; diye konu\u015ftu.<\/p>\n<p>&#8220;Te\u015fkilata y\u0131llar\u0131n\u0131 verenlerin tecr\u00fcbelerinden yararlanacaks\u0131n\u0131z&#8221;<br \/>\nB\u00fcy\u00fck\u015fehir Belediyesi&#8217;nin 16 bin kilometrekare alan i\u00e7erisindeki 13 il\u00e7eye, 11 bin personeli ile hizmet etti\u011fini vurgulayan Ba\u015fkan Se\u00e7er, &#8220;Biz Mersin&#8217;de ya\u015fayan b\u00fct\u00fcn halk\u0131m\u0131za hizmet ediyoruz.  \u00c7\u00fcnk\u00fc Mersin, T\u00fcrkiye&#8217;nin b\u00fct\u00fcn kentlerinden gelen insanlar\u0131n ve b\u00fct\u00fcn renklerin ya\u015fad\u0131\u011f\u0131 bir \u015fehir&#8221; dedi. Atamas\u0131 yap\u0131lan yeni itfaiye erlerinden, \u00e7ok sayg\u0131n bir kurumda g\u00f6reve ba\u015flad\u0131klar\u0131n\u0131n bilincinde olmalar\u0131n\u0131 isteyen Se\u00e7er,  &#8220;Siz gen\u00e7 arkada\u015flar\u0131m\u0131z daha atik olabilirsiniz, ald\u0131\u011f\u0131n\u0131z e\u011fitimler de \u00e7ok iyi olabilir. Fakat deneyim ba\u015fka bir \u015fey. Deneyim parayla al\u0131nan bir \u015fey de\u011fil. Deneyim y\u0131llar boyu kazan\u0131l\u0131r. Burada, bu mesle\u011fe y\u0131llar\u0131n\u0131 verenlerin tecr\u00fcbelerinden yararlanacaks\u0131n\u0131z. Onlarla beraber uyumlu bir \u015fekilde g\u00fczel hizmetler yapaca\u011f\u0131n\u0131za can\u0131 g\u00f6n\u00fclden inan\u0131yorum. Yeter ki vatanda\u015f\u0131ma hizmet edin. Her zaman sizin yan\u0131n\u0131zday\u0131m&#8221; ifadelerini kulland\u0131.<\/p>\n<p>Tok: &#8220;Adil ve \u015feffaf bir s\u0131nav yapt\u0131k&#8221;<br \/>\n\u0130tfaiye eri al\u0131m\u0131 i\u00e7in \u00e7al\u0131\u015fmalar\u0131n Nisan ay\u0131 i\u00e7erisinde ba\u015flad\u0131\u011f\u0131n\u0131 belirten Genel Sekreter Olcay Tok, 3 bin 407 online ba\u015fvuru oldu\u011funu ve yakla\u015f\u0131k bin 700 adaydan KPSS puan\u0131 en y\u00fcksek ilk 500 ki\u015fi ile s\u00fcrecin devam etti\u011fini s\u00f6yledi. Tok, &#8220;Ard\u0131ndan da yaz\u0131l\u0131 s\u0131nava 450 ki\u015fi kat\u0131ld\u0131. Yaz\u0131l\u0131 s\u0131navda ba\u015far\u0131l\u0131 olan arkada\u015flar\u0131m\u0131z\u0131 biz burada uygulama s\u0131nav\u0131na ald\u0131k. Uygulama s\u0131nav\u0131nda hepsi ba\u015far\u0131yla ge\u00e7ti. Erkeklerdeki s\u00fcremiz 3 dakika 10 saniye, kad\u0131nlarda ise 3 dakika 20 saniyeydi. 6 kad\u0131n aday\u0131m\u0131z s\u0131nav\u0131 ba\u015far\u0131 ile ge\u00e7ti. Ge\u00e7ti\u011fimiz haftada ay\u0131n 30&#8217;unda eksik olan m\u00fcfrezelerimize tercihlerini kendileri yapt\u0131 arkada\u015flar. Adil ve \u015feffaf bir s\u0131nav yapt\u0131k ve 2 g\u00fcn \u00f6nce g\u00f6reve ba\u015flam\u0131\u015f oldular&#8221; ifadelerini kulland\u0131.<\/p>\n<p>Konu\u015fmalar\u0131n ard\u0131ndan Ba\u015fkan Se\u00e7er, Avrupa Standartlar\u0131nda ve T\u00fcrkiye&#8217;nin En Kapsaml\u0131 \u0130tfaiye E\u011fitim Merkezi olan Ata E\u011fitim Merkezi&#8217;nde incelemelerde bulundu ve itfaiye te\u015fkilat\u0131na kat\u0131lan yeni itfaiye erlerinin uygulamal\u0131 s\u0131navda da ger\u00e7ekle\u015ftirdi\u011fi zorlu e\u011fitim s\u00fcrecini izledi.<\/p>\n<p>Bozkurt: &#8220;Adil ve \u015feffaf bir \u015fekilde atanmak nasip oldu&#8221;<br \/>\n\u0130tfaiye te\u015fkilat\u0131na yeni kat\u0131lan \u0130tfaiye Eri H\u00fclya Bozkurt, y\u0131llard\u0131r atanmaya \u00e7al\u0131\u015ft\u0131\u011f\u0131n\u0131 anlatarak, &#8220;Mersin B\u00fcy\u00fck\u015fehir Belediyesi itfaiye al\u0131m\u0131n\u0131 g\u00f6rd\u00fcm. Ya\u015f\u0131m dolmadan son \u015fans\u0131m\u0131 kullanay\u0131m dedim. \u00c7\u00fcnk\u00fc y\u0131llard\u0131r atanmaya \u00e7al\u0131\u015f\u0131p atanamayanlardan\u0131m. 3 bin 200 ki\u015fi aras\u0131nda 139. olarak KPSS puan\u0131mla giri\u015f yapt\u0131m. Yaz\u0131l\u0131 s\u0131navda 500 ki\u015finin i\u00e7inde 54. oldum. Parkur s\u0131nav\u0131nda da 100 alarak tamamlad\u0131m. Adil ve \u015feffaf bir \u015fekilde atanmak nasip oldu. Y\u0131llard\u0131r T\u00fcrkiye&#8217;de b\u00f6yle bir \u015fey olsayd\u0131 \u00e7oktan atanm\u0131\u015f olabilirdim. Ama nasip kendi memleketimde belediyemize oldu. Bu y\u00fczden \u00e7ok mutlu ve gururluyum&#8221; dedi.<\/p>\n<p>Ehliz: &#8220;Gayet adaletli bir sistem oldu&#8221;<br \/>\nElif Beyza Ehliz de &#8220;Kazanan 6 kad\u0131ndan birisiyim. Her \u015feyin gayet g\u00fczel bir \u015fekilde i\u015fledi\u011fini d\u00fc\u015f\u00fcn\u00fcyorum. Ba\u015fkanlar\u0131m\u0131z, m\u00fcd\u00fcrlerimiz, amirlerimiz bize \u00e7ok yard\u0131mc\u0131 oldular. \u00c7ok mutluyum. \u015eeffaft\u0131, gayet her \u015fey g\u00f6r\u00fcn\u00fcrd\u00fc. Herhangi bir s\u0131k\u0131nt\u0131 \u00e7\u0131kmadan, ak\u0131llarda soru i\u015fareti b\u0131rakmadan s\u0131navlar\u0131m\u0131z\u0131 ger\u00e7ekle\u015ftirdik. Liste s\u0131ras\u0131 en y\u00fcksekten en d\u00fc\u015f\u00fc\u011fe do\u011fru puan s\u0131ralamas\u0131 oldu. Bu da gayet adaletli bir sistem oldu&#8221; ifadelerini kulland\u0131.<\/p>\n<p>Taflan: &#8220;\u0130tfaiye Te\u015fkilat\u0131 i\u00e7inde bulunmak gurur verici&#8221;<br \/>\nMemleketi Trabzon&#8217;dan s\u0131navlara kat\u0131lan ve kazanarak itfaiye eri olan 21 ya\u015f\u0131ndaki \u00d6znur Taflan ise &#8220;Ger\u00e7ekten \u015feffaf bir al\u0131md\u0131. Zaten her \u015fey g\u00f6z \u00f6n\u00fcndeydi. Sporda ve yaz\u0131l\u0131da herkesin puan\u0131 g\u00f6r\u00fcn\u00fcyordu. Bu \u015fekilde puanlar\u0131m\u0131z belli oldu. Parkur zaten kameralar e\u015fli\u011findeydi. A\u00e7\u0131kland\u0131ktan sonra buraya geldik. Yer belirlemede birinciden ba\u015flayarak 100&#8217;e kadar s\u0131ralamam\u0131z vard\u0131. Yerlerimizi adil bir \u015fekilde se\u00e7tik. Ben de 20. s\u0131radayd\u0131m oldu\u011fum yeri se\u00e7ti\u011fim i\u00e7in \u00e7ok mutluyum. Mersin B\u00fcy\u00fck\u015fehir Belediyesi&#8217;ne bu \u015feffaf al\u0131mdan dolay\u0131 ger\u00e7ekten te\u015fekk\u00fcr ediyorum. Ben 21 ya\u015f\u0131nday\u0131m. Bu ya\u015fta memur olma hakk\u0131 sa\u011flad\u0131klar\u0131 i\u00e7in te\u015fekk\u00fcr ediyorum. \u0130tfaiye Te\u015fkilat\u0131 i\u00e7inde bulunmak benim i\u00e7in ayr\u0131 bir ayr\u0131cal\u0131k ve gurur verici bir durum&#8221; diye konu\u015ftu. <\/p>\n<p>\u015een: &#8220;Liyakati \u00f6ne \u00e7\u0131kard\u0131klar\u0131 i\u00e7in Say\u0131n Ba\u015fkan&#8217;a te\u015fekk\u00fcr ediyorum&#8221;<br \/>\nMustafa \u015een ise itfaiyecili\u011fin en b\u00fcy\u00fck hayali oldu\u011funu ve bu hayali ger\u00e7ekle\u015ftirmenin mutlulu\u011funu ya\u015fad\u0131\u011f\u0131n\u0131 belirterek, &#8220;\u015eubat ay\u0131nda Mersin B\u00fcy\u00fck\u015fehir Belediyesi 100 itfaiye eri al\u0131m\u0131na \u00e7\u0131kt\u0131. Bunu g\u00f6r\u00fcnce mesle\u011fimi yapmak i\u00e7in bu al\u0131ma ba\u015fvurdum. \u0130lk 500&#8217;\u00fc m\u00fclakata \u00e7a\u011f\u0131rd\u0131lar, yaz\u0131l\u0131 s\u0131nav\u0131m\u0131z oldu. Sonras\u0131nda spor m\u00fclakat\u0131 oldu. Yaz\u0131l\u0131 s\u0131nav, spor m\u00fclakat\u0131 tamamen \u015feffaf, hakkaniyet \u00e7er\u00e7evesinde olan s\u0131navlar olarak g\u00f6rd\u00fcm. \u00dclkemizde liyakati \u00f6ne \u00e7\u0131kard\u0131klar\u0131 i\u00e7in bu konuda arkada\u015flar\u0131m nezdinde te\u015fekk\u00fcr ediyorum Say\u0131n Ba\u015fkan&#8217;a. E\u011fitimlerimize ba\u015flad\u0131k&#8221; dedi. G\u00f6rev da\u011f\u0131l\u0131mlar\u0131n\u0131n da adil bir \u015fekilde puan s\u0131ralamas\u0131yla yap\u0131ld\u0131\u011f\u0131n\u0131 aktaran \u015een, &#8220;KPSS, yaz\u0131l\u0131 s\u0131nav ve spor m\u00fclakat\u0131n\u0131n karma puan\u0131yla birinci adaydan ba\u015flayarak a\u00e7\u0131lan kadrolara tercih usul\u00fcyle, tamamen \u015feffaf bir \u015fekilde tercihlerde bulunduk. Herkes genel olarak istedi\u011fi yere gitti&#8221; ifadelerine yer verdi.<\/p>\n<p>G\u00f6k: &#8220;Buraya geldi\u011fimizde de b\u00fct\u00fcn konularda bize yard\u0131mc\u0131 oldular&#8221;<br \/>\n\u0130stanbul&#8217;dan gelen Ayd\u0131n G\u00f6k de &#8220;KPSS 74 puanla atand\u0131m. \u00c7ok liyakatl\u0131 bir al\u0131m oldu. T\u00fcrkiye&#8217;nin d\u00f6rt bir yan\u0131ndan,  b\u00fct\u00fcn \u0130tfaiye Dairesi Ba\u015fkanl\u0131klar\u0131nda ses getiren bir al\u0131m oldu. Herkesin te\u015fvik etti\u011fi, onaylad\u0131\u011f\u0131 ger\u00e7ekten hakkaniyetli bir al\u0131m oldu. Buraya geldi\u011fimizde de b\u00fct\u00fcn konularda bize yard\u0131mc\u0131 oldular. Vahap Ba\u015fkan\u0131m\u0131za bu konu hakk\u0131nda \u00e7ok te\u015fekk\u00fcr ediyoruz. T\u00fcrkiye&#8217;nin hangi ilinde, hangi \u015fehrinde, hangi mahallesinde olursak olal\u0131m biz vatan\u0131m\u0131z seve seve hizmet etmeye s\u00f6z verdik&#8221; dedi.<\/p>\n","protected":false},"excerpt":{"rendered":"<p>Mersin B\u00fcy\u00fck\u015fehir Belediye Ba\u015fkan\u0131 Vahap Se\u00e7er, B\u00fcy\u00fck\u015fehir Belediyesi&#8217;nin \u0130tfaiye Dairesi Ba\u015fkanl\u0131\u011f\u0131&#8217;nda g\u00f6revlendirmek \u00fczere al\u0131m\u0131n\u0131 ger\u00e7ekle\u015ftirdi\u011fi 100 itfaiye eri ile Ata E\u011fitim Merkezi&#8217;nde bir araya geldi. Se\u00e7er. &#8220;S\u0131nav ko\u015fullar\u0131n\u0131n adalet duygusuyla &hellip; <a href=\"https:\/\/akdenizolaygazetesi.com\/?p=26284\" class=\"more-link\">Devam\u0131n\u0131 Oku&#8230;<\/a><\/p>\n","protected":false},"author":2,"featured_media":26285,"comment_status":"open","ping_status":"open","sticky":false,"template":"","format":"standard","meta":[],"categories":[3],"tags":[],"_links":{"self":[{"href":"https:\/\/akdenizolaygazetesi.com\/index.php?rest_route=\/wp\/v2\/posts\/26284"}],"collection":[{"href":"https:\/\/akdenizolaygazetesi.com\/index.php?rest_route=\/wp\/v2\/posts"}],"about":[{"href":"https:\/\/akdenizolaygazetesi.com\/index.php?rest_route=\/wp\/v2\/types\/post"}],"author":[{"embeddable":true,"href":"https:\/\/akdenizolaygazetesi.com\/index.php?rest_route=\/wp\/v2\/users\/2"}],"replies":[{"embeddable":true,"href":"https:\/\/akdenizolaygazetesi.com\/index.php?rest_route=%2Fwp%2Fv2%2Fcomments&post=26284"}],"version-history":[{"count":1,"href":"https:\/\/akdenizolaygazetesi.com\/index.php?rest_route=\/wp\/v2\/posts\/26284\/revisions"}],"predecessor-version":[{"id":26286,"href":"https:\/\/akdenizolaygazetesi.com\/index.php?rest_route=\/wp\/v2\/posts\/26284\/revisions\/26286"}],"wp:featuredmedia":[{"embeddable":true,"href":"https:\/\/akdenizolaygazetesi.com\/index.php?rest_route=\/wp\/v2\/media\/26285"}],"wp:attachment":[{"href":"https:\/\/akdenizolaygazetesi.com\/index.php?rest_route=%2Fwp%2Fv2%2Fmedia&parent=26284"}],"wp:term":[{"taxonomy":"category","embeddable":true,"href":"https:\/\/akdenizolaygazetesi.com\/index.php?rest_route=%2Fwp%2Fv2%2Fcategories&post=26284"},{"taxonomy":"post_tag","embeddable":true,"href":"https:\/\/akdenizolaygazetesi.com\/index.php?rest_route=%2Fwp%2Fv2%2Ftags&post=26284"}],"curies":[{"name":"wp","href":"https:\/\/api.w.org\/{rel}","templated":true}]}}