{"id":26287,"date":"2023-06-10T21:19:10","date_gmt":"2023-06-10T18:19:10","guid":{"rendered":"http:\/\/akdenizolaygazetesi.com\/?p=26287"},"modified":"2023-06-10T21:19:10","modified_gmt":"2023-06-10T18:19:10","slug":"28-donem-mersin-milletvekili-ali-kiratli-dan-bolge-muduru-yalcina-ziyaret","status":"publish","type":"post","link":"https:\/\/akdenizolaygazetesi.com\/?p=26287","title":{"rendered":"28. D\u00f6nem Mersin Milletvekili Ali K\u0131ratl\u0131 \u2018dan B\u00f6lge M\u00fcd\u00fcr\u00fc Yal\u00e7\u0131n\u2019a Ziyaret"},"content":{"rendered":"<p>28 D\u00f6nem Mersin Milletvekili Ali K\u0131ratl\u0131, Mersin Orman B\u00f6lge M\u00fcd\u00fcr\u00fc Mustafa Yal\u00e7\u0131n \u2018\u0131   makam\u0131nda ziyaret etti. <\/p>\n<p>B\u00f6lge M\u00fcd\u00fcr\u00fc Yal\u00e7\u0131n, Mersin Milletvekili K\u0131ratl\u0131\u2019ya nazik ziyaretlerinden dolay\u0131 te\u015fekk\u00fcr edip, Milletvekilli\u011finin hay\u0131rl\u0131 olmas\u0131 temennisinde bulunarak, \u00e7al\u0131\u015fmalar\u0131nda ba\u015far\u0131lar diledi.<\/p>\n","protected":false},"excerpt":{"rendered":"<p>28 D\u00f6nem Mersin Milletvekili Ali K\u0131ratl\u0131, Mersin Orman B\u00f6lge M\u00fcd\u00fcr\u00fc Mustafa Yal\u00e7\u0131n \u2018\u0131 makam\u0131nda ziyaret etti. B\u00f6lge M\u00fcd\u00fcr\u00fc Yal\u00e7\u0131n, Mersin Milletvekili K\u0131ratl\u0131\u2019ya nazik ziyaretlerinden dolay\u0131 te\u015fekk\u00fcr edip, Milletvekilli\u011finin hay\u0131rl\u0131 olmas\u0131 &hellip; <a href=\"https:\/\/akdenizolaygazetesi.com\/?p=26287\" class=\"more-link\">Devam\u0131n\u0131 Oku&#8230;<\/a><\/p>\n","protected":false},"author":2,"featured_media":26288,"comment_status":"open","ping_status":"open","sticky":false,"template":"","format":"standard","meta":[],"categories":[3],"tags":[],"_links":{"self":[{"href":"https:\/\/akdenizolaygazetesi.com\/index.php?rest_route=\/wp\/v2\/posts\/26287"}],"collection":[{"href":"https:\/\/akdenizolaygazetesi.com\/index.php?rest_route=\/wp\/v2\/posts"}],"about":[{"href":"https:\/\/akdenizolaygazetesi.com\/index.php?rest_route=\/wp\/v2\/types\/post"}],"author":[{"embeddable":true,"href":"https:\/\/akdenizolaygazetesi.com\/index.php?rest_route=\/wp\/v2\/users\/2"}],"replies":[{"embeddable":true,"href":"https:\/\/akdenizolaygazetesi.com\/index.php?rest_route=%2Fwp%2Fv2%2Fcomments&post=26287"}],"version-history":[{"count":1,"href":"https:\/\/akdenizolaygazetesi.com\/index.php?rest_route=\/wp\/v2\/posts\/26287\/revisions"}],"predecessor-version":[{"id":26289,"href":"https:\/\/akdenizolaygazetesi.com\/index.php?rest_route=\/wp\/v2\/posts\/26287\/revisions\/26289"}],"wp:featuredmedia":[{"embeddable":true,"href":"https:\/\/akdenizolaygazetesi.com\/index.php?rest_route=\/wp\/v2\/media\/26288"}],"wp:attachment":[{"href":"https:\/\/akdenizolaygazetesi.com\/index.php?rest_route=%2Fwp%2Fv2%2Fmedia&parent=26287"}],"wp:term":[{"taxonomy":"category","embeddable":true,"href":"https:\/\/akdenizolaygazetesi.com\/index.php?rest_route=%2Fwp%2Fv2%2Fcategories&post=26287"},{"taxonomy":"post_tag","embeddable":true,"href":"https:\/\/akdenizolaygazetesi.com\/index.php?rest_route=%2Fwp%2Fv2%2Ftags&post=26287"}],"curies":[{"name":"wp","href":"https:\/\/api.w.org\/{rel}","templated":true}]}}