{"id":26290,"date":"2023-06-10T21:20:49","date_gmt":"2023-06-10T18:20:49","guid":{"rendered":"http:\/\/akdenizolaygazetesi.com\/?p=26290"},"modified":"2023-06-10T21:20:49","modified_gmt":"2023-06-10T18:20:49","slug":"buyuksehir-ogretiyor-cocuklar-ogreniyor","status":"publish","type":"post","link":"https:\/\/akdenizolaygazetesi.com\/?p=26290","title":{"rendered":"B\u00dcY\u00dcK\u015eEH\u0130R \u00d6\u011eRET\u0130YOR, \u00c7OCUKLAR \u00d6\u011eREN\u0130YOR"},"content":{"rendered":"<p>Mersin B\u00fcy\u00fck\u015fehir Belediyesi \u00c7evre Koruma ve Kontrol Dairesi Ba\u015fkanl\u0131\u011f\u0131, \u00c7evre Haftas\u0131 Kapsam\u0131nda, hem Aliye Pozcu \u0130lk\u00f6\u011fretim Okulu hem de \u00c7iftlik \u015eehit Eren K\u0131z\u0131lgedik \u0130lkokulu \u00f6\u011frencileriyle birlikte Mersin&#8217;de geri d\u00f6n\u00fc\u015f\u00fcm ve at\u0131k tesisi alan\u0131nda faaliyet g\u00f6steren \u00c7EVDOSAN&#8217;a teknik gezi etkinli\u011fi d\u00fczenledi. Etkinlik boyunca cam, plastik, metal ve naylon gibi at\u0131klar\u0131n geri d\u00f6n\u00fc\u015f\u00fcm s\u00fcreci hakk\u0131nda bilgiler edinen \u00f6\u011frenciler, at\u0131klar\u0131n nas\u0131l d\u00f6n\u00fc\u015ft\u00fcr\u00fcld\u00fc\u011f\u00fc ile ilgili i\u015flemleri de izlediler.<\/p>\n<p>Teknik gezinin amac\u0131n\u0131 aktaran \u00c7evre Koruma ve Kontrol Dairesi Ba\u015fkanl\u0131\u011f\u0131 \u00c7evre Koruma ve Denetim \u015eube M\u00fcd\u00fcrl\u00fc\u011f\u00fc \u00c7evre M\u00fchendislerinden Nil\u00fcfer \u00c7ocuk, &#8220;\u00c7evre Haftas\u0131 kapsam\u0131nda, \u00e7ocuklara her at\u0131\u011f\u0131n \u00e7\u00f6p olmad\u0131\u011f\u0131n\u0131 ve yeniden de\u011ferlendirilebilece\u011fini anlatmak istedik. Ayn\u0131 zamanda at\u0131klar\u0131n nas\u0131l ayr\u0131\u015ft\u0131r\u0131lmas\u0131 gerekti\u011fiyle de ilgili onlar\u0131 bilgilendirerek, \u00e7evre bilincini a\u015f\u0131lamak i\u00e7in at\u0131k tesisine teknik gezi d\u00fczenledik&#8221; diye konu\u015ftu.<\/p>\n<p>&#8220;A\u011fa\u00e7 ya\u015fken e\u011filir&#8221;<\/p>\n<p>Ambalaj at\u0131klar\u0131, s\u0131f\u0131r at\u0131k, at\u0131klar\u0131n ayr\u0131\u015ft\u0131r\u0131lmas\u0131 ve cinsleri ile birlikte, at\u0131klar\u0131 geri d\u00f6n\u00fc\u015ft\u00fcrmenin \u00e7evreye olan katk\u0131s\u0131n\u0131 minik \u00f6\u011frencilere anlatan \u00c7EVDOSAN firmas\u0131 \u00c7evre M\u00fchendisi Merve Ye\u015filda\u011f, &#8220;B\u00fcy\u00fck\u015fehir Belediyemiz&#8217;le birlikte \u00c7evre Haftas\u0131 kapsam\u0131nda tesisimize teknik gezi d\u00fczenledik. Gelecek nesillere de bunlar\u0131 aktarmas\u0131 i\u00e7in a\u011fa\u00e7 ya\u015fken e\u011filir diyoruz. Sadece \u00e7evre haftas\u0131nda de\u011fil her g\u00fcn bu duyarl\u0131l\u0131\u011f\u0131n s\u00fcrmesi dile\u011fiyle&#8221; dedi.<\/p>\n<p>&#8220;\u00c7ocuklar etkinlikle birlikte fark\u0131ndal\u0131k kazand\u0131&#8221;<\/p>\n<p>\u00c7evre Haftas\u0131 kapsam\u0131nda, at\u0131k tesisini gezen \u00f6\u011frencilerinin geri d\u00f6n\u00fc\u015f\u00fcmle ilgili fark\u0131ndal\u0131k kazand\u0131klar\u0131n\u0131 ifade eden \u00f6\u011fretmen Serap \u00d6zt\u00fcrk Y\u0131lmaz, &#8220;Burada \u00e7al\u0131\u015fan \u00c7evre M\u00fchendisi bizlere, at\u0131klar\u0131n ayr\u0131\u015ft\u0131r\u0131l\u0131p nas\u0131l i\u015flendi\u011fi ve geri d\u00f6n\u00fc\u015f\u00fcm i\u015flemlerinin nas\u0131l yap\u0131ld\u0131\u011f\u0131 hakk\u0131nda bilgi verdi. \u00c7ocuklar\u0131m\u0131za, plastik, cam ve k\u00e2\u011f\u0131t gibi at\u0131klar\u0131 \u00e7\u00f6pe de\u011fil de daha dikkatli davranarak geri d\u00f6n\u00fc\u015f\u00fcm kutular\u0131na atmalar\u0131 gerekti\u011fini \u00f6\u011frettik. Etkinlikle birlikte \u00e7ocuklar\u0131m\u0131zda b\u00fcy\u00fck bir fark\u0131ndal\u0131k olu\u015ftu&#8221; diye konu\u015ftu.<\/p>\n<p>&#8220;\u00c7\u00f6plerimizi geri d\u00f6n\u00fc\u015f\u00fcm kutular\u0131na atarak do\u011faya faydal\u0131 olabiliriz&#8221;<\/p>\n<p>Geri d\u00f6n\u00fc\u015f\u00fcm ve at\u0131k tesisini gezen \u00f6\u011frencilerden Sevgi Zehra G\u00fcm\u00fc\u015fay, &#8220;Arkada\u015flar\u0131ma sesleniyorum: L\u00fctfen \u00e7\u00f6plerinizi atmadan \u00f6nce ayr\u0131\u015ft\u0131r\u0131n ve geri d\u00f6n\u00fc\u015f\u00fcm kutular\u0131na at\u0131n&#8221; diyerek \u00e7evreye kar\u015f\u0131 duyarl\u0131 olmalar\u0131 gerekti\u011fini ifade etti.<\/p>\n<p>At\u0131klar\u0131 geri d\u00f6n\u00fc\u015f\u00fcme atarak daha fazla \u00fcr\u00fcn elde edilece\u011fini s\u00f6yleyen \u00f6\u011frencilerden Ayaz Yard\u0131mc\u0131, &#8220;\u00c7\u00f6pleri \u00e7\u00f6pe atmak gerekti\u011fini herkes bilir. Ama \u00e7\u00f6plerimizi ve at\u0131klar\u0131m\u0131z\u0131 geri d\u00f6n\u00fc\u015f\u00fcm kutular\u0131na atmal\u0131y\u0131z. B\u00f6ylelikle do\u011fan\u0131n korunmas\u0131n\u0131 sa\u011flayabiliriz&#8221; dedi.<\/p>\n<p>Geri d\u00f6n\u00fc\u015f\u00fcm tesisini gezmenin kendisi ve arkada\u015flar\u0131 i\u00e7in \u00e7ok iyi oldu\u011funu s\u00f6yleyen Beril Bet\u00fcl Bayduz ise, &#8220;Bizler art\u0131k, \u00e7evreyi koruyan \u00e7evre m\u00fcfetti\u015fleriyiz&#8221; dedi.<\/p>\n","protected":false},"excerpt":{"rendered":"<p>Mersin B\u00fcy\u00fck\u015fehir Belediyesi \u00c7evre Koruma ve Kontrol Dairesi Ba\u015fkanl\u0131\u011f\u0131, \u00c7evre Haftas\u0131 Kapsam\u0131nda, hem Aliye Pozcu \u0130lk\u00f6\u011fretim Okulu hem de \u00c7iftlik \u015eehit Eren K\u0131z\u0131lgedik \u0130lkokulu \u00f6\u011frencileriyle birlikte Mersin&#8217;de geri d\u00f6n\u00fc\u015f\u00fcm ve &hellip; <a href=\"https:\/\/akdenizolaygazetesi.com\/?p=26290\" class=\"more-link\">Devam\u0131n\u0131 Oku&#8230;<\/a><\/p>\n","protected":false},"author":2,"featured_media":26291,"comment_status":"open","ping_status":"open","sticky":false,"template":"","format":"standard","meta":[],"categories":[2,3],"tags":[],"_links":{"self":[{"href":"https:\/\/akdenizolaygazetesi.com\/index.php?rest_route=\/wp\/v2\/posts\/26290"}],"collection":[{"href":"https:\/\/akdenizolaygazetesi.com\/index.php?rest_route=\/wp\/v2\/posts"}],"about":[{"href":"https:\/\/akdenizolaygazetesi.com\/index.php?rest_route=\/wp\/v2\/types\/post"}],"author":[{"embeddable":true,"href":"https:\/\/akdenizolaygazetesi.com\/index.php?rest_route=\/wp\/v2\/users\/2"}],"replies":[{"embeddable":true,"href":"https:\/\/akdenizolaygazetesi.com\/index.php?rest_route=%2Fwp%2Fv2%2Fcomments&post=26290"}],"version-history":[{"count":1,"href":"https:\/\/akdenizolaygazetesi.com\/index.php?rest_route=\/wp\/v2\/posts\/26290\/revisions"}],"predecessor-version":[{"id":26292,"href":"https:\/\/akdenizolaygazetesi.com\/index.php?rest_route=\/wp\/v2\/posts\/26290\/revisions\/26292"}],"wp:featuredmedia":[{"embeddable":true,"href":"https:\/\/akdenizolaygazetesi.com\/index.php?rest_route=\/wp\/v2\/media\/26291"}],"wp:attachment":[{"href":"https:\/\/akdenizolaygazetesi.com\/index.php?rest_route=%2Fwp%2Fv2%2Fmedia&parent=26290"}],"wp:term":[{"taxonomy":"category","embeddable":true,"href":"https:\/\/akdenizolaygazetesi.com\/index.php?rest_route=%2Fwp%2Fv2%2Fcategories&post=26290"},{"taxonomy":"post_tag","embeddable":true,"href":"https:\/\/akdenizolaygazetesi.com\/index.php?rest_route=%2Fwp%2Fv2%2Ftags&post=26290"}],"curies":[{"name":"wp","href":"https:\/\/api.w.org\/{rel}","templated":true}]}}