{"id":26296,"date":"2023-06-10T21:24:28","date_gmt":"2023-06-10T18:24:28","guid":{"rendered":"http:\/\/akdenizolaygazetesi.com\/?p=26296"},"modified":"2023-06-10T21:24:28","modified_gmt":"2023-06-10T18:24:28","slug":"toroslar-belediyesinin-aci-gunu","status":"publish","type":"post","link":"https:\/\/akdenizolaygazetesi.com\/?p=26296","title":{"rendered":"TOROSLAR BELED\u0130YES\u0130N\u0130N ACI G\u00dcN\u00dc"},"content":{"rendered":"<p>Toroslar Belediyesi Park ve Bah\u00e7eler M\u00fcd\u00fcr\u00fc Yunus Emre Kahraman, ge\u00e7irdi\u011fi kalp krizi sonucu hayat\u0131n\u0131 kaybetti.<\/p>\n<p>Kahraman&#8217;\u0131n vefat\u0131, \u00e7al\u0131\u015fma arkada\u015flar\u0131n\u0131 ve sevenlerini yasa bo\u011farken, Kahraman i\u00e7in g\u00f6rev yapt\u0131\u011f\u0131 Toroslar Belediyesi \u00f6n\u00fcnde cenaze t\u00f6reni d\u00fczenlendi.<\/p>\n<p>BA\u015eKAN YILMAZ; &#8220;DEVLET\u0130NE, M\u0130LLET\u0130NE BA\u011eLI \u0130Y\u0130 B\u0130R VATANSEVERD\u0130&#8221;<\/p>\n<p>Kahraman&#8217;\u0131n ailesi, mesai arkada\u015flar\u0131 ve sevenlerinin kat\u0131ld\u0131\u011f\u0131 t\u00f6rende bir konu\u015fma yaparak \u00fcz\u00fcnt\u00fcs\u00fcn\u00fc dile getiren Toroslar Belediye Ba\u015fkan\u0131 Ats\u0131z Af\u015f\u0131n Y\u0131lmaz; &#8220;Toroslar Belediyesi Park ve Bah\u00e7eler M\u00fcd\u00fcr\u00fcm\u00fcz, k\u0131ymetli arkada\u015f\u0131m\u0131z Yunus Emre Kahraman ge\u00e7irmi\u015f oldu\u011fu kalp krizi neticesinde vefat etmi\u015ftir. Kendisi, devletine, milletine ba\u011fl\u0131, iyi bir vatansever, iyi bir arkada\u015f, sorumluluk sahibi iyi bir evlat ve iyi bir babayd\u0131. Ge\u00e7irdi\u011fimiz zor g\u00fcnlerde, pandemide, depremde ve g\u00fcn\u00fcm\u00fczde aktiv g\u00f6rev alan, g\u00f6revini lay\u0131k\u0131yla yapan, ailesine ve \u00e7al\u0131\u015fma arkada\u015flar\u0131na faydal\u0131 g\u00fczel bir karde\u015fimizdi. \u00c7al\u0131\u015fma arkada\u015f\u0131m\u0131z\u0131, dostumuzu, karde\u015fimizi kaybetmenin b\u00fcy\u00fck ac\u0131s\u0131n\u0131 ya\u015f\u0131yoruz. Bizden yana hakk\u0131m\u0131z varsa kendisine hakk\u0131m\u0131z helal olsun. Kendisini sakin ve g\u00fcler y\u00fczl\u00fc haliyle hat\u0131rlayaca\u011f\u0131z. Ruhu \u015fad, mekan\u0131 cennet olsun&#8221; diye konu\u015ftu.<\/p>\n<p>Ba\u015fkan Y\u0131lmaz, Kahraman&#8217;\u0131n ailesine ve sevenlerine ba\u015fsa\u011fl\u0131\u011f\u0131 ve sab\u0131rlar diledi.<\/p>\n<p>Kahraman, belediye hizmet binas\u0131 \u00f6n\u00fcnde d\u00fczenlenen t\u00f6ren sonras\u0131 Akbelen \u015eehir Mezarl\u0131\u011f\u0131&#8217;nda k\u0131l\u0131nan cenaze namaz\u0131n\u0131n ard\u0131ndan dualarla topra\u011fa verildi.<\/p>\n<p>1985 do\u011fumlu olan Yunus Emre Kahraman, evli ve bir \u00e7ocuk babas\u0131yd\u0131.<\/p>\n","protected":false},"excerpt":{"rendered":"<p>Toroslar Belediyesi Park ve Bah\u00e7eler M\u00fcd\u00fcr\u00fc Yunus Emre Kahraman, ge\u00e7irdi\u011fi kalp krizi sonucu hayat\u0131n\u0131 kaybetti. Kahraman&#8217;\u0131n vefat\u0131, \u00e7al\u0131\u015fma arkada\u015flar\u0131n\u0131 ve sevenlerini yasa bo\u011farken, Kahraman i\u00e7in g\u00f6rev yapt\u0131\u011f\u0131 Toroslar Belediyesi \u00f6n\u00fcnde &hellip; <a href=\"https:\/\/akdenizolaygazetesi.com\/?p=26296\" class=\"more-link\">Devam\u0131n\u0131 Oku&#8230;<\/a><\/p>\n","protected":false},"author":2,"featured_media":26297,"comment_status":"open","ping_status":"open","sticky":false,"template":"","format":"standard","meta":[],"categories":[2,3],"tags":[],"_links":{"self":[{"href":"https:\/\/akdenizolaygazetesi.com\/index.php?rest_route=\/wp\/v2\/posts\/26296"}],"collection":[{"href":"https:\/\/akdenizolaygazetesi.com\/index.php?rest_route=\/wp\/v2\/posts"}],"about":[{"href":"https:\/\/akdenizolaygazetesi.com\/index.php?rest_route=\/wp\/v2\/types\/post"}],"author":[{"embeddable":true,"href":"https:\/\/akdenizolaygazetesi.com\/index.php?rest_route=\/wp\/v2\/users\/2"}],"replies":[{"embeddable":true,"href":"https:\/\/akdenizolaygazetesi.com\/index.php?rest_route=%2Fwp%2Fv2%2Fcomments&post=26296"}],"version-history":[{"count":1,"href":"https:\/\/akdenizolaygazetesi.com\/index.php?rest_route=\/wp\/v2\/posts\/26296\/revisions"}],"predecessor-version":[{"id":26298,"href":"https:\/\/akdenizolaygazetesi.com\/index.php?rest_route=\/wp\/v2\/posts\/26296\/revisions\/26298"}],"wp:featuredmedia":[{"embeddable":true,"href":"https:\/\/akdenizolaygazetesi.com\/index.php?rest_route=\/wp\/v2\/media\/26297"}],"wp:attachment":[{"href":"https:\/\/akdenizolaygazetesi.com\/index.php?rest_route=%2Fwp%2Fv2%2Fmedia&parent=26296"}],"wp:term":[{"taxonomy":"category","embeddable":true,"href":"https:\/\/akdenizolaygazetesi.com\/index.php?rest_route=%2Fwp%2Fv2%2Fcategories&post=26296"},{"taxonomy":"post_tag","embeddable":true,"href":"https:\/\/akdenizolaygazetesi.com\/index.php?rest_route=%2Fwp%2Fv2%2Ftags&post=26296"}],"curies":[{"name":"wp","href":"https:\/\/api.w.org\/{rel}","templated":true}]}}