{"id":26299,"date":"2023-06-10T21:26:35","date_gmt":"2023-06-10T18:26:35","guid":{"rendered":"http:\/\/akdenizolaygazetesi.com\/?p=26299"},"modified":"2023-06-10T21:26:35","modified_gmt":"2023-06-10T18:26:35","slug":"buyuksehirin-organizasyonunda-sporcular-tarih-ve-doganin-icinde-kostu","status":"publish","type":"post","link":"https:\/\/akdenizolaygazetesi.com\/?p=26299","title":{"rendered":"B\u00dcY\u00dcK\u015eEH\u0130R&#8217;\u0130N ORGAN\u0130ZASYONUNDA SPORCULAR TAR\u0130H VE DO\u011eANIN \u0130\u00c7\u0130NDE KO\u015eTU"},"content":{"rendered":"<p>Spora ve sporcuya verdi\u011fi b\u00fcy\u00fck \u00f6nemi hayata ge\u00e7irdi\u011fi say\u0131s\u0131z etkinlik ile g\u00f6steren Ba\u015fkan Vahap Se\u00e7er \u00f6nc\u00fcl\u00fc\u011f\u00fcndeki Mersin B\u00fcy\u00fck\u015fehir Belediyesi, ilki ge\u00e7ti\u011fimiz y\u0131l d\u00fczenlenen ve b\u00fcy\u00fck ses getiren Kilikya Ultra Maratonu&#8217;nun 2.&#8217;sini uluslararas\u0131 d\u00fczeyde ger\u00e7ekle\u015ftirdi.<\/p>\n<p>Gen\u00e7lik ve Spor Hizmetleri Dairesi Ba\u015fkanl\u0131\u011f\u0131 taraf\u0131ndan &#8216;Do\u011fan\u0131n \u0130\u00e7inde Tarihe Ko\u015f&#8217; slogan\u0131 ile d\u00fczenlenen ve UNESCO D\u00fcnya Miras\u0131 Ge\u00e7ici Listesi&#8217;ndeki Korykos Antik Kenti&#8217;nin par\u00e7as\u0131 olan K\u0131zkalesi sahilinde ba\u015flayan maratonda T\u00fcrkiye&#8217;nin yan\u0131 s\u0131ra 8 \u00fclkeden 76 yabanc\u0131 sporcu, T\u00fcrkiye&#8217;den de, 25 farkl\u0131 ilden toplam 191&#8217;i kad\u0131n toplam 579 sporcu 7 kilometrelik Korykos, 15 kilometrelik Elaiussa Sebaste ve 33 kilometrelik K\u0131zkalesi parkurlar\u0131 ile 54 kilometrelik Kilikya Ultra Maratonu&#8217;nda performanslar\u0131n\u0131 sergiledi.<\/p>\n<p>Tok &#8220;Esas olan kazanmaktan ziyade yar\u0131\u015f\u0131 bitirmek&#8221;<\/p>\n<p>Yar\u0131\u015flar ilk olarak 33 ve 54K parkurlar\u0131nda Gen\u00e7lik ve Spor Hizmetleri Dairesi Ba\u015fkan\u0131 Emrullah ta\u015fk\u0131n&#8217;\u0131n start vermesi ile ba\u015flad\u0131. 15 ve 7K yar\u0131\u015flar\u0131n\u0131n start\u0131n\u0131 veren Mersin B\u00fcy\u00fck\u015fehir Belediyesi Genel Sekreteri Olcay Tok yapt\u0131\u011f\u0131 konu\u015fmada &#8220;\u0130lkini ge\u00e7ti\u011fimiz sene Eyl\u00fcl ay\u0131nda yapm\u0131\u015f oldu\u011fumuz ve art\u0131k uluslararas\u0131 arenaya ta\u015f\u0131nan Kilikya Ultra Maratonu&#8217;nun bu sene ikincisini yap\u0131yoruz. Esas olan kazanmaktan ziyade yar\u0131\u015f\u0131 bitirmek. Ben hepinize ba\u015far\u0131lar diliyorum&#8221; dedi.  <\/p>\n<p>Tarih ve do\u011fa ile i\u00e7 i\u00e7e ge\u00e7en parkurlar\u0131n ard\u0131ndan, biti\u015f \u00e7izgisini ilk tamamlayan olmak i\u00e7in birbirleri ile dost\u00e7a fakat k\u0131yas\u0131ya m\u00fccadele eden sporcular ise dolu dolu bir maratona kat\u0131lman\u0131n mutlulu\u011funu ya\u015fad\u0131lar.<\/p>\n<p>&#8220;Tarihi dokunun i\u00e7erisinde ko\u015ftuk&#8221;<\/p>\n<p>Ge\u00e7en y\u0131l da kat\u0131lmak istedi\u011fini ancak bu y\u0131l kat\u0131labildi\u011fini s\u00f6yleyen 54K 1.&#8217;si Mehmet Osman D\u00f6ner, &#8220;Ge\u00e7en y\u0131l kat\u0131lmak istiyordum, k\u0131smet olmad\u0131. Adanal\u0131y\u0131m, \u0130zmir&#8217;de ya\u015f\u0131yorum. Bu tarafta ko\u015fmak istiyordum, s\u0131caktan \u00e7ekiniyordum a\u00e7\u0131k\u00e7as\u0131 ama s\u0131ca\u011f\u0131n da verdi\u011fi ayr\u0131 bir keyif oldu. Tarihi dokunun i\u00e7erisinde ko\u015ftuk. Daha \u00f6nce g\u00f6rmedi\u011fim yerleri g\u00f6rd\u00fcm. Keyifli bir ko\u015fuydu. Biti\u015fi sahilde yapmak ayr\u0131 bir keyifti. Ko\u015fucular\u0131n genelde istedi\u011fi bir \u015fey biti\u015ften sonra kendisini denize atmak, ben de \u00f6yle yapt\u0131m. G\u00fczeldi harika&#8221; dedi.<\/p>\n<p>Etkinlik i\u00e7in te\u015fekk\u00fcr eden \u00d6ner, &#8220;Vahap Se\u00e7er Bey&#8217;e \u00e7ok te\u015fekk\u00fcr ederiz. Her zaman bu tarafta, Akdeniz&#8217;de etkinlik olmas\u0131n\u0131 \u00e7ok istiyorduk. Genelde Antalya&#8217;da oluyor ama Mersin taraf\u0131nda da \u00e7ok g\u00fczel oldu. Kat\u0131ld\u0131\u011f\u0131m bir\u00e7ok organizasyona g\u00f6re ba\u015far\u0131l\u0131 ve g\u00fczel bir organizasyon&#8221; ifadelerini kulland\u0131.<\/p>\n<p>&#8220;Hem tarih hem do\u011fan\u0131n bir arada oldu\u011f\u0131 \u00e7ok g\u00fczel yerler g\u00f6rd\u00fck&#8221;<\/p>\n<p>Maratona Ankara&#8217;dan kat\u0131lan ve 54 K Kad\u0131nlar Kategorisinde 1. olan Emine Be\u015fler \u00c7eber, &#8220;\u00c7ok g\u00fczeldi. Parkur kolay diye yorumlar okumu\u015ftum fakat \u00e7ok ac\u0131mas\u0131z bir parkurdu ama g\u00fczeldi. Her kar\u0131\u015f\u0131na de\u011fdi. Keyif ald\u0131m ama s\u0131cak \u00e7ok yordu. Bu kadar s\u0131cak olmasa daha keyifli olurdu. \u00c7ok g\u00fczel yerlerden ge\u00e7tik. Ayn\u0131 anda hem tarih hem do\u011fan\u0131n bir arada oldu\u011fu \u00e7ok g\u00fczel yerler g\u00f6rd\u00fck&#8221; \u015feklinde konu\u015ftu.<\/p>\n<p>Maratonun organizasyon ak\u0131\u015f\u0131n\u0131 da de\u011ferlendiren \u00c7eber, &#8220;Organizasyonda \u00e7ok fazla bir eksiklik g\u00f6rmedim. Check pointler yeterli derecedeydi. So\u011fuk su ve buz olmas\u0131 inan\u0131lmaz g\u00fczeldi. Ge\u00e7en sene arkada\u015flar Lamos Kanyonu&#8217;nu payla\u015fm\u0131\u015flard\u0131, oraya hayran kald\u0131m. O zaman takvime alm\u0131\u015ft\u0131m zaten. S\u0131rf oray\u0131 g\u00f6rmeye geldim diyebilirim. Ger\u00e7ekten de buna de\u011fdi. G\u00f6rd\u00fc\u011f\u00fcm\u00fcz g\u00fczelikler 54K ko\u015fmaya de\u011fiyor&#8221; ifadelerini kulland\u0131.<\/p>\n<p>&#8220;Anlat\u0131lmaz bir duygu i\u00e7erisindeyim&#8221;<\/p>\n<p>Kad\u0131nlar 15K parkuru 2.&#8217;si Bahar \u00d6zacar ise maraton \u00f6ncesinde \u00e7ok \u00e7al\u0131\u015ft\u0131\u011f\u0131n\u0131 belirterek &#8220;Pilates e\u011fitmeniyim. \u015eu an \u00e7ok duyguluyum. \u00d6ncesinde antrenman yapt\u0131m, \u00e7ok \u00e7al\u0131\u015ft\u0131m ve \u015fu an sonucunu g\u00f6rd\u00fc\u011f\u00fcm i\u00e7in anlat\u0131lmaz bir duygu i\u00e7erisindeyim. Parkur ilk 10 kilometrede \u00e7ok zorlad\u0131, 10 kilometreden sonra u\u00e7tum resmen. Yoku\u015f a\u015fa\u011f\u0131 indik hep. Yollar \u00e7ok g\u00fczeldi, son 5 kilometre m\u00fcthi\u015fti. Organizasyon gayet g\u00fczeldi. \u00c7ok g\u00fczel kar\u015f\u0131land\u0131k, kay\u0131t i\u015flemlerimize varana kadar \u00e7ok g\u00fczel ilgilendiler&#8221; diye konu\u015ftu.<\/p>\n<p>&#8220;Zor \u015fartlarda 1.oldum, mutluyum&#8221;<\/p>\n<p>Dumlup\u0131nar \u00dcniversitesi Beden E\u011fitim B\u00f6l\u00fcm\u00fc son s\u0131n\u0131f \u00f6\u011frencisi olan ve Erkekler 15K parkuru 1.&#8217;si olan Sait Kerem Yeti\u015fir ise &#8220;Hava \u00e7ok s\u0131cakt\u0131, zor bir parkurdu. Havayla m\u00fccadele etti\u011fimiz kadar biraz da yolla m\u00fccadele ettik. \u00c7\u00fcnk\u00fc traillerde b\u00f6yle oluyor. Havan\u0131n zorlu\u011funa ra\u011fmen birde yolu bulmaya \u00e7al\u0131\u015f\u0131yoruz. Zor \u015fartlarda 1.oldum, mutluyum. Organizasyon \u00e7ok g\u00fczeldi. Herkese te\u015fekk\u00fcr ediyorum&#8221; dedi.<\/p>\n<p>Maratona k\u00f6pekleri ile kat\u0131ld\u0131lar<\/p>\n<p>Yar\u0131\u015fmaya k\u00f6pekleri &#8216;Merlot&#8217; ile kat\u0131lan A\u015fk\u0131 Erenkul ve \u0130rem Salmano\u011flu  &#8220;\u00c7ok keyifliydi, biz ge\u00e7en sene gelmeyi \u00e7ok istiyorduk a\u00e7\u0131k\u00e7as\u0131, fakat tarihi ka\u00e7\u0131rd\u0131\u011f\u0131m\u0131z i\u00e7in bu seneye k\u0131smet oldu. Bekledi\u011fimizin \u00fczerinde bir parkur oldu. Ger\u00e7ekten rahat bir parkurdu. Merlot i\u00e7in zor bir parkur de\u011fildi ama hava s\u0131cakl\u0131\u011f\u0131 nedeni ile su ihtiyac\u0131n\u0131n giderilmesi gerekiyor&#8221; ifadelerini kulland\u0131lar.   <\/p>\n<p>T\u00fcm kategorilerde ki yar\u0131\u015flar\u0131n tamamlanmas\u0131n\u0131n ard\u0131ndan yap\u0131lan \u00f6d\u00fcl t\u00f6reninde konu\u015fan Mersin b\u00fcy\u00fck\u015fehir Belediyesi Genel Sekreter yard\u0131mc\u0131s\u0131 Serdal G\u00f6kayaz &#8220;Umar\u0131m g\u00fczel bir maraton ge\u00e7ti. Sizlere Mersin B\u00fcy\u00fck\u015fehir Belediye Ba\u015fkan\u0131m\u0131z Vahap Se\u00e7er&#8217;in sevgi ve selamlar\u0131n\u0131 iletmek isterim. Gelecek y\u0131l da sizleri aram\u0131zda g\u00f6rmek isteriz. Bu maratonda eme\u011fi ge\u00e7en t\u00fcm arkada\u015flar\u0131m\u0131za te\u015fekk\u00fcr eder, hepinize ba\u015far\u0131lar dilerim&#8221; dedi.<\/p>\n<p>\u00d6d\u00fcl t\u00f6reninde daha sonra Genel Sekreter Yard\u0131mc\u0131s\u0131 Serdal G\u00f6kayaz, Gen\u00e7lik ve Spor Hizmetleri Dairesi Ba\u015fkan\u0131 Emrullah Ta\u015fk\u0131n, Mersin B\u00fcy\u00fck\u015fehir Belediyesi Erdemli Koordinat\u00f6r\u00fc Vedat Uzunba\u011f, Gen\u00e7lik ve Spor Hizmetleri Dairesi Ba\u015fkanl\u0131\u011f\u0131 Gen\u00e7lik ve Spor Hizmetleri \u015eube M\u00fcd\u00fcr\u00fc B\u00fcnyamin G\u00f6kayaz ve Atletizm Federasyonu Temsilcisi Eray T\u00fcremen taraf\u0131ndan Uluslararas\u0131 Kilikya Ultra Maratonu&#8217;nda dereceye giren sporculara \u00f6d\u00fclleri takdim edildi.<\/p>\n<p>Uluslararas\u0131 Kilikya Ultra Maratonu&#8217;nda dereceye giren sporcular \u015fu isimlerden olu\u015ftu;<\/p>\n<p>54K Erkekler Kategorisi<\/p>\n<p>1.Mehmet Osman D\u00f6ner, 2. Fatih Olcak, 3. Volkan Murat Uzun<\/p>\n<p>54K Kad\u0131nlar Kategorisi<\/p>\n<p>1.Emine Be\u015fler \u00c7eber, 2.Duygu Ba\u015fo\u011flu, 3.Bet\u00fcl Sak\u0131nan<\/p>\n<p>33K Erkekler Kategorisi<\/p>\n<p>1.Koray Het, 2. Metin Kele\u015f, 3. Bekir Do\u011fan<\/p>\n<p>33K Kad\u0131nlar Kategorisi<\/p>\n<p>1.Olga Boldyreva, 2. Anastasia Nikolaeva, 3. \u00dcmm\u00fc Nihal T\u0131rpan<\/p>\n<p>33K Tak\u0131m Kategorisi<\/p>\n<p>1. Dmitrii Malichev, 2. \u0421\u0435\u0440\u0433\u0435\u0439 \u0422\u0435\u0440\u0435\u043d\u0442\u044c\u0435\u0432, 3. Caner Dede<\/p>\n<p>1. Mesude \u00d6den, 2. Ay\u015fe Esen<\/p>\n<p>15K Erkekler Kategorisi<\/p>\n<p>1.Kerem Yeti\u015fir, 2. R\u0131dvan Aykul, 3. Ramazan \u00c7oban<\/p>\n<p>15K Kad\u0131nlar Kategorisi<\/p>\n<p>1. Olga Bondareva, 2. Bahar \u00d6zacar, 3. Sinecan U\u011fur<\/p>\n<p>7K Erkekler Kategorisi<\/p>\n<p>1.Fahrettin \u00c7akay, 2. Mahmut Karap\u0131\u00e7ak, 3. Kirill Miroshnikov<\/p>\n<p>7K Kad\u0131nlar Kategorisi<\/p>\n<p>1. Fadime Suna \u00c7elik, 2. Cansu Kayaalp, 3. Berna G\u00f6kkaya<\/p>\n","protected":false},"excerpt":{"rendered":"<p>Spora ve sporcuya verdi\u011fi b\u00fcy\u00fck \u00f6nemi hayata ge\u00e7irdi\u011fi say\u0131s\u0131z etkinlik ile g\u00f6steren Ba\u015fkan Vahap Se\u00e7er \u00f6nc\u00fcl\u00fc\u011f\u00fcndeki Mersin B\u00fcy\u00fck\u015fehir Belediyesi, ilki ge\u00e7ti\u011fimiz y\u0131l d\u00fczenlenen ve b\u00fcy\u00fck ses getiren Kilikya Ultra Maratonu&#8217;nun &hellip; <a href=\"https:\/\/akdenizolaygazetesi.com\/?p=26299\" class=\"more-link\">Devam\u0131n\u0131 Oku&#8230;<\/a><\/p>\n","protected":false},"author":2,"featured_media":26300,"comment_status":"open","ping_status":"open","sticky":false,"template":"","format":"standard","meta":[],"categories":[7,3,10],"tags":[],"_links":{"self":[{"href":"https:\/\/akdenizolaygazetesi.com\/index.php?rest_route=\/wp\/v2\/posts\/26299"}],"collection":[{"href":"https:\/\/akdenizolaygazetesi.com\/index.php?rest_route=\/wp\/v2\/posts"}],"about":[{"href":"https:\/\/akdenizolaygazetesi.com\/index.php?rest_route=\/wp\/v2\/types\/post"}],"author":[{"embeddable":true,"href":"https:\/\/akdenizolaygazetesi.com\/index.php?rest_route=\/wp\/v2\/users\/2"}],"replies":[{"embeddable":true,"href":"https:\/\/akdenizolaygazetesi.com\/index.php?rest_route=%2Fwp%2Fv2%2Fcomments&post=26299"}],"version-history":[{"count":1,"href":"https:\/\/akdenizolaygazetesi.com\/index.php?rest_route=\/wp\/v2\/posts\/26299\/revisions"}],"predecessor-version":[{"id":26301,"href":"https:\/\/akdenizolaygazetesi.com\/index.php?rest_route=\/wp\/v2\/posts\/26299\/revisions\/26301"}],"wp:featuredmedia":[{"embeddable":true,"href":"https:\/\/akdenizolaygazetesi.com\/index.php?rest_route=\/wp\/v2\/media\/26300"}],"wp:attachment":[{"href":"https:\/\/akdenizolaygazetesi.com\/index.php?rest_route=%2Fwp%2Fv2%2Fmedia&parent=26299"}],"wp:term":[{"taxonomy":"category","embeddable":true,"href":"https:\/\/akdenizolaygazetesi.com\/index.php?rest_route=%2Fwp%2Fv2%2Fcategories&post=26299"},{"taxonomy":"post_tag","embeddable":true,"href":"https:\/\/akdenizolaygazetesi.com\/index.php?rest_route=%2Fwp%2Fv2%2Ftags&post=26299"}],"curies":[{"name":"wp","href":"https:\/\/api.w.org\/{rel}","templated":true}]}}