{"id":26302,"date":"2023-06-12T13:08:50","date_gmt":"2023-06-12T10:08:50","guid":{"rendered":"http:\/\/akdenizolaygazetesi.com\/?p=26302"},"modified":"2023-06-12T13:08:50","modified_gmt":"2023-06-12T10:08:50","slug":"buyuksehirden-ozel-gereksinimli-bireylere-yaza-merhaba-etkinligi","status":"publish","type":"post","link":"https:\/\/akdenizolaygazetesi.com\/?p=26302","title":{"rendered":"B\u00dcY\u00dcK\u015eEH\u0130RDEN, \u00d6ZEL GEREKS\u0130N\u0130ML\u0130 B\u0130REYLERE YAZA MERHABA ETK\u0130NL\u0130\u011e\u0130"},"content":{"rendered":"<p>Mersin B\u00fcy\u00fck\u015fehir Belediyesi Sa\u011fl\u0131k \u0130\u015fleri Dairesi Ba\u015fkanl\u0131\u011f\u0131&#8217;na Ba\u011fl\u0131 Engelliler \u015eube M\u00fcd\u00fcrl\u00fc\u011f\u00fc \u00e7at\u0131s\u0131 alt\u0131nda hizmet veren Mola Evi, \u00f6zel gereksinimli bireylerin sosyal ve psikolojik ihtiya\u00e7lar\u0131n\u0131 kar\u015f\u0131lamaya devam ediyor. Davultepe 100. Y\u0131l Plaj\u0131&#8217;nda ger\u00e7ekle\u015fen etkinli\u011fe aileleri ile birlikte kat\u0131lan \u00f6zel gereksinimli bireyler, g\u00fczel havan\u0131n tad\u0131n\u0131 doyas\u0131ya \u00e7\u0131kard\u0131.<br \/>\n\u00d6\u011fretmenlerin g\u00f6zetiminde \u0131s\u0131nma hareketleri yap\u0131p oyunlar oynayan \u00f6zel gereksinimli bireyler, ailelerinin yapm\u0131\u015f oldu\u011fu yemeklerden de yedi. \u00d6\u011fretmenlerin ve velilerin getirdi\u011fi ikraml\u0131klarla birlikte ziyafete d\u00f6nen piknikte, yeme\u011fin ard\u0131ndan halaylar \u00e7ekilerek, oyun havalar\u0131 oynand\u0131.<br \/>\n\u00d6zdal: &#8220;Havalar\u0131n g\u00fczelle\u015fmesiyle do\u011faya kar\u0131\u015f\u0131p, temiz hava almak istedik&#8221;<br \/>\nYap\u0131lan etkinliklerin, \u00f6ncelikle \u00e7ocuklar\u0131n e\u011flenmesi ve de\u015farj olmas\u0131 \u00fczerine planland\u0131\u011f\u0131n\u0131 s\u00f6yleyen Mola Evi \u00f6\u011fretmenlerinden Fatma Esra \u00d6zdal, &#8220;Mola Evi&#8217;nden yararlanan \u00f6\u011frencilerimize kendi sistemimizden ula\u015farak, belirli zamanlarda onlar\u0131n uygunluklar\u0131na g\u00f6re etkinlikler d\u00fczenliyoruz. Etkinliklerimiz boyunca \u00e7ocuklar\u0131m\u0131zla oyunlar oynuyor, spor aktiviteleri yap\u0131p, onlar\u0131n mutlu olaca\u011f\u0131 m\u00fczikler a\u00e7\u0131yoruz. Havan\u0131n da g\u00fczelle\u015fmesiyle birlikte hem velilerimiz, hem de \u00e7ocuklar\u0131m\u0131zla do\u011faya kar\u0131\u015f\u0131p, temiz hava almak istedik&#8221; dedi.<br \/>\nEtkinliklerin yaln\u0131zca \u00f6zel gereksinimli bireyler i\u00e7in de\u011fil, veliler i\u00e7in de \u00e7ok faydal\u0131 oldu\u011funu dile getiren \u00d6zdal, &#8220;Velilerin normal zamanda \u00e7ok fazla evden \u00e7\u0131kma imk\u00e2n\u0131 olmuyor. Bu etkinlikler sayesinde velilerimiz de birbiriyle kayna\u015f\u0131yor ve fikir al\u0131\u015fveri\u015finde bulunuyor. \u00c7ocuklar\u0131n e\u011fitim ve sa\u011fl\u0131k durumlar\u0131 hakk\u0131nda bilgi sahibi oluyorlar. Hem veliler, hem de \u00e7ocuklar evden \u00e7\u0131k\u0131p sosyalle\u015fiyorlar&#8221; diye konu\u015ftu.<\/p>\n<p>&#8220;Mola Evi sayesinde hem sosyalle\u015ftim, hem a\u00e7\u0131ld\u0131m&#8221;<br \/>\nMola Evi&#8217;ne kat\u0131lmadan \u00f6nce zaman\u0131n\u0131n \u00e7o\u011funu evde ge\u00e7irdi\u011fini s\u00f6yleyen Yaren Sara\u00e7er, &#8220;Mola Evi sayesinde hem sosyalle\u015ftim, hem de a\u00e7\u0131ld\u0131m. Buradaki hocalar\u0131m\u0131zla birlikte s\u00fcrekli faaliyetlerde bulunuyoruz, e\u011fleniyoruz, yeni \u015feyler haz\u0131rl\u0131yoruz&#8221; dedi.<br \/>\nMola Evi&#8217;ndeki \u00f6\u011fretmenlerin \u00e7ok iyi yakla\u015f\u0131m sergiledi\u011fini aktaran Fahime Ata\u015f, &#8220;Piknikte \u00e7ok e\u011fleniyoruz, hocalar\u0131m\u0131zla bir s\u00fcr\u00fc oyun oynad\u0131k. Hepsinden \u00e7ok memnunum ve onlar\u0131 \u00e7ok seviyorum&#8221; diye konu\u015ftu.<br \/>\nMola Evi&#8217;ne kat\u0131ld\u0131\u011f\u0131 g\u00fcnden bug\u00fcne hem k\u0131z\u0131nda, hem de kendinde olumlu de\u011fi\u015fmeler oldu\u011funu ifade eden Seher Sara\u00e7er, &#8220;\u00d6\u011fretmenlerimizden ve B\u00fcy\u00fck\u015fehir Belediye Ba\u015fkan\u0131m\u0131z Vahap Se\u00e7er&#8217;den Allah raz\u0131 olsun. Bu etkinliklerle moralimiz y\u00fckseliyor. Etkinliklerimiz \u00e7ocuklar\u0131m\u0131z i\u00e7in de \u00e7ok faydal\u0131&#8221; diye belirtti.<br \/>\n&#8220;S\u00fcrekli eve kapanan karde\u015fim, \u015fimdi etkinliklere gitmek istiyor&#8221;<br \/>\n\u00dc\u00e7 y\u0131ld\u0131r k\u0131z karde\u015fi i\u00e7in Mola Evi&#8217;ne d\u00fczenli gidip gelen velilerden Erdal Erdo\u011fan, karde\u015fi gibi \u00f6zel gereksinime ihtiya\u00e7 duyan bireylerin arkada\u015fl\u0131k kurabilece\u011fi, sosyalle\u015febilece\u011fi g\u00fczel bir ortam\u0131n oldu\u011funu ifade ederek, &#8220;Bu tarz etkinliklerin olmas\u0131 bizi \u00e7ok mutlu ediyor. \u00c7ocuklar i\u00e7in de hava de\u011fi\u015fimi oluyor. \u00d6nceden k\u0131z karde\u015fim eve kapan\u0131yordu, fakat etkinliklerle birlikte d\u0131\u015far\u0131 \u00e7\u0131kmaya ba\u015flad\u0131k. Etkinlik oldu\u011funda ona soruyoruz, &#8216;gidece\u011fim&#8217; dedi\u011finde biz de heyecanlan\u0131yoruz&#8221; dedi.<br \/>\n&#8220;Sadece Engelliler Haftas\u0131&#8217;nda de\u011fil, her zaman bizi d\u00fc\u015f\u00fcn\u00fcp yan\u0131m\u0131zda oluyorlar&#8221;<br \/>\nMola Evi \u00fcyelerinden Mahmut \u00c7akmak&#8217;\u0131n annesi Nesrin \u00c7akmak, &#8220;Engelsiz Ya\u015fam Merkezi&#8217;ni a\u00e7\u0131p yaln\u0131zca Engelliler Haftas\u0131&#8217;nda de\u011fil, her zaman bizi d\u00fc\u015f\u00fcn\u00fcp yan\u0131m\u0131zda oldu\u011fu i\u00e7in Vahap Se\u00e7er&#8217;e te\u015fekk\u00fcr ediyorum&#8221; dedi.<br \/>\nMezitli Halk E\u011fitim \u00f6\u011fretmenlerinden Filiz Oflaz ise, &#8220;Burada \u00e7ok g\u00fczel bir etkinli\u011fe denk geldik. \u00c7ocuklar\u0131m\u0131z\u0131 \u00e7ok mutlu g\u00f6rd\u00fcm. Enerjileri o kadar y\u00fcksek ki, belli ki \u00f6\u011fretmenlerimiz onlarla \u00e7ok iyi ilgileniyorlar. \u00c7ocuklar\u0131n y\u00fczlerinden, bak\u0131\u015flar\u0131ndan anla\u015f\u0131l\u0131yor&#8221; ifadelerini kulland\u0131.<\/p>\n","protected":false},"excerpt":{"rendered":"<p>Mersin B\u00fcy\u00fck\u015fehir Belediyesi Sa\u011fl\u0131k \u0130\u015fleri Dairesi Ba\u015fkanl\u0131\u011f\u0131&#8217;na Ba\u011fl\u0131 Engelliler \u015eube M\u00fcd\u00fcrl\u00fc\u011f\u00fc \u00e7at\u0131s\u0131 alt\u0131nda hizmet veren Mola Evi, \u00f6zel gereksinimli bireylerin sosyal ve psikolojik ihtiya\u00e7lar\u0131n\u0131 kar\u015f\u0131lamaya devam ediyor. Davultepe 100. Y\u0131l &hellip; <a href=\"https:\/\/akdenizolaygazetesi.com\/?p=26302\" class=\"more-link\">Devam\u0131n\u0131 Oku&#8230;<\/a><\/p>\n","protected":false},"author":2,"featured_media":26303,"comment_status":"open","ping_status":"open","sticky":false,"template":"","format":"standard","meta":[],"categories":[2,3],"tags":[],"_links":{"self":[{"href":"https:\/\/akdenizolaygazetesi.com\/index.php?rest_route=\/wp\/v2\/posts\/26302"}],"collection":[{"href":"https:\/\/akdenizolaygazetesi.com\/index.php?rest_route=\/wp\/v2\/posts"}],"about":[{"href":"https:\/\/akdenizolaygazetesi.com\/index.php?rest_route=\/wp\/v2\/types\/post"}],"author":[{"embeddable":true,"href":"https:\/\/akdenizolaygazetesi.com\/index.php?rest_route=\/wp\/v2\/users\/2"}],"replies":[{"embeddable":true,"href":"https:\/\/akdenizolaygazetesi.com\/index.php?rest_route=%2Fwp%2Fv2%2Fcomments&post=26302"}],"version-history":[{"count":1,"href":"https:\/\/akdenizolaygazetesi.com\/index.php?rest_route=\/wp\/v2\/posts\/26302\/revisions"}],"predecessor-version":[{"id":26304,"href":"https:\/\/akdenizolaygazetesi.com\/index.php?rest_route=\/wp\/v2\/posts\/26302\/revisions\/26304"}],"wp:featuredmedia":[{"embeddable":true,"href":"https:\/\/akdenizolaygazetesi.com\/index.php?rest_route=\/wp\/v2\/media\/26303"}],"wp:attachment":[{"href":"https:\/\/akdenizolaygazetesi.com\/index.php?rest_route=%2Fwp%2Fv2%2Fmedia&parent=26302"}],"wp:term":[{"taxonomy":"category","embeddable":true,"href":"https:\/\/akdenizolaygazetesi.com\/index.php?rest_route=%2Fwp%2Fv2%2Fcategories&post=26302"},{"taxonomy":"post_tag","embeddable":true,"href":"https:\/\/akdenizolaygazetesi.com\/index.php?rest_route=%2Fwp%2Fv2%2Ftags&post=26302"}],"curies":[{"name":"wp","href":"https:\/\/api.w.org\/{rel}","templated":true}]}}