{"id":26331,"date":"2023-06-13T13:19:25","date_gmt":"2023-06-13T10:19:25","guid":{"rendered":"http:\/\/akdenizolaygazetesi.com\/?p=26331"},"modified":"2023-06-13T13:19:25","modified_gmt":"2023-06-13T10:19:25","slug":"orman-sporu-sampiyonluga-ugurladik","status":"publish","type":"post","link":"https:\/\/akdenizolaygazetesi.com\/?p=26331","title":{"rendered":"&#8216;Orman Sporu \u015eampiyonlu\u011fa U\u011furlad\u0131k&#8217;"},"content":{"rendered":"<p>Mersin Orman Spor Kul\u00fcb\u00fc Orman Spor U-15 tak\u0131m\u0131m\u0131z Aksaray ilinde T\u00fcrkiye \u015eampiyonluk yolculu\u011fa ba\u015flad\u0131.<\/p>\n<p>Mersin Orman Spor olarak kat\u0131laca\u011f\u0131 m\u00fcsabakalar \u00f6ncesi Teknik Direkt\u00f6r O\u011fuzhan Tutar ba\u015fkanl\u0131\u011f\u0131nda sporcu kafilesi Orman B\u00f6lge M\u00fcd\u00fcr\u00fcm\u00fcz Mustafa Yal\u00e7\u0131n\u2019\u0131 ziyaret ettiler.<\/p>\n<p>Orman B\u00f6lge M\u00fcd\u00fcr\u00fc Mustafa Yal\u00e7\u0131n, Mersin Orman Spor Kul\u00fcb\u00fc Orman Spor U-15 tak\u0131m\u0131m\u0131z\u0131n ziyaretlerinden duydu\u011fu memnuniyeti dile getirerek, bug\u00fcne kadar gecesini g\u00fcnd\u00fcz\u00fcne katarak \u00e7al\u0131\u015fan y\u00f6netim kurulumuza ve sporcular\u0131m\u0131za te\u015fekk\u00fcr ederek ba\u015far\u0131lar\u0131n\u0131n devam\u0131n\u0131 diledi.<\/p>\n","protected":false},"excerpt":{"rendered":"<p>Mersin Orman Spor Kul\u00fcb\u00fc Orman Spor U-15 tak\u0131m\u0131m\u0131z Aksaray ilinde T\u00fcrkiye \u015eampiyonluk yolculu\u011fa ba\u015flad\u0131. Mersin Orman Spor olarak kat\u0131laca\u011f\u0131 m\u00fcsabakalar \u00f6ncesi Teknik Direkt\u00f6r O\u011fuzhan Tutar ba\u015fkanl\u0131\u011f\u0131nda sporcu kafilesi Orman B\u00f6lge &hellip; <a href=\"https:\/\/akdenizolaygazetesi.com\/?p=26331\" class=\"more-link\">Devam\u0131n\u0131 Oku&#8230;<\/a><\/p>\n","protected":false},"author":2,"featured_media":26332,"comment_status":"open","ping_status":"open","sticky":false,"template":"","format":"standard","meta":[],"categories":[3,10],"tags":[],"_links":{"self":[{"href":"https:\/\/akdenizolaygazetesi.com\/index.php?rest_route=\/wp\/v2\/posts\/26331"}],"collection":[{"href":"https:\/\/akdenizolaygazetesi.com\/index.php?rest_route=\/wp\/v2\/posts"}],"about":[{"href":"https:\/\/akdenizolaygazetesi.com\/index.php?rest_route=\/wp\/v2\/types\/post"}],"author":[{"embeddable":true,"href":"https:\/\/akdenizolaygazetesi.com\/index.php?rest_route=\/wp\/v2\/users\/2"}],"replies":[{"embeddable":true,"href":"https:\/\/akdenizolaygazetesi.com\/index.php?rest_route=%2Fwp%2Fv2%2Fcomments&post=26331"}],"version-history":[{"count":1,"href":"https:\/\/akdenizolaygazetesi.com\/index.php?rest_route=\/wp\/v2\/posts\/26331\/revisions"}],"predecessor-version":[{"id":26333,"href":"https:\/\/akdenizolaygazetesi.com\/index.php?rest_route=\/wp\/v2\/posts\/26331\/revisions\/26333"}],"wp:featuredmedia":[{"embeddable":true,"href":"https:\/\/akdenizolaygazetesi.com\/index.php?rest_route=\/wp\/v2\/media\/26332"}],"wp:attachment":[{"href":"https:\/\/akdenizolaygazetesi.com\/index.php?rest_route=%2Fwp%2Fv2%2Fmedia&parent=26331"}],"wp:term":[{"taxonomy":"category","embeddable":true,"href":"https:\/\/akdenizolaygazetesi.com\/index.php?rest_route=%2Fwp%2Fv2%2Fcategories&post=26331"},{"taxonomy":"post_tag","embeddable":true,"href":"https:\/\/akdenizolaygazetesi.com\/index.php?rest_route=%2Fwp%2Fv2%2Ftags&post=26331"}],"curies":[{"name":"wp","href":"https:\/\/api.w.org\/{rel}","templated":true}]}}