{"id":26340,"date":"2023-06-13T13:26:13","date_gmt":"2023-06-13T10:26:13","guid":{"rendered":"http:\/\/akdenizolaygazetesi.com\/?p=26340"},"modified":"2023-06-13T13:26:13","modified_gmt":"2023-06-13T10:26:13","slug":"mersin-insan-kaynaklari-calistay-raporu-hazirlaniyor","status":"publish","type":"post","link":"https:\/\/akdenizolaygazetesi.com\/?p=26340","title":{"rendered":"MERS\u0130N \u0130NSAN KAYNAKLARI \u00c7ALI\u015eTAY RAPORU HAZIRLANIYOR"},"content":{"rendered":"<p>4 May\u0131s 2023 tarihinde Mersin B\u00fcy\u00fck\u015fehir Belediyesi Kariyer Merkezi ev sahipli\u011finde ger\u00e7ekle\u015ftirilen Mersin \u0130nsan Kaynaklar\u0131 \u00c7al\u0131\u015ftay\u0131&#8217;na, 200&#8217;den fazla temsilci kat\u0131l\u0131m sa\u011flam\u0131\u015ft\u0131. &#8216;\u0130stihdam, i\u015fsizlik, giri\u015fimcilik, i\u015f arayan \u00f6\u011frencilere y\u00f6nelik hizmetler, i\u015fverenlere, \u00e7al\u0131\u015fanlara y\u00f6nelik hizmetler&#8217; gibi konu ba\u015fl\u0131klar\u0131n\u0131n tart\u0131\u015f\u0131ld\u0131\u011f\u0131 \u00e7al\u0131\u015ftay\u0131n sonu\u00e7 raporu i\u00e7in harekete ge\u00e7ildi.<br \/>\n31 May\u0131s 2023 tarihinde Kariyer Merkezi ev sahipli\u011finde Mersin Ticaret ve Sanayi Odas\u0131&#8217;nda d\u00fczenlenen planlama toplant\u0131s\u0131na kentteki \u00fcniversiteler, \u0130l Milli E\u011fitim M\u00fcd\u00fcrl\u00fc\u011f\u00fc, oda ve sivil toplum kurulu\u015flar\u0131n\u0131n temsilcileri kat\u0131ld\u0131.<br \/>\nGelece\u011fe haz\u0131rl\u0131k i\u00e7in rapor, ba\u015fvuru kayna\u011f\u0131 olacak<br \/>\nB\u00fcy\u00fck\u015fehir Belediyesi Kariyer Merkezi \u015eube M\u00fcd\u00fcr\u00fc Serkan \u00d6zada planlama toplant\u0131s\u0131nda, kurumlar aras\u0131 i\u015fbirli\u011fine dayal\u0131 olarak kamu kurumlar\u0131, \u00fcniversiteler, odalar, sivil toplum kurulu\u015flar\u0131, \u00f6zel sekt\u00f6r temsilcileri, i\u015f arayanlar ve \u00f6\u011frencilerin geni\u015f kat\u0131l\u0131m\u0131 ile \u0130nsan Kaynaklar\u0131 alan\u0131nda b\u00fcy\u00fck bir \u00e7al\u0131\u015fmaya imza att\u0131klar\u0131n\u0131n alt\u0131n\u0131 \u00e7izdi. Pandemi ve dijital d\u00f6n\u00fc\u015f\u00fcm s\u00fcrecinin i\u015f hayat\u0131nda b\u00fcy\u00fck bir de\u011fi\u015fime yol a\u00e7t\u0131\u011f\u0131n\u0131 belirten \u00d6zada; i\u015flerin tan\u0131m\u0131, i\u00e7erikleri, \u00e7al\u0131\u015fma \u015fekilleri, ba\u015far\u0131l\u0131 olmak i\u00e7in gerekli yetkinlikler gibi bir\u00e7ok noktada, Mersin&#8217;in kendisini yeniden de\u011ferlendirmesinin \u00f6neminden bahsetti.<br \/>\n\u00c7al\u0131\u015ftay\u0131n sonu\u00e7 raporunu haz\u0131rlamak \u00fczere, moderat\u00f6rler ve masa liderleri ile planlama toplant\u0131s\u0131n\u0131 ger\u00e7ekle\u015ftirdiklerini s\u00f6zlerine ekleyen \u00d6zada, \u00e7\u0131kacak raporun hem akademik, hem de pratik \u00e7er\u00e7evede ilgili kurum ve kurulu\u015flar ile kamuoyu i\u00e7in ba\u015fvuru kayna\u011f\u0131 niteli\u011finde olmas\u0131n\u0131 ama\u00e7lad\u0131klar\u0131n\u0131 belirtti.<\/p>\n","protected":false},"excerpt":{"rendered":"<p>4 May\u0131s 2023 tarihinde Mersin B\u00fcy\u00fck\u015fehir Belediyesi Kariyer Merkezi ev sahipli\u011finde ger\u00e7ekle\u015ftirilen Mersin \u0130nsan Kaynaklar\u0131 \u00c7al\u0131\u015ftay\u0131&#8217;na, 200&#8217;den fazla temsilci kat\u0131l\u0131m sa\u011flam\u0131\u015ft\u0131. &#8216;\u0130stihdam, i\u015fsizlik, giri\u015fimcilik, i\u015f arayan \u00f6\u011frencilere y\u00f6nelik hizmetler, i\u015fverenlere, &hellip; <a href=\"https:\/\/akdenizolaygazetesi.com\/?p=26340\" class=\"more-link\">Devam\u0131n\u0131 Oku&#8230;<\/a><\/p>\n","protected":false},"author":2,"featured_media":26341,"comment_status":"open","ping_status":"open","sticky":false,"template":"","format":"standard","meta":[],"categories":[2,3],"tags":[],"_links":{"self":[{"href":"https:\/\/akdenizolaygazetesi.com\/index.php?rest_route=\/wp\/v2\/posts\/26340"}],"collection":[{"href":"https:\/\/akdenizolaygazetesi.com\/index.php?rest_route=\/wp\/v2\/posts"}],"about":[{"href":"https:\/\/akdenizolaygazetesi.com\/index.php?rest_route=\/wp\/v2\/types\/post"}],"author":[{"embeddable":true,"href":"https:\/\/akdenizolaygazetesi.com\/index.php?rest_route=\/wp\/v2\/users\/2"}],"replies":[{"embeddable":true,"href":"https:\/\/akdenizolaygazetesi.com\/index.php?rest_route=%2Fwp%2Fv2%2Fcomments&post=26340"}],"version-history":[{"count":1,"href":"https:\/\/akdenizolaygazetesi.com\/index.php?rest_route=\/wp\/v2\/posts\/26340\/revisions"}],"predecessor-version":[{"id":26342,"href":"https:\/\/akdenizolaygazetesi.com\/index.php?rest_route=\/wp\/v2\/posts\/26340\/revisions\/26342"}],"wp:featuredmedia":[{"embeddable":true,"href":"https:\/\/akdenizolaygazetesi.com\/index.php?rest_route=\/wp\/v2\/media\/26341"}],"wp:attachment":[{"href":"https:\/\/akdenizolaygazetesi.com\/index.php?rest_route=%2Fwp%2Fv2%2Fmedia&parent=26340"}],"wp:term":[{"taxonomy":"category","embeddable":true,"href":"https:\/\/akdenizolaygazetesi.com\/index.php?rest_route=%2Fwp%2Fv2%2Fcategories&post=26340"},{"taxonomy":"post_tag","embeddable":true,"href":"https:\/\/akdenizolaygazetesi.com\/index.php?rest_route=%2Fwp%2Fv2%2Ftags&post=26340"}],"curies":[{"name":"wp","href":"https:\/\/api.w.org\/{rel}","templated":true}]}}