{"id":26349,"date":"2023-06-13T13:34:57","date_gmt":"2023-06-13T10:34:57","guid":{"rendered":"http:\/\/akdenizolaygazetesi.com\/?p=26349"},"modified":"2023-06-13T13:34:57","modified_gmt":"2023-06-13T10:34:57","slug":"cocuklar-akkuyu-ngsyi-ziyaret-etti","status":"publish","type":"post","link":"https:\/\/akdenizolaygazetesi.com\/?p=26349","title":{"rendered":"\u00c7OCUKLAR AKKUYU NGS\u2019Y\u0130 Z\u0130YARET ETT\u0130"},"content":{"rendered":"<p> Akkuyu N\u00fckleer G\u00fc\u00e7 Santrali\u2019nin (NGS) in\u015fa edildi\u011fi b\u00f6lgedeki okullardan 150\u2019den fazla \u00e7ocuk, d\u00fcnyan\u0131n en b\u00fcy\u00fck n\u00fckleer \u015fantiyesi olan Akkuyu NGS\u2019yi ilk kez ziyaret etti. Geziye kat\u0131lan \u00e7ocuklara, en g\u00fcvenli ve istikrarl\u0131 elektrik kaynaklar\u0131ndan olan n\u00fckleer enerjinin \u00fcretilece\u011fi Akkuyu NGS in\u015faat sahas\u0131 gezdirildi. \u00c7ocuklara, gezi kapsam\u0131nda n\u00fckleer enerjinin T\u00fcrkiye\u2019nin gelece\u011fi i\u00e7in ta\u015f\u0131d\u0131\u011f\u0131 \u00f6nem de anlat\u0131ld\u0131.<br \/>\nGezi d\u00fczenleme fikri, Rusya Devlet N\u00fckleer Enerji Kurulu\u015fu Rosatom Genel M\u00fcd\u00fcr\u00fc Aleksey Likhachev ile G\u00fclnar Kaymakam\u0131 Musa Ayy\u0131ld\u0131z aras\u0131nda Akkuyu NGS\u2019ye ilk parti n\u00fckleer yak\u0131t teslimat\u0131n\u0131n \u00f6ncesinde B\u00fcy\u00fckeceli \u0130lkokulu\u2019nda yap\u0131lan toplant\u0131da dile getirilmi\u015fti.<br \/>\nSaha turundan \u00f6nce, i\u015f g\u00fcvenli\u011fi hakk\u0131nda bilgilendirilen \u00e7ocuklara baret ve yelekten olu\u015fan ki\u015fisel koruyucu ekipmanlar teslim edildi. Akkuyu NGS\u2019deki gezi, n\u00fckleer g\u00fc\u00e7 santraline ekipman ve malzeme getiren gemilerin bo\u015falt\u0131ld\u0131\u011f\u0131 Do\u011fu Kargo Terminali\u2019nden ba\u015flad\u0131. Her \u00f6\u011frenciye d\u00fcnyan\u0131n en b\u00fcy\u00fck paletli vincinin operat\u00f6r koltu\u011funa oturma imk\u00e2n\u0131 sunuldu. Saha turunun en ak\u0131lda kalan duraklar\u0131ndan biri, itfaiye birimi oldu. Burada \u00e7ocuklara arama-kurtarma \u00e7al\u0131\u015fmalar\u0131 hakk\u0131nda bilgi verildi ve itfaiye erlerinin \u00e7al\u0131\u015fmas\u0131nda h\u0131z\u0131n ne kadar \u00f6nem ta\u015f\u0131d\u0131\u011f\u0131 g\u00f6sterildi. \u0130tfaiye erleri \u00e7ocuklara, acil bir durumda nas\u0131l h\u0131zl\u0131 m\u00fcdahale ve hareket ettiklerini de yerinde anlatt\u0131. Gezi, panoramik bir Akkuyu NGS in\u015faat sahas\u0131 manzaras\u0131na sahip olan seyir tepesinde sona erdi.<br \/>\nAKKUYU N\u00dcKLEER A.\u015e. Genel M\u00fcd\u00fcr\u00fc Anastasia Zoteeva geziyle ilgili \u015funlar\u0131 s\u00f6yledi: \u201cAkkuyu NGS sahas\u0131ndaki her \u00e7ocuk gezisi, projenin t\u00fcm \u00e7al\u0131\u015fanlar\u0131 i\u00e7in b\u00fcy\u00fck bir mutluluk. \u00d6\u011frenciler, in\u015faat\u0131n b\u00fcy\u00fckl\u00fc\u011f\u00fcne hayran kal\u0131yor ve bu samimi duygular\u0131 bizi mutlu ediyor! \u00c7ocuklar\u0131n bir\u00e7o\u011funun Akkuyu NGS\u2019de \u00e7al\u0131\u015fan ve bu i\u015fe b\u00fcy\u00fck emek veren ebeveynleri var. \u00c7ocuklar\u0131n, ebeveynlerinin ba\u015far\u0131lar elde etti\u011fi \u015firket hakk\u0131nda bilgi edinmesi iyi bir \u015fey. D\u00fcnyan\u0131n en b\u00fcy\u00fck n\u00fckleer \u015fantiyesinde g\u00f6sterece\u011fimiz \u015feyler var. Tur g\u00fczergah\u0131 da tesad\u00fcfen belirlenmedi. Bu, uzun s\u00fcredir y\u00fcr\u00fctt\u00fc\u011f\u00fcm\u00fcz kariyer rehberli\u011fi projesinin bir par\u00e7as\u0131. Bu g\u00fczerg\u00e2h, \u00e7ocuklar\u0131n \u00e7ok farkl\u0131 meslekleri \u00f6\u011frenmelerine imk\u00e2n tan\u0131yor. Burada in\u015faat\u00e7\u0131lar, m\u00fchendisler, tasar\u0131mc\u0131lar, ekologlar, vin\u00e7 operat\u00f6rleri, s\u00fcr\u00fcc\u00fcler, avukatlar, ekonomistler, NGS projesi y\u00f6netimi ve i\u015fletimi alan\u0131ndaki uzmanlar \u00e7al\u0131\u015f\u0131yor.  \u00d6\u011frenciler, bu uzmanl\u0131k alanlar\u0131n\u0131n \u00f6zellikleri hakk\u0131nda \u00e7ok say\u0131da ilgi \u00e7ekici sorular y\u00f6neltiyor ve bu alanlara ilgi g\u00f6steriyorlar.\u201d<\/p>\n","protected":false},"excerpt":{"rendered":"<p>Akkuyu N\u00fckleer G\u00fc\u00e7 Santrali\u2019nin (NGS) in\u015fa edildi\u011fi b\u00f6lgedeki okullardan 150\u2019den fazla \u00e7ocuk, d\u00fcnyan\u0131n en b\u00fcy\u00fck n\u00fckleer \u015fantiyesi olan Akkuyu NGS\u2019yi ilk kez ziyaret etti. Geziye kat\u0131lan \u00e7ocuklara, en g\u00fcvenli ve &hellip; <a href=\"https:\/\/akdenizolaygazetesi.com\/?p=26349\" class=\"more-link\">Devam\u0131n\u0131 Oku&#8230;<\/a><\/p>\n","protected":false},"author":2,"featured_media":26350,"comment_status":"open","ping_status":"open","sticky":false,"template":"","format":"standard","meta":[],"categories":[2,3,11],"tags":[],"_links":{"self":[{"href":"https:\/\/akdenizolaygazetesi.com\/index.php?rest_route=\/wp\/v2\/posts\/26349"}],"collection":[{"href":"https:\/\/akdenizolaygazetesi.com\/index.php?rest_route=\/wp\/v2\/posts"}],"about":[{"href":"https:\/\/akdenizolaygazetesi.com\/index.php?rest_route=\/wp\/v2\/types\/post"}],"author":[{"embeddable":true,"href":"https:\/\/akdenizolaygazetesi.com\/index.php?rest_route=\/wp\/v2\/users\/2"}],"replies":[{"embeddable":true,"href":"https:\/\/akdenizolaygazetesi.com\/index.php?rest_route=%2Fwp%2Fv2%2Fcomments&post=26349"}],"version-history":[{"count":1,"href":"https:\/\/akdenizolaygazetesi.com\/index.php?rest_route=\/wp\/v2\/posts\/26349\/revisions"}],"predecessor-version":[{"id":26351,"href":"https:\/\/akdenizolaygazetesi.com\/index.php?rest_route=\/wp\/v2\/posts\/26349\/revisions\/26351"}],"wp:featuredmedia":[{"embeddable":true,"href":"https:\/\/akdenizolaygazetesi.com\/index.php?rest_route=\/wp\/v2\/media\/26350"}],"wp:attachment":[{"href":"https:\/\/akdenizolaygazetesi.com\/index.php?rest_route=%2Fwp%2Fv2%2Fmedia&parent=26349"}],"wp:term":[{"taxonomy":"category","embeddable":true,"href":"https:\/\/akdenizolaygazetesi.com\/index.php?rest_route=%2Fwp%2Fv2%2Fcategories&post=26349"},{"taxonomy":"post_tag","embeddable":true,"href":"https:\/\/akdenizolaygazetesi.com\/index.php?rest_route=%2Fwp%2Fv2%2Ftags&post=26349"}],"curies":[{"name":"wp","href":"https:\/\/api.w.org\/{rel}","templated":true}]}}