{"id":26355,"date":"2023-06-13T17:21:54","date_gmt":"2023-06-13T14:21:54","guid":{"rendered":"http:\/\/akdenizolaygazetesi.com\/?p=26355"},"modified":"2023-06-13T17:21:54","modified_gmt":"2023-06-13T14:21:54","slug":"sanayiciler-sordu-baskan-tekli-cevapladi","status":"publish","type":"post","link":"https:\/\/akdenizolaygazetesi.com\/?p=26355","title":{"rendered":"Sanayiciler sordu, Ba\u015fkan Tekli cevaplad\u0131"},"content":{"rendered":"<p>Mersin Tarsus Organize Sanayi B\u00f6lgesi Sanayici Bilgilendirme Toplant\u0131s\u0131 ger\u00e7ekle\u015ftirildi. Toplant\u0131da sanayiciler istek ve sorular\u0131n\u0131 Ba\u015fkan Tekli ve y\u00f6netim kuruluna ilettiler.<\/p>\n<p>MTOSB Konferans Salonu&#8217;nda ger\u00e7ekle\u015ftirilen toplant\u0131ya Ba\u015fkan Sabri Tekli, B\u00f6lge M\u00fcd\u00fcr\u00fc Halil Y\u0131lmaz, Model Fabrika ve \u0130novasyon Merkezi Y\u00f6netim Kurulu Ba\u015fkan Yard\u0131mc\u0131s\u0131 Cenk Cenkcimeno\u011flu ve sanayiciler kat\u0131ld\u0131.<\/p>\n<p>Yap\u0131lan toplant\u0131n\u0131n a\u00e7\u0131l\u0131\u015f\u0131nda yap\u0131lan \u00e7al\u0131\u015fmalar ve \u00f6n\u00fcm\u00fczdeki d\u00f6nem ger\u00e7ekle\u015fecek projeler ile ilgili sanayicilere bilgi veren B\u00f6lge M\u00fcd\u00fcr\u00fc Halil Y\u0131lmaz&#8217;\u0131n ard\u0131ndan Model Fabrika ve \u0130novasyon Merkezi Y\u00f6netim Kurulu Ba\u015fkan Yard\u0131mc\u0131s\u0131 Cenk Cenkcimeno\u011flu, Model Fabrika&#8217;daki \u00e7al\u0131\u015fmalar\u0131 anlatt\u0131.<\/p>\n<p>4. VE 5. B\u00d6LGE M\u00dcJDES\u0130<\/p>\n<p>Ba\u015fkan Sabri Tekli ise yapt\u0131\u011f\u0131 konu\u015fmada, k\u0131sa s\u00fcre i\u00e7erisinde yeni yat\u0131r\u0131m alanlar\u0131 olu\u015fturacaklar\u0131n\u0131n m\u00fcjdesini verdi. Tekli, &#8216;4. ve 5. B\u00f6lgelerimizin sonuna geldik. Burada \u00e7ok ciddi bir sanayi alan\u0131n\u0131 yat\u0131r\u0131mc\u0131 sanayicilerimize kazand\u0131raca\u011f\u0131z. Bu hem kentimiz, hem de \u00fclke ekonomimiz a\u00e7\u0131s\u0131ndan b\u00fcy\u00fck \u00f6nem ta\u015f\u0131yor. Yeni a\u00e7aca\u011f\u0131m\u0131z sanayi alanlar\u0131 ile b\u00f6lge say\u0131m\u0131z\u0131 5&#8217;e \u00e7\u0131kar\u0131rken, \u00fcretim alan\u0131m\u0131z\u0131 da 756 hektar alandan 1.084 hektar y\u00fcz\u00f6l\u00e7\u00fcm\u00fcne ula\u015ft\u0131raca\u011f\u0131z. Bu kentimiz ad\u0131na olduk\u00e7a \u00f6nemli bir rakam&#8217; dedi.<\/p>\n<p>&#8216;SAVUNMA SANAY\u0130NE B\u00dcY\u00dcK \u00d6NEM VER\u0130YORUZ&#8217;<\/p>\n<p>Mersin&#8217;in savunma sanayinden hak etti\u011fi pay\u0131 alabilmesi i\u00e7in gerekli \u00e7al\u0131\u015fmalar\u0131 y\u00fcr\u00fctt\u00fcklerini kaydeden Ba\u015fkan Tekli, &#8216;Savunma sanayine b\u00fcy\u00fck \u00f6nem veriyoruz. \u0130DEF fuar\u0131na kat\u0131laca\u011f\u0131z. Savunma sanayinde neler yap\u0131labilece\u011fini \u00f6n\u00fcm\u00fczdeki g\u00fcnlerde sanayicilerimiz ile bir toplant\u0131 yaparak anlataca\u011f\u0131z. Savunma sanayi demek sadece ara\u00e7 gerek \u00fcretmek demek de\u011fil. Yiyecek i\u00e7ecekten, tekstil sekt\u00f6r\u00fcne kadar savunma sanayi i\u00e7erisinde yer al\u0131nabilecek sekt\u00f6rler var. \u00c7KA projelerinin y\u00fczde 50&#8217;si savunma sanayi destekli. Model Fabrika i\u00e7inde SAHA \u0130stanbul \u0130rtibat Ofisimizi kurduk. \u00d6n\u00fcm\u00fczdeki d\u00f6nemde bu konuya hassasiyet g\u00f6sterece\u011fiz. Mersin&#8217;in savunma sanayinde pay sahibi olabilmesi ad\u0131na sanayicilerimizi bilgilendirece\u011fiz&#8217; dedi.<\/p>\n<p>&#8216;T\u00dcM SANAY\u0130C\u0130LER\u0130M\u0130ZE TE\u015eEKK\u00dcR EDER\u0130M&#8217;<\/p>\n<p>Depremin ya\u015fand\u0131\u011f\u0131 6 \u015eubat tarihinden itibaren MTOSB&#8217;nin kenetlenerek hareket etti\u011fini ifade eden Ba\u015fkan Tekli, &#8216;Biz MTOSB B\u00f6lge M\u00fcd\u00fcrl\u00fc\u011f\u00fc olarak, bakanl\u0131\u011f\u0131m\u0131z koordinesinde 20 milyona yak\u0131n bir harcama yaparak depremden etkilenen 10 ilimize 5 t\u0131r jenerat\u00f6r g\u00f6nderdik. Bunun yan\u0131 s\u0131ra sanayicilerimizin bizlere ula\u015ft\u0131rd\u0131\u011f\u0131 yard\u0131m paketlerinin 10 ilimize g\u00f6nderilmesine vesile olduk. Bu anlamda t\u00fcm sanayicilerimize \u015f\u00fckranlar\u0131m\u0131 sunuyorum. B\u00f6yle bir milletin evlad\u0131 olmaktan gurur duyuyorum. Deprem b\u00f6lgesine en \u00e7ok deste\u011fi Mersin verdi. B\u00fcy\u00fck bir birlik ve beraberlik \u00f6rne\u011fi sergiledik. Camimizi depremzedelerin hizmetine sunduk. 200 yatakl\u0131 bir bar\u0131nma merkezi olu\u015fturduk ve \u015fu ana kadar y\u00fczlerce depremzedeyi burada misafir ettik. Halen 28 depremzede vatanda\u015f\u0131m\u0131z\u0131 misafir ediyoruz. Depremde ya\u015fanan bu birlik ve beraberlik beni halen duyguland\u0131r\u0131yor&#8217; dedi.<\/p>\n<p>Ba\u015fkan Tekli&#8217;nin konu\u015fmalar\u0131n\u0131n ard\u0131ndan sanayiciler istek ve \u00f6nerilerini Y\u00f6netim Kurulu&#8217;na iletirken, farkl\u0131 konularda yap\u0131lmas\u0131 gereken \u00e7al\u0131\u015fmalar ile ilgili fikir al\u0131\u015fveri\u015finde bulundular. <\/p>\n","protected":false},"excerpt":{"rendered":"<p>Mersin Tarsus Organize Sanayi B\u00f6lgesi Sanayici Bilgilendirme Toplant\u0131s\u0131 ger\u00e7ekle\u015ftirildi. Toplant\u0131da sanayiciler istek ve sorular\u0131n\u0131 Ba\u015fkan Tekli ve y\u00f6netim kuruluna ilettiler. MTOSB Konferans Salonu&#8217;nda ger\u00e7ekle\u015ftirilen toplant\u0131ya Ba\u015fkan Sabri Tekli, B\u00f6lge M\u00fcd\u00fcr\u00fc &hellip; <a href=\"https:\/\/akdenizolaygazetesi.com\/?p=26355\" class=\"more-link\">Devam\u0131n\u0131 Oku&#8230;<\/a><\/p>\n","protected":false},"author":2,"featured_media":26356,"comment_status":"open","ping_status":"open","sticky":false,"template":"","format":"standard","meta":[],"categories":[8,2,3],"tags":[],"_links":{"self":[{"href":"https:\/\/akdenizolaygazetesi.com\/index.php?rest_route=\/wp\/v2\/posts\/26355"}],"collection":[{"href":"https:\/\/akdenizolaygazetesi.com\/index.php?rest_route=\/wp\/v2\/posts"}],"about":[{"href":"https:\/\/akdenizolaygazetesi.com\/index.php?rest_route=\/wp\/v2\/types\/post"}],"author":[{"embeddable":true,"href":"https:\/\/akdenizolaygazetesi.com\/index.php?rest_route=\/wp\/v2\/users\/2"}],"replies":[{"embeddable":true,"href":"https:\/\/akdenizolaygazetesi.com\/index.php?rest_route=%2Fwp%2Fv2%2Fcomments&post=26355"}],"version-history":[{"count":1,"href":"https:\/\/akdenizolaygazetesi.com\/index.php?rest_route=\/wp\/v2\/posts\/26355\/revisions"}],"predecessor-version":[{"id":26357,"href":"https:\/\/akdenizolaygazetesi.com\/index.php?rest_route=\/wp\/v2\/posts\/26355\/revisions\/26357"}],"wp:featuredmedia":[{"embeddable":true,"href":"https:\/\/akdenizolaygazetesi.com\/index.php?rest_route=\/wp\/v2\/media\/26356"}],"wp:attachment":[{"href":"https:\/\/akdenizolaygazetesi.com\/index.php?rest_route=%2Fwp%2Fv2%2Fmedia&parent=26355"}],"wp:term":[{"taxonomy":"category","embeddable":true,"href":"https:\/\/akdenizolaygazetesi.com\/index.php?rest_route=%2Fwp%2Fv2%2Fcategories&post=26355"},{"taxonomy":"post_tag","embeddable":true,"href":"https:\/\/akdenizolaygazetesi.com\/index.php?rest_route=%2Fwp%2Fv2%2Ftags&post=26355"}],"curies":[{"name":"wp","href":"https:\/\/api.w.org\/{rel}","templated":true}]}}