{"id":26361,"date":"2023-06-14T12:56:03","date_gmt":"2023-06-14T09:56:03","guid":{"rendered":"http:\/\/akdenizolaygazetesi.com\/?p=26361"},"modified":"2023-06-14T12:56:03","modified_gmt":"2023-06-14T09:56:03","slug":"baskan-secerden-zafer-carsisi-degerlendirmesi-yasalari-uygulama-zorunlulugumuz-var","status":"publish","type":"post","link":"https:\/\/akdenizolaygazetesi.com\/?p=26361","title":{"rendered":"BA\u015eKAN SE\u00c7ER&#8217;DEN ZAFER \u00c7AR\u015eISI DE\u011eERLEND\u0130RMES\u0130; &#8220;YASALARI UYGULAMA ZORUNLULU\u011eUMUZ VAR&#8221;"},"content":{"rendered":"<p>Mersin B\u00fcy\u00fck\u015fehir Belediyesi 2023 Y\u0131l\u0131 Haziran Ay\u0131 Ola\u011fan Meclis Toplant\u0131s\u0131 1. Birle\u015fimi Ba\u015fkan Vahap Se\u00e7er ba\u015fkanl\u0131\u011f\u0131nda ger\u00e7ekle\u015ftirildi.<\/p>\n<p>Kongre ve Sergi Saray\u0131 \u00c7ok Ama\u00e7l\u0131 Salonda ger\u00e7ekle\u015ftirilen toplant\u0131n\u0131n g\u00fcndem d\u0131\u015f\u0131 konu\u015fmalar b\u00f6l\u00fcm\u00fcnde konu\u015fan Ba\u015fkan Se\u00e7er, 11 Haziran&#8217;da Pen\u00e7e-Kilit Harek\u00e2t\u0131 b\u00f6lgesinde \u015fehit olan Erdemli il\u00e7esinden Piyade Uzman \u00c7avu\u015f Halil \u015eahin&#8217;e Allah&#8217;tan rahmet, sevenlerine ve ailesine ba\u015fsa\u011fl\u0131\u011f\u0131 diledi.  <\/p>\n<p>&#8220;Kilikya Ultra Maratonu&#8217;nda dereceye giren sporcular\u0131 kutluyorum&#8221;<br \/>\nB\u00fcy\u00fck\u015fehir taraf\u0131ndan ge\u00e7ti\u011fimiz g\u00fcnlerde &#8216;Do\u011fan\u0131n \u0130\u00e7inde Tarihe Ko\u015f&#8217; slogan\u0131 ile d\u00fczenlenen ve UNESCO D\u00fcnya Miras\u0131 Ge\u00e7ici Listesi&#8217;ndeki Korykos Antik Kenti&#8217;nin par\u00e7as\u0131 olan K\u0131zkalesi sahilinde ba\u015flayan Kilikya Ultra Maratonu&#8217;nu hakk\u0131nda konu\u015fan Se\u00e7er, &#8220;Maratona; 8 \u00fclkeden 76 yabanc\u0131 sporcunun yan\u0131 s\u0131ra T\u00fcrkiye&#8217;de 25 farkl\u0131 ilden toplam 579 sporcu kat\u0131l\u0131m sa\u011flad\u0131. Maratonda dereceye giren sporcular\u0131 kutluyorum&#8221; dedi.<\/p>\n<p>&#8220;Temiz \u00e7evre ve ya\u015fanabilir bir kent i\u00e7in \u00e7al\u0131\u015fmalar\u0131m\u0131z\u0131 s\u00fcrd\u00fcrece\u011fiz&#8221;<br \/>\n5-11 Haziran aras\u0131 kutlanan D\u00fcnya \u00c7evre Haftas\u0131 kapsam\u0131nda B\u00fcy\u00fck\u015fehir olarak \u00c7evre ve \u00c7ocuk \u015eenli\u011fi, Fark\u0131ndal\u0131k Y\u00fcr\u00fcy\u00fc\u015f\u00fc, e\u011fitici paneller, sahil ve \u00e7evre temizli\u011fi gibi fark\u0131ndal\u0131k yaratan etkinlikler ger\u00e7ekle\u015ftirdiklerini belirten Se\u00e7er, &#8220;Temiz \u00e7evre ve ya\u015fanabilir bir kent i\u00e7in daha duyarl\u0131 ve bilin\u00e7li hareket edilmesi gereklili\u011fine inan\u0131yoruz. T\u00fcrkiye&#8217;nin en b\u00fcy\u00fck planetaryumuna sahip olan \u0130klim ve \u00c7evre Bilim Merkezi&#8217;ni, 29 Ekim&#8217;de \u00e7ocuklar\u0131m\u0131z\u0131n hizmetine a\u00e7aca\u011f\u0131z. \u0130klim ve \u00e7evre temal\u0131 ayn\u0131 zamanda i\u00e7inde g\u00f6ky\u00fcz\u00fc g\u00f6zlem evi bulunan tesisin \u00e7ocuklar\u0131m\u0131z ve gen\u00e7lerimize \u00e7ok yararl\u0131 olaca\u011f\u0131na da y\u00fcrekten inan\u0131yoruz. \u00c7evre konusunda gerekli tedbirleri almaya \u00f6zen g\u00f6steriyoruz. T\u00fcrkiye&#8217;nin \u0130klim De\u011fi\u015fikli\u011fi Uyum Stratejisi ve Eylem Plan\u0131 hedefleri do\u011frultusunda \u00e7al\u0131\u015fmalar\u0131m\u0131z\u0131 s\u00fcrd\u00fcrece\u011fiz&#8221; ifadelerini kulland\u0131.<\/p>\n<p>B\u00fcy\u00fck\u015fehir&#8217;in yaz spor kurslar\u0131 ba\u015fl\u0131yor<br \/>\n16 Haziran&#8217;da 2022-2023 y\u0131l\u0131 e\u011fitim-\u00f6\u011fretim y\u0131l\u0131n\u0131n sona erece\u011fini hat\u0131rlatan Se\u00e7er, t\u00fcm \u00f6\u011frencilere iyi taliler dile\u011finde bulundu. \u00c7ocuklar ve gen\u00e7leri B\u00fcy\u00fck\u015fehir&#8217;in spor kurslar\u0131na davet eden Se\u00e7er, &#8220;Spor okullar\u0131m\u0131z faaliyetine ba\u015flad\u0131. Futbol, basketbol, voleybol, tenis, jimnastik, ok\u00e7uluk, masa tenisi, y\u00fczme kursumuz 3 Temmuz&#8217;da ba\u015flayacak. Kat\u0131lmak isteyen \u00e7ocuklar\u0131m\u0131z, gen\u00e7lerimiz yaz boyunca kay\u0131tlar\u0131n\u0131 yapt\u0131rabilirler&#8221; diye konu\u015ftu.<\/p>\n<p>&#8220;4 bin 165 \u00f6\u011frencimizin s\u0131nav \u00fccretlerini kar\u015f\u0131lad\u0131k&#8221;<br \/>\n\u00c7ocuklar ve gen\u00e7ler i\u00e7in b\u00fcy\u00fck bir hizmet olan E\u011fitim ve \u00d6\u011fretimi Destekleme Kurs Merkezlerinde \u00f6n kay\u0131tlar\u0131n ba\u015flad\u0131\u011f\u0131n\u0131 ve 21 Temmuz&#8217;a kadar s\u00fcrece\u011fini aktaran Se\u00e7er, &#8220;\u00d6\u011frencilerimiz ba\u015fvuru i\u00e7in Mersin genelinde bulunan 14 adet kurs merkezinden kendilerine en yak\u0131n olan merkeze bireysel olarak ba\u015fvuru yapabilecekler.  \u00d6\u011frencilerimizin bir k\u0131sm\u0131 da 17-18 Haziran tarihlerinde YKS&#8217;ye girecekler. YKS&#8217;ye haz\u0131rl\u0131k e\u011fitim merkezlerimize devam eden 4 bin 165 \u00f6\u011frencimizin s\u0131nav \u00fccretlerini kar\u015f\u0131lad\u0131k. \u015eimdiden gelece\u011fini \u015fekillendirmek ad\u0131na s\u0131navlarda ter d\u00f6kecek olan t\u00fcm gen\u00e7lerimize y\u00fcrekten ba\u015far\u0131lar diliyorum&#8221; dedi.<\/p>\n<p>&#8220;Tarsus-Eski \u00c7aml\u0131yayla Yolu vatanda\u015flar\u0131n hizmetine a\u00e7\u0131ld\u0131&#8221;<br \/>\nTarsus-Eski \u00c7aml\u0131yayla Yolu Geni\u015fletme ve Yenileme Projesi&#8217;nin tamamlanarak vatanda\u015flar\u0131n hizmetine a\u00e7\u0131ld\u0131\u011f\u0131n\u0131 s\u00f6yleyen Se\u00e7er, &#8220;Ekiplerimiz ortalama 6 metre geni\u015fli\u011finde olan, \u00e7ok dar ve \u00e7ok s\u0131k\u0131nt\u0131l\u0131 bir yoldu. Tarsus \u00c7aml\u0131yayla Karayolu&#8217;nun ba\u015flang\u0131\u00e7 noktas\u0131 olan eski yolu geni\u015fleterek 35 metrelik bir bulvara d\u00f6n\u00fc\u015ft\u00fcrd\u00fck. Yol, gidi\u015f-geli\u015f 3 \u015ferit olarak hizmete sunuldu, buradaki 4. \u00c7evreyolu format\u0131nda. \u00c7al\u0131\u015fma kapsam\u0131nda ayr\u0131ca, \u00f6zel gereksinimli vatanda\u015flar\u0131n kullan\u0131m\u0131na uygun kald\u0131r\u0131m ve trafi\u011fe a\u00e7\u0131lan 2 bin 100 metrelik yolun 1700 metrelik k\u0131sm\u0131nda \u00e7ift tarafl\u0131 bisiklet yolu da yap\u0131ld\u0131&#8221; ifadelerine yer verdi.<\/p>\n<p>&#8220;\u0130tfaiye Te\u015fkilat\u0131m\u0131z\u0131 her ge\u00e7en g\u00fcn g\u00fc\u00e7lendiriyoruz&#8221;<br \/>\n\u0130tfaiye te\u015fkilat\u0131n\u0131 da her ge\u00e7en g\u00fcn g\u00fc\u00e7lendirdiklerini vurgulayan Se\u00e7er, &#8220;\u0130tfaiye Dairemizde g\u00f6revlendirmek \u00fczere al\u0131m\u0131n\u0131 ger\u00e7ekle\u015ftirdi\u011fimiz 100 itfaiye eri ile Ata E\u011fitim Merkezi&#8217;nde bir araya geldim. Ger\u00e7ekten \u00e7ok g\u00fczel bir tesis olmu\u015f. \u0130lk kez bu kadar yak\u0131ndan inceleme f\u0131rsat\u0131 buldum. Sadece Mersin&#8217;imize de\u011fil t\u00fcm T\u00fcrkiye&#8217;ye hizmet verecek nitelikte bir e\u011fitim tesisi. T\u00fcrkiye&#8217;nin bir\u00e7ok yerinden itfaiyecilerimizin e\u011fitim alabilece\u011fi nitelikteki merkezimiz Mersin&#8217;imize hay\u0131rl\u0131 olsun&#8221; \u015feklinde konu\u015ftu.<\/p>\n<p>Al\u0131mlarda 3 bin 400&#8217;\u00fcn \u00fczerinde ba\u015fvuru yap\u0131ld\u0131\u011f\u0131n\u0131 ve en y\u00fcksek KPSS puan\u0131na sahip ilk 500 ki\u015fi yaz\u0131l\u0131 ve zorlu olan fiziksel bir s\u0131nava davet edildi\u011fini belirten Se\u00e7er, &#8220;Zorlu bir parkurda fiziksel olarak adaylar\u0131n performanslar\u0131 test edildi. \u00dcniversitenin haz\u0131rlad\u0131\u011f\u0131 s\u0131nav sorular\u0131 ile yaz\u0131l\u0131 s\u0131nava ve 15 istasyonlu spor s\u0131nav\u0131na tabi tutulan adaylardan ba\u015far\u0131 s\u0131ralamas\u0131na g\u00f6re en y\u00fcksek puan alan 100 arkada\u015f\u0131m\u0131z\u0131 da te\u015fkilat\u0131m\u0131za dahil ettik. T\u00fcrkiye&#8217;nin her taraf\u0131ndan gen\u00e7lerimiz var. Tamamen mevzuata uygun, ba\u015far\u0131l\u0131 gen\u00e7lerimizi memur olarak itfaiyemize kazand\u0131rmak i\u00e7in \u00e7al\u0131\u015fmalar\u0131m\u0131z\u0131 s\u00fcrd\u00fcrece\u011fiz ve en \u00f6nemli \u015fans\u0131m\u0131z olan Ata E\u011fitim Merkezi&#8217;nde de daima afetlere, felaketlere m\u00fcdahale edecek durumda tutaca\u011f\u0131z. Hay\u0131rl\u0131 olsun&#8221; ifadelerine yer verdi.<\/p>\n<p>Mersin Ampute Futbol Tak\u0131m\u0131&#8217;ndan b\u00fcy\u00fck ba\u015far\u0131<br \/>\nT\u00fcrkiye Ampute Futbol 1 Ligi&#8217;nde m\u00fccadele eden ve \u00fc\u00e7\u00fcnc\u00fcl\u00fck kupas\u0131n\u0131n sahibi olan Mersin Ampute Futbol Tak\u0131m\u0131&#8217;n\u0131 da tebrik eden Se\u00e7er, &#8220;Futbolcular\u0131m\u0131z\u0131, antren\u00f6r\u00fcm\u00fcz\u00fc en alt kademede g\u00f6rev yapan arkada\u015flar\u0131m\u0131za kadar herkesin eme\u011fine sa\u011fl\u0131k diyorum. Ba\u015far\u0131lar\u0131n\u0131n devam\u0131n\u0131 diliyorum. Tak\u0131m\u0131n antren\u00f6r\u00fc olan, ayn\u0131 zamanda ampute futbolun ilk kad\u0131n antren\u00f6r\u00fc unvan\u0131na sahip Fatma Kara da ligde kupa kald\u0131ran ilk kad\u0131n antren\u00f6r oldu bu da bir ilk olarak tarihe ge\u00e7ti&#8221; dedi.<\/p>\n<p>&#8220;Sinekle m\u00fccadele konusu bizim i\u00e7in \u00f6nemli bir konu&#8221;<br \/>\nSinekle m\u00fccadele konusunda da bilgiler veren Ba\u015fkan Se\u00e7er, &#8220;Sinekle m\u00fccadele konusu mevsimsel olarak da bizim i\u00e7in \u00f6nemli bir konu ve \u00f6nemli bir sorun&#8221; dedi. Ba\u015fkan Se\u00e7er,  \u00e7evre temizli\u011fi, \u00e7\u00f6pler, kanalizasyon, at\u0131k su, dereler, biriken sular, g\u00fcnlerce kalan evsel at\u0131klar, \u00f6zellikle sahillerde ve yaylalarda \u00e7\u00f6plerin toplanmamas\u0131, gibi bir\u00e7ok etkenin sine\u011fin \u00fcremesine sebep oldu\u011fundan s\u00f6z ederek, &#8220;Biz elbette en disiplinli \u015fekilde yap\u0131yoruz. Bunu sadece kimyasal bir m\u00fccadele boyutuyla de\u011fil, kaynak, kayna\u011f\u0131n ortadan kald\u0131r\u0131lmas\u0131 boyutu ile de de\u011ferlendirmekte yarar var. Bunu hep beraber, toplum da al\u0131\u015fkanl\u0131klar, fark\u0131ndal\u0131klar, \u00e7evre hassasiyeti ve kurumlar\u0131n her birinin kendi g\u00f6rev alan\u0131nda sorumluluklar\u0131n\u0131 yerine getirmesiyle olabilecek bir i\u015f a\u00e7\u0131k\u00e7as\u0131&#8221; diye konu\u015ftu.<\/p>\n<p>&#8220;Yasalar\u0131 uygulama zorunlulu\u011fumuz var&#8221;<br \/>\nZafer \u00c7ar\u015f\u0131s\u0131 konusunda da a\u00e7\u0131klamalarda bulunan Ba\u015fkan Se\u00e7er, \u00e7ar\u015f\u0131 esnaf\u0131n\u0131n toplan\u0131p bu konudaki sesini duyurma \u00e7abas\u0131n\u0131 anayasal bir hak olarak kabul edip, olgunlukla izlediklerini ve bu konudaki samimi ve do\u011fru uyar\u0131lar\u0131 da alarak \u00e7al\u0131\u015fmalar yapma gayreti i\u00e7erisinde olduklar\u0131n\u0131 s\u00f6yledi. Se\u00e7er, &#8220;Bizim de elbette ki yasalar\u0131 uygulama zorunlulu\u011fumuz var. Nas\u0131l Mersin B\u00fcy\u00fck\u015fehir Belediyesi 6 \u015eubat depreminden sonra alelacele K\u0131rm\u0131z\u0131 Lacivert \u0130\u015fhan\u0131&#8217;nda ve \u00d6zel \u0130dare \u0130\u015fhan\u0131&#8217;nda faaliyet g\u00f6steren birimlerini ta\u015f\u0131mak durumunda kald\u0131ysa, kendi m\u00fclkiyetinde olan ama kirac\u0131lar\u0131 taraf\u0131ndan kullan\u0131lan d\u00fckkanlar\u0131n da bir an \u00f6nce tahliye edilmesi hem olu\u015fabilecek bir zarar\u0131n, bir can kayb\u0131n\u0131n \u00f6nleminin al\u0131nmas\u0131 a\u00e7\u0131s\u0131ndan hem de belediyenin \u00fczerine d\u00fc\u015fen yasal sorumlulu\u011fu yerine getirmesi a\u00e7\u0131s\u0131ndan son derece \u00f6nemlidir&#8221; ifadelerine yer verdi.<\/p>\n<p>Konu hakk\u0131nda detayl\u0131 bilgileri Mersin B\u00fcy\u00fck\u015fehir Belediyesi Hukuk M\u00fc\u015faviri Bilgen Delay&#8217;dan ald\u0131ktan sonra konu\u015fmas\u0131na devam eden Ba\u015fkan Se\u00e7er,  &#8220;Yasa bizimle beraber il\u00e7e belediyesine de yani Akdeniz Belediyesi&#8217;ne de y\u00fck\u00fcml\u00fcl\u00fck veriyor. Bunu yasal s\u00fcresi i\u00e7erisinde bo\u015falt\u0131p, gerekli y\u0131k\u0131m\u0131 alma tedbirleri i\u00e7erisinde ona da g\u00f6rev bi\u00e7iyor&#8221; diye konu\u015ftu.<\/p>\n<p>Mahkeme kararlar\u0131n\u0131n da B\u00fcy\u00fck\u015fehir Belediyesi lehine oldu\u011funu aktaran Ba\u015fkan Se\u00e7er,  s\u00fcratle o b\u00f6lgenin yenile\u015fmeye ihtiyac\u0131 oldu\u011funu belirterek, &#8220;Ayn\u0131 zamanda yap\u0131 olarak g\u00fcvenli bir alan olmaktan \u00e7\u0131km\u0131\u015f bir yer. Yani bir\u00e7ok d\u00fckkan\u0131n bak\u0131m\u0131, tavan\u0131n, betonun, alt yap\u0131n\u0131n \u00e7ok b\u00fcy\u00fck sorun oldu\u011fu bir b\u00f6lgeyi konu\u015fuyoruz. S\u00fcratle asl\u0131nda bu bile ba\u015fl\u0131 ba\u015f\u0131na buran\u0131n tahliye edilmesi gereken bir yer oldu\u011funu tespitini yapmaya \u00e7al\u0131\u015f\u0131yorum. Zaten deprem riski boyutunu hem K\u0131rm\u0131z\u0131 Lacivert&#8217;in hem de \u00d6zel \u0130dare \u0130\u015fhan\u0131&#8217;n\u0131n ve o b\u00f6lgenin, Bilgen Han\u0131m bize a\u00e7\u0131klad\u0131&#8221; dedi.<\/p>\n<p>&#8220;Herkes katk\u0131 verecek ki bu sorunu s\u00fcratle beraber \u00e7\u00f6zelim&#8221;<br \/>\nKonunun muhatab\u0131n\u0131n sadece B\u00fcy\u00fck\u015fehir olmad\u0131\u011f\u0131n\u0131, Akdeniz Belediyesi ile \u00c7evre, \u015eehircilik ve \u0130klim De\u011fi\u015fikli\u011fi \u0130l M\u00fcd\u00fcrl\u00fc\u011f\u00fc&#8217;n\u00fcn de s\u00fcrecin i\u00e7erisinde yer ald\u0131\u011f\u0131n\u0131 ifade eden Se\u00e7er, &#8220;Zaten bizim &#8216;hemen gidelim oralar\u0131 y\u0131kal\u0131m&#8217; diye keyfi bir tutumumuz yok. \u0130darenin eylem ve i\u015flemlerine kar\u015f\u0131 yarg\u0131 yolu a\u00e7\u0131kt\u0131r. Yarg\u0131ya da sayg\u0131m\u0131z var. Ben nas\u0131l yarg\u0131 d\u0131\u015f\u0131nda bir harekette bulunabilirim, ayr\u0131ca e\u011fer ki burada herhangi bir sorun yoksa ben neden a\u011fr\u0131s\u0131z ba\u015f\u0131m\u0131 a\u011fr\u0131ya sokay\u0131m, belediye birimlerimi oradan ta\u015f\u0131yay\u0131m? Orada e\u011fer t\u0131k\u0131r t\u0131k\u0131r d\u00f6nen bir mekanizma varsa bir sorun yoksa esnaf\u0131 neden tahliye etme talebinde bulunay\u0131m?&#8221; dedi. <\/p>\n<p>Se\u00e7er, 1 y\u0131l \u00f6nce Zafer \u00c7ar\u015f\u0131s\u0131&#8217;n\u0131 uygun ba\u015fka bir yere ta\u015f\u0131mak istediklerini, bu konu ile ilgili Cumhur \u0130ttifak\u0131&#8217;na mensup Meclis \u00fcyeleri ile de konu\u015ftuklar\u0131n\u0131 hat\u0131rlatt\u0131. Cumhur \u0130ttifak\u0131 mensubu meclis \u00fcyelerinden \u00d6\u011fretmen Evi&#8217;nin bulundu\u011fu arazi ile ilgili bir teklif geldi\u011fini hat\u0131rlatan Ba\u015fkan Se\u00e7er, &#8220;O zaman; &#8216;Bunu e\u011fer yapabilirseniz biz de s\u00fcratle bir proje yapar\u0131z. Oraya uygun bir \u015fey yapar\u0131z&#8217; demi\u015ftim. Bu i\u015fler ba\u011f\u0131rarak, birilerini karalayarak olmuyor. Siz de samimi olarak elinizi ta\u015f\u0131n alt\u0131na koysayd\u0131n\u0131z bu sorun 10 kere \u00e7\u00f6z\u00fcl\u00fcrd\u00fc. Biz; &#8216;Bu arkada\u015flar\u0131m\u0131z\u0131 kald\u0131ral\u0131m, d\u0131\u015far\u0131 atal\u0131m, katk\u0131 sunmayal\u0131m&#8217; diye bir \u015fey s\u00f6ylemedik. Bu i\u015f sadece belediyeden beklenirse yanl\u0131\u015f olur. Ba\u015fta kendileri, di\u011fer kurumlar, B\u00fcy\u00fck\u015fehir Belediyesi, il\u00e7e belediyesi olmak \u00fczere herkes katk\u0131 verecek ki bu sorunu s\u00fcratle beraber \u00e7\u00f6zelim&#8221; diye konu\u015ftu.<\/p>\n<p>&#8220;Bu sorun siyasete malzeme edilmeyecek kadar bir r\u0131z\u0131k sorunudur&#8221;<br \/>\nZafer \u00c7ar\u015f\u0131s\u0131 konusunun siyasi bir malzeme haline getirilmemesi gerekti\u011fini ifade eden Ba\u015fkan Se\u00e7er, &#8220;Bu \u015f\u0131k olmaz. Ben yasa neyi emrediyorsa onu yapmak zorunday\u0131m. Yine yapt\u0131\u011f\u0131m\u0131z bu i\u015flemi durduracak yasal bir yaz\u0131 gelirse biz durdururuz ama gelmezse biz bu i\u015flemi s\u00fcrd\u00fcrmek zorunday\u0131z. Mutlaka herkesi memnun edemeyiz ama esnaf arkada\u015flar\u0131m da beni anlay\u0131\u015fla kar\u015f\u0131las\u0131nlar. Bir y\u0131ldan fazla bir s\u00fcredir kendilerine de s\u00f6yledim. Onlar istiyor ki &#8216;Biz buran\u0131n kirac\u0131s\u0131y\u0131z mecbur bize yeni bir d\u00fckkan yap\u0131p yer verecek&#8217;. B\u00f6yle bir yasal zorunlulu\u011fum yok. Bu tamamen bir Belediye Ba\u015fkan\u0131 olarak sorumluluk bilinciyle yap\u0131lm\u0131\u015f bir \u00e7al\u0131\u015fmayd\u0131. &#8216;Size yeni bir \u00e7ar\u015f\u0131 yapal\u0131m vars\u0131n \u015fu kadar para harcayal\u0131m&#8217;. Bu sorun siyasete malzeme edilmeyecek kadar \u00f6nemli ve bir r\u0131z\u0131k sorunudur&#8221; diye konu\u015ftu. <\/p>\n<p>Zafer \u00c7ar\u015f\u0131s\u0131 esnaf\u0131n\u0131n bulaca\u011f\u0131 yere ta\u015f\u0131nmas\u0131 durumunda ta\u015f\u0131nma bedeli ve kira deste\u011fi \u00f6nerisi getirdi\u011fini de aktaran Ba\u015fkan Se\u00e7er, &#8220;Kendilerine yeni bir yer aray\u0131\u015f\u0131na girsinler diye ben y\u0131llar \u00f6nce s\u00f6yledim. Hatta \u015f\u00f6yle bir \u00f6neri getirdik; makul anlamda kira yard\u0131m\u0131 da yapabilirim, ta\u015f\u0131nma bedeli. Meclis&#8217;ten karar al\u0131r\u0131m; d\u00fckkan ba\u015f\u0131na, mesle\u011fine g\u00f6re, b\u00fcy\u00fckl\u00fc\u011f\u00fcne g\u00f6re \u015fu kadar ta\u015f\u0131nma paras\u0131 gibi, b\u00fct\u00fcn bu yollar\u0131 konu\u015ftuk ama sizin dedi\u011finiz bu d\u00fc\u015f\u00fcnceler kimden \u00e7\u0131k\u0131yor bilemiyorum. Oray\u0131 yer alt\u0131 \u00e7ar\u015f\u0131s\u0131 yap, tarihi kent merkezine d\u00fckkan yap; bunlar \u00e7ok uygulay\u0131c\u0131 projeler de\u011fil. Hayal kurmayal\u0131m&#8221; dedi.<\/p>\n<p>&#8220;Olaya yap\u0131c\u0131 bakal\u0131m&#8221;<br \/>\nKamu kurumlar\u0131n\u0131n Zafer \u00c7ar\u015f\u0131s\u0131 esnaf\u0131 i\u00e7in arsa tahsisi konusunda kendilerine yard\u0131mc\u0131 olmalar\u0131n\u0131 talep eden Ba\u015fkan Se\u00e7er, Adliye&#8217;nin talebi \u00fczerine 10 d\u00f6n\u00fcm araziyi ba\u011f\u0131\u015flad\u0131klar\u0131n\u0131 s\u00f6yledi. Di\u011fer kamu kurumlar\u0131n\u0131n da B\u00fcy\u00fck\u015fehir Belediyesi&#8217;ne bu anlay\u0131\u015f ile yakla\u015fmas\u0131 gerekti\u011fine dikkat \u00e7eken ba\u015fkan Se\u00e7er, &#8220;Belediye 10 d\u00f6n\u00fcm yeri g\u00f6z\u00fcn\u00fc k\u0131rpmadan bir ba\u015fka kamu kurumuna ba\u011f\u0131\u015flayabiliyorsa siz de bana merkezden 2 d\u00f6n\u00fcm Hazine&#8217;den yer bulmal\u0131s\u0131n\u0131z. Ben de kamuyum, veren de kamu alan da kamu. Olaya yap\u0131c\u0131 bakal\u0131m&#8221; diye konu\u015ftu.<\/p>\n<p>&#8220;Yasal bir evrak gelmedi\u011fi s\u00fcrece ben bu riski alamam&#8221;<br \/>\nBa\u015fkan Se\u00e7er, Zafer \u00c7ar\u015f\u0131s\u0131 esnaf\u0131n\u0131n sorununun \u00e7\u00f6z\u00fclmesi i\u00e7in herkesin iyi niyetle yakla\u015ft\u0131\u011f\u0131n\u0131 bildi\u011fini ifade ederek, \u00e7ar\u015f\u0131 esnaf\u0131n\u0131n ge\u00e7ici olarak ta\u015f\u0131nacaklar\u0131 bir yer bulmalar\u0131 durumunda destek vereceklerini belirtti. Se\u00e7er, &#8220;\u0130yi niyetli yakla\u015f\u0131m\u0131n\u0131z\u0131 g\u00f6r\u00fcyorum. Ben i\u015flemleri devam ettirmek zorunday\u0131m. Yasal bir evrak gelmedi\u011fi s\u00fcrece ben bu riski alamam. Hi\u00e7bir kurum almaz bu riski. Kamudan \u00e7ar\u015f\u0131 olmaya m\u00fcsait bir yer bulunur, biz de bunu proje kapsam\u0131na al\u0131r\u0131z. Bu s\u00fcrede e\u011fer oras\u0131 bo\u015falt\u0131lacaksa, 1-2 y\u0131ll\u0131\u011f\u0131na bir yere ge\u00e7erler, ben de ta\u015f\u0131nma yard\u0131m\u0131ndan kira yard\u0131m\u0131na kadar; kendileri de bir k\u0131sm\u0131 ben de bir k\u0131sm\u0131 olmak \u00fczere; y\u00fck\u00fcn bir k\u0131sm\u0131n\u0131 alarak bu sorunu \u00e7\u00f6zeriz. Daha sonra g\u00f6sterilen yerde projelendirdi\u011fimiz \u00e7ar\u015f\u0131y\u0131 da yapar\u0131z. Bitti\u011finde de teslim ederiz&#8221; ifadelerini kulland\u0131.<\/p>\n<p>&#8220;Kurban Bayram\u0131&#8217;nda \u00fccretsiz kesim yapaca\u011f\u0131z&#8221;<br \/>\nKurban Bayram\u0131&#8217;nda mobil mezbahalar\u0131n faaliyete girece\u011fini dile getiren Ba\u015fkan Se\u00e7er, &#8220;Erdemli, \u00c7aml\u0131yayla, Mut, G\u00fclnar, Anamur il\u00e7elerimizde faaliyet veren mezbahalar\u0131m\u0131z mevcut. Kurban Bayram\u0131 dolay\u0131s\u0131yla 18 adet mobil mezbaham\u0131z kurulacak. Buralarda kasaplar\u0131m\u0131zla birlikte 1 g\u00fcn \u00fccretsiz kesim yapaca\u011f\u0131z. Mobil mezbahan\u0131n gezdi\u011fi ve yo\u011fun olarak kesim ger\u00e7ekle\u015ftirdi\u011fi yerlerde \u00fccretsiz kesimleri 2 g\u00fcn s\u00fcresince yapaca\u011f\u0131z&#8221; dedi.<\/p>\n<p>&#8220;\u00dccret politikalar\u0131nda adaletli oldu\u011fumuza inan\u0131yorum&#8221;<br \/>\nTemmuz ay\u0131nda asgari \u00fccrete yap\u0131lacak zamla birlikte belediye \u00e7al\u0131\u015fanlar\u0131n\u0131n maa\u015flar\u0131n\u0131n revize edilece\u011fini aktaran Ba\u015fkan Se\u00e7er, &#8220;Di\u011fer b\u00fcy\u00fck\u015fehir belediyelerinin vermi\u015f oldu\u011fu \u00fccret politikalar\u0131n\u0131 da de\u011ferlendiriyoruz. Kimsenin hakk\u0131n\u0131 yememi\u015fiz. Herkes i\u015fini yapt\u0131\u011f\u0131 s\u00fcrece hakk\u0131n\u0131 al\u0131r, bunun garantisi bizleriz. Vatanda\u015f\u0131n kayna\u011f\u0131n\u0131 do\u011fru yerlere kullanmak i\u00e7in vatanda\u015f\u0131n g\u00f6revlendirdi\u011fi g\u00f6revlileriz. \u00c7al\u0131\u015fan i\u015f\u00e7i, eme\u011finin kar\u015f\u0131l\u0131\u011f\u0131n\u0131 al\u0131yor ama vatanda\u015fa da hizmet alaca\u011f\u0131z. Bunu da adaletli yapt\u0131\u011f\u0131m\u0131za inan\u0131yorum&#8221; diye belirtti.<\/p>\n<p>&#8220;Yeni bulvarla artan trafik y\u00fck\u00fcn\u00fc gideriyoruz&#8221;<br \/>\n\u015eehirde artan ani n\u00fcfus art\u0131\u015f\u0131yla birlikte ara\u00e7 say\u0131s\u0131 \u00e7oklu\u011funun etkisinin kendisini trafikte de g\u00f6sterdi\u011fine dikkat \u00e7eken Ba\u015fkan Se\u00e7er, &#8220;Baz\u0131 g\u00fczerg\u00e2hlarda de\u011fi\u015fikli\u011fe giderek iyile\u015ftirmeler yap\u0131yoruz. Yeni bulvarlar a\u00e7arak bir alttaki veya bir \u00fcstteki bulvar\u0131n y\u00fck\u00fcn\u00fc hafifletiyoruz. \u00d6rne\u011fin ikinci \u00e7evre yolunu uzatt\u0131k\u00e7a GMK&#8217;daki y\u00fck\u00fc azalt\u0131yoruz&#8221; dedi. Yeni bir projeye ba\u015flayarak Yedi Karde\u015fler&#8217;den Davultepe&#8217;ye kadar gitme imk\u00e2n\u0131 sunan projenin ilk b\u00f6l\u00fcm\u00fcn\u00fc tamamlad\u0131klar\u0131n\u0131 ve ikinci etaba ge\u00e7tiklerini ifade eden Ba\u015fkan Se\u00e7er, a\u00e7\u0131lan 4. \u00c7evreyolu&#8217;nun, di\u011fer 3 \u00e7evreyolunun y\u00fck\u00fcn\u00fc ald\u0131\u011f\u0131n\u0131 kaydetti.<\/p>\n","protected":false},"excerpt":{"rendered":"<p>Mersin B\u00fcy\u00fck\u015fehir Belediyesi 2023 Y\u0131l\u0131 Haziran Ay\u0131 Ola\u011fan Meclis Toplant\u0131s\u0131 1. Birle\u015fimi Ba\u015fkan Vahap Se\u00e7er ba\u015fkanl\u0131\u011f\u0131nda ger\u00e7ekle\u015ftirildi. Kongre ve Sergi Saray\u0131 \u00c7ok Ama\u00e7l\u0131 Salonda ger\u00e7ekle\u015ftirilen toplant\u0131n\u0131n g\u00fcndem d\u0131\u015f\u0131 konu\u015fmalar b\u00f6l\u00fcm\u00fcnde &hellip; <a href=\"https:\/\/akdenizolaygazetesi.com\/?p=26361\" class=\"more-link\">Devam\u0131n\u0131 Oku&#8230;<\/a><\/p>\n","protected":false},"author":2,"featured_media":26362,"comment_status":"open","ping_status":"open","sticky":false,"template":"","format":"standard","meta":[],"categories":[1,2,3],"tags":[],"_links":{"self":[{"href":"https:\/\/akdenizolaygazetesi.com\/index.php?rest_route=\/wp\/v2\/posts\/26361"}],"collection":[{"href":"https:\/\/akdenizolaygazetesi.com\/index.php?rest_route=\/wp\/v2\/posts"}],"about":[{"href":"https:\/\/akdenizolaygazetesi.com\/index.php?rest_route=\/wp\/v2\/types\/post"}],"author":[{"embeddable":true,"href":"https:\/\/akdenizolaygazetesi.com\/index.php?rest_route=\/wp\/v2\/users\/2"}],"replies":[{"embeddable":true,"href":"https:\/\/akdenizolaygazetesi.com\/index.php?rest_route=%2Fwp%2Fv2%2Fcomments&post=26361"}],"version-history":[{"count":1,"href":"https:\/\/akdenizolaygazetesi.com\/index.php?rest_route=\/wp\/v2\/posts\/26361\/revisions"}],"predecessor-version":[{"id":26363,"href":"https:\/\/akdenizolaygazetesi.com\/index.php?rest_route=\/wp\/v2\/posts\/26361\/revisions\/26363"}],"wp:featuredmedia":[{"embeddable":true,"href":"https:\/\/akdenizolaygazetesi.com\/index.php?rest_route=\/wp\/v2\/media\/26362"}],"wp:attachment":[{"href":"https:\/\/akdenizolaygazetesi.com\/index.php?rest_route=%2Fwp%2Fv2%2Fmedia&parent=26361"}],"wp:term":[{"taxonomy":"category","embeddable":true,"href":"https:\/\/akdenizolaygazetesi.com\/index.php?rest_route=%2Fwp%2Fv2%2Fcategories&post=26361"},{"taxonomy":"post_tag","embeddable":true,"href":"https:\/\/akdenizolaygazetesi.com\/index.php?rest_route=%2Fwp%2Fv2%2Ftags&post=26361"}],"curies":[{"name":"wp","href":"https:\/\/api.w.org\/{rel}","templated":true}]}}