{"id":26364,"date":"2023-06-14T12:57:48","date_gmt":"2023-06-14T09:57:48","guid":{"rendered":"http:\/\/akdenizolaygazetesi.com\/?p=26364"},"modified":"2023-06-14T12:57:48","modified_gmt":"2023-06-14T09:57:48","slug":"tarsusta-yangin-gonullulerine-egitim-verildi","status":"publish","type":"post","link":"https:\/\/akdenizolaygazetesi.com\/?p=26364","title":{"rendered":"Tarsus\u2019ta Yang\u0131n G\u00f6n\u00fcll\u00fclerine E\u011fitim Verildi"},"content":{"rendered":"<p>Orman Genel M\u00fcd\u00fcrl\u00fc\u011f\u00fcm\u00fcz\u00fcn \u201c100 Bin Orman Yang\u0131nlar\u0131 G\u00f6n\u00fcll\u00fcs\u00fc&#8221; hedefi do\u011frultusunda Tarsus Orman \u0130\u015fletme M\u00fcd\u00fcrl\u00fc\u011f\u00fcm\u00fczde orman yang\u0131nlar\u0131 g\u00f6n\u00fcll\u00fcs\u00fc olmak isteyen vatanda\u015flara orman yang\u0131nlar\u0131 konusunda e\u011fitim verildi.<\/p>\n<p>2023 y\u0131l\u0131 yang\u0131n sezonu i\u00e7in g\u00f6n\u00fcll\u00fc yang\u0131n e\u011fitimleri, Mersin Orman B\u00f6lge M\u00fcd\u00fcrl\u00fc\u011f\u00fcm\u00fcze ba\u011fl\u0131 Tarsus Orman \u0130\u015fletme M\u00fcd\u00fcrl\u00fc\u011f\u00fcnce, Ba\u015foluk Orman \u0130\u015fletme \u015eefli\u011finde teorik ve uygulamal\u0131 olarak d\u00fczenledi. <\/p>\n<p>Tarsus Orman \u0130\u015fletme M\u00fcd\u00fcr\u00fc Muhammet K\u00f6se, \u0130\u015fletme \u015eefi Halil Kabak\u00e7\u0131 ve \u0130SG (\u0130\u015f Sa\u011fl\u0131\u011f\u0131 ve G\u00fcvenli\u011fi) Uzman\u0131 Somay \u00d6nalp e\u011fitmenli\u011finde, yang\u0131nlarla m\u00fccadele etmek isteyen 95 g\u00f6n\u00fcll\u00fc vatanda\u015fa, orman yang\u0131nlar\u0131 hakk\u0131nda genel bilgilendirme, yang\u0131nlarla m\u00fccadele y\u00f6ntemleri, kullan\u0131lan ara\u00e7 ve gere\u00e7ler, ki\u015fisel koruyucu donan\u0131mlar ve i\u015f g\u00fcvenli\u011fi konular\u0131nda bilgiler verildi. E\u011fitim sonunda yap\u0131lan s\u0131navda ba\u015far\u0131l\u0131 olan yang\u0131n g\u00f6n\u00fcll\u00fclerine sertifika verildi.<\/p>\n<p>Orman yang\u0131nlar\u0131yla m\u00fccadele g\u00f6n\u00fcll\u00fcs\u00fc olabilmek i\u00e7in, 11.09.2019 ve 30885 say\u0131l\u0131 Resm\u00ee Gazetede yay\u0131nlanan &#8220;Orman Yang\u0131nlar\u0131yla M\u00fccadelede G\u00f6rev Yapan G\u00f6n\u00fcll\u00fcler Hakk\u0131nda Y\u00f6netmelik&#8221; kapsam\u0131ndaki \u015fartlar\u0131n sa\u011flanmas\u0131 gerekiyor, T\u00fcrkiye Cumhuriyeti vatanda\u015f\u0131 olmak, 18 ya\u015f\u0131n\u0131 bitirmi\u015f olmak, en az \u0130lkokul mezunu olmak, sa\u011fl\u0131k y\u00f6n\u00fcnden bir engeli olmamak, adli sicil kayd\u0131 olmamak, teorik ve uygulamal\u0131 orman yang\u0131nlar\u0131 e\u011fitimini alm\u0131\u015f ve sertifika alm\u0131\u015f olmak \u015fartlar\u0131 aran\u0131yor.<\/p>\n","protected":false},"excerpt":{"rendered":"<p>Orman Genel M\u00fcd\u00fcrl\u00fc\u011f\u00fcm\u00fcz\u00fcn \u201c100 Bin Orman Yang\u0131nlar\u0131 G\u00f6n\u00fcll\u00fcs\u00fc&#8221; hedefi do\u011frultusunda Tarsus Orman \u0130\u015fletme M\u00fcd\u00fcrl\u00fc\u011f\u00fcm\u00fczde orman yang\u0131nlar\u0131 g\u00f6n\u00fcll\u00fcs\u00fc olmak isteyen vatanda\u015flara orman yang\u0131nlar\u0131 konusunda e\u011fitim verildi. 2023 y\u0131l\u0131 yang\u0131n sezonu i\u00e7in &hellip; <a href=\"https:\/\/akdenizolaygazetesi.com\/?p=26364\" class=\"more-link\">Devam\u0131n\u0131 Oku&#8230;<\/a><\/p>\n","protected":false},"author":2,"featured_media":26365,"comment_status":"open","ping_status":"open","sticky":false,"template":"","format":"standard","meta":[],"categories":[3],"tags":[],"_links":{"self":[{"href":"https:\/\/akdenizolaygazetesi.com\/index.php?rest_route=\/wp\/v2\/posts\/26364"}],"collection":[{"href":"https:\/\/akdenizolaygazetesi.com\/index.php?rest_route=\/wp\/v2\/posts"}],"about":[{"href":"https:\/\/akdenizolaygazetesi.com\/index.php?rest_route=\/wp\/v2\/types\/post"}],"author":[{"embeddable":true,"href":"https:\/\/akdenizolaygazetesi.com\/index.php?rest_route=\/wp\/v2\/users\/2"}],"replies":[{"embeddable":true,"href":"https:\/\/akdenizolaygazetesi.com\/index.php?rest_route=%2Fwp%2Fv2%2Fcomments&post=26364"}],"version-history":[{"count":1,"href":"https:\/\/akdenizolaygazetesi.com\/index.php?rest_route=\/wp\/v2\/posts\/26364\/revisions"}],"predecessor-version":[{"id":26366,"href":"https:\/\/akdenizolaygazetesi.com\/index.php?rest_route=\/wp\/v2\/posts\/26364\/revisions\/26366"}],"wp:featuredmedia":[{"embeddable":true,"href":"https:\/\/akdenizolaygazetesi.com\/index.php?rest_route=\/wp\/v2\/media\/26365"}],"wp:attachment":[{"href":"https:\/\/akdenizolaygazetesi.com\/index.php?rest_route=%2Fwp%2Fv2%2Fmedia&parent=26364"}],"wp:term":[{"taxonomy":"category","embeddable":true,"href":"https:\/\/akdenizolaygazetesi.com\/index.php?rest_route=%2Fwp%2Fv2%2Fcategories&post=26364"},{"taxonomy":"post_tag","embeddable":true,"href":"https:\/\/akdenizolaygazetesi.com\/index.php?rest_route=%2Fwp%2Fv2%2Ftags&post=26364"}],"curies":[{"name":"wp","href":"https:\/\/api.w.org\/{rel}","templated":true}]}}