{"id":26367,"date":"2023-06-14T12:59:09","date_gmt":"2023-06-14T09:59:09","guid":{"rendered":"http:\/\/akdenizolaygazetesi.com\/?p=26367"},"modified":"2023-06-14T12:59:09","modified_gmt":"2023-06-14T09:59:09","slug":"buyuksehirden-yks-oncesi-motivasyon-konseri","status":"publish","type":"post","link":"https:\/\/akdenizolaygazetesi.com\/?p=26367","title":{"rendered":"B\u00dcY\u00dcK\u015eEH\u0130R&#8217;DEN YKS \u00d6NCES\u0130 MOT\u0130VASYON KONSER\u0130"},"content":{"rendered":"<p>Mersin B\u00fcy\u00fck\u015fehir Belediyesi Sosyal Hizmetler Dairesi b\u00fcnyesinde hizmet veren E\u011fitim ve \u00d6\u011fretimi Destekleme Kurs Merkezleri \u00f6\u011frencileri s\u0131nava haz\u0131rlarken, yakla\u015fan Y\u00fcksek\u00f6\u011fretim Kurumlar\u0131 S\u0131nav\u0131 (YKS) \u00f6ncesi motivasyonlar\u0131n\u0131 art\u0131rmak i\u00e7in \u00e7e\u015fitli etkinlikler d\u00fczenlemeyi de s\u00fcrd\u00fcr\u00fcyor.<br \/>\nB\u00fcy\u00fck\u015fehir Belediyesi, kurs merkezi \u00f6\u011frencileri i\u00e7in Erdemli il\u00e7esi Saim G\u00f6ku\u015f Park\u0131&#8217;nda bir konser etkinli\u011fi ger\u00e7ekle\u015ftirdi. B\u00fcy\u00fck\u015fehir Belediyesi Kent Orkestras\u0131&#8217;n\u0131n sahne ald\u0131\u011f\u0131 ak\u015famda, \u00fcniversite aday\u0131 \u00f6\u011frenciler hep birlikte \u015fark\u0131lar s\u00f6yleyip, a\u00e7\u0131k havan\u0131n tad\u0131n\u0131 \u00e7\u0131kararak s\u0131nav \u00f6ncesi stres att\u0131.<br \/>\nKaraku\u015f: &#8220;\u00d6\u011frencilerimizin s\u0131nav stresinden uzakla\u015fmalar\u0131 i\u00e7in bu konseri d\u00fczenledik&#8221;<br \/>\nS\u0131nav \u00f6ncesi \u00f6\u011frencilerin stresini azaltmak i\u00e7in bu t\u00fcr motivasyon etkinliklerini \u00e7ok \u00f6nemsediklerini ve geleneksel hale getireceklerini belirten B\u00fcy\u00fck\u015fehir Belediyesi E\u011fitim Hizmetleri \u015eube M\u00fcd\u00fcr\u00fc Cem Karaku\u015f, &#8220;Anamur&#8217;dan Tarsus&#8217;a kadar 11 YKS Kurs Merkezimizdeki \u00f6\u011frencilerimizi, Erdemli sahilinde Kent Orkestras\u0131&#8217;n\u0131n sahne ald\u0131\u011f\u0131 g\u00fczel bir konserde bulu\u015fturduk. Bu y\u0131l ya\u015fad\u0131\u011f\u0131m\u0131z deprem felaketinden sonra planlam\u0131\u015f oldu\u011fumuz motivasyon etkinliklerini kurs merkezlerimizde ger\u00e7ekle\u015ftirememi\u015ftik ve \u00f6\u011frencilerimizden bize yo\u011fun konser talebi vard\u0131. Bizler de bunun \u00fczerine, \u00f6\u011frencilerimizin birka\u00e7 saatli\u011fine de olsa s\u0131nav stresinden uzakla\u015fmalar\u0131 ve g\u00f6n\u00fcllerince e\u011flenmeleri i\u00e7in bu konseri d\u00fczenledik. Umut ediyoruz ki \u00f6\u011frencilerimiz bir y\u0131ld\u0131r vermi\u015f olduklar\u0131 eme\u011fin kar\u015f\u0131l\u0131\u011f\u0131n\u0131, umut ettikleri \u00fcniversiteleri kazanarak elde edeceklerdir&#8221; dedi.<br \/>\n\u00d6\u011frenciler konserde moral depolad\u0131<br \/>\nY\u0131l boyunca yo\u011fun bir \u015fekilde s\u0131nava haz\u0131rland\u0131klar\u0131n\u0131 anlatan \u00fcniversite aday\u0131 gen\u00e7lerden Ekrem Do\u011fru, &#8220;S\u0131nav haz\u0131rl\u0131klar\u0131 ilk ba\u015flarda stresli gidiyordu. \u015eu an stresim baya\u011f\u0131 azald\u0131. Etkinliklerden, \u00f6\u011fretmenlerimden, Kurs Merkezinden \u00e7ok memnunum. Her konuda bana \u00e7ok yard\u0131mc\u0131 oluyorlar. Bizi \u00e7ok fazla d\u00fc\u015f\u00fcn\u00fcyorlar. Bize hi\u00e7bir dert b\u0131rakm\u0131yorlar. \u0130lk ba\u015fta kurs merkezine gelirken \u00e7ok stresliydim. \u00c7\u00fcnk\u00fc benim bu y\u0131l s\u0131nava ikinci giri\u015fim. \u0130lk ba\u015fta \u00e7ekti\u011fim puan yetmiyordu, ama bu seneki puan\u0131m\u0131n, denemelerden dolay\u0131 \u00e7ok iyi olaca\u011f\u0131n\u0131 g\u00f6r\u00fcyorum&#8221; dedi.<br \/>\nKurs Merkezi Halkkent \u015eubesi&#8217;nde e\u011fitim g\u00f6ren Merdan Arslan, &#8220;S\u0131nava haz\u0131rl\u0131k ilk ba\u015flarda stresliydi, ama hocalar\u0131n deste\u011fi sayesinde s\u0131nava daha stressiz bir \u015fekilde haz\u0131rland\u0131k. Etkinlik, bu son kulvarda bizim i\u00e7in ger\u00e7ekten \u00e7ok stres azalt\u0131c\u0131 oldu. \u015eu an ger\u00e7ekten motivasyonum y\u00fcksek&#8221; diye konu\u015ftu.<br \/>\nKurs Merkezi&#8217;nde ald\u0131\u011f\u0131 e\u011fitimden \u00e7ok memnun oldu\u011funu s\u00f6yleyen Ezgi Er\u00e7\u0131kt\u0131, &#8220;Kurs merkezinde 1 y\u0131ld\u0131r bize \u00e7ok yard\u0131mc\u0131 oldular. B\u00f6yle etkinlikler ger\u00e7ekten motivasyonumuzu \u00e7ok art\u0131r\u0131yor. \u00c7ok memnunuz. Her \u015fey \u00e7ok g\u00fczel olacak. Stres vard\u0131 ama azald\u0131. Bug\u00fcn \u00e7ok e\u011flendim&#8221; dedi.<br \/>\nElif Avc\u0131ba\u015f\u0131 konserde \u00e7ok e\u011flendiklerini belirterek, &#8220;\u00c7ok mutluyum, \u00e7ok e\u011flendim. K\u0131zkalesi&#8217;nden geldim. Kendimi \u00e7ok iyi ve motive olmu\u015f hissediyorum&#8221; derken, Kemal Buran ise, &#8220;S\u0131navdan \u00f6nce bu etkinlik \u00e7ok g\u00fczel oldu, e\u011flendik. \u00c7ok stres olmu\u015ftum, \u015fu an daha iyiyim. \u00c7ok te\u015fekk\u00fcr ediyoruz&#8221; ifadelerine yer verdi.<br \/>\nErdemli Kurs Merkezi&#8217;nden Meryem Sude G\u00fcng\u00f6r de, &#8220;\u00c7al\u0131\u015fmalar\u0131m\u0131z \u00e7ok iyiydi. S\u00fcre\u00e7 \u00e7ok stresliydi, fakat bu etkinlikle stresimizi att\u0131k. \u0130lk geldi\u011fimde \u00e7ok stresliydim, \u015fu an gayet mutluyum&#8221; dedi.<\/p>\n","protected":false},"excerpt":{"rendered":"<p>Mersin B\u00fcy\u00fck\u015fehir Belediyesi Sosyal Hizmetler Dairesi b\u00fcnyesinde hizmet veren E\u011fitim ve \u00d6\u011fretimi Destekleme Kurs Merkezleri \u00f6\u011frencileri s\u0131nava haz\u0131rlarken, yakla\u015fan Y\u00fcksek\u00f6\u011fretim Kurumlar\u0131 S\u0131nav\u0131 (YKS) \u00f6ncesi motivasyonlar\u0131n\u0131 art\u0131rmak i\u00e7in \u00e7e\u015fitli etkinlikler d\u00fczenlemeyi &hellip; <a href=\"https:\/\/akdenizolaygazetesi.com\/?p=26367\" class=\"more-link\">Devam\u0131n\u0131 Oku&#8230;<\/a><\/p>\n","protected":false},"author":2,"featured_media":26368,"comment_status":"open","ping_status":"open","sticky":false,"template":"","format":"standard","meta":[],"categories":[1,2,3],"tags":[],"_links":{"self":[{"href":"https:\/\/akdenizolaygazetesi.com\/index.php?rest_route=\/wp\/v2\/posts\/26367"}],"collection":[{"href":"https:\/\/akdenizolaygazetesi.com\/index.php?rest_route=\/wp\/v2\/posts"}],"about":[{"href":"https:\/\/akdenizolaygazetesi.com\/index.php?rest_route=\/wp\/v2\/types\/post"}],"author":[{"embeddable":true,"href":"https:\/\/akdenizolaygazetesi.com\/index.php?rest_route=\/wp\/v2\/users\/2"}],"replies":[{"embeddable":true,"href":"https:\/\/akdenizolaygazetesi.com\/index.php?rest_route=%2Fwp%2Fv2%2Fcomments&post=26367"}],"version-history":[{"count":1,"href":"https:\/\/akdenizolaygazetesi.com\/index.php?rest_route=\/wp\/v2\/posts\/26367\/revisions"}],"predecessor-version":[{"id":26369,"href":"https:\/\/akdenizolaygazetesi.com\/index.php?rest_route=\/wp\/v2\/posts\/26367\/revisions\/26369"}],"wp:featuredmedia":[{"embeddable":true,"href":"https:\/\/akdenizolaygazetesi.com\/index.php?rest_route=\/wp\/v2\/media\/26368"}],"wp:attachment":[{"href":"https:\/\/akdenizolaygazetesi.com\/index.php?rest_route=%2Fwp%2Fv2%2Fmedia&parent=26367"}],"wp:term":[{"taxonomy":"category","embeddable":true,"href":"https:\/\/akdenizolaygazetesi.com\/index.php?rest_route=%2Fwp%2Fv2%2Fcategories&post=26367"},{"taxonomy":"post_tag","embeddable":true,"href":"https:\/\/akdenizolaygazetesi.com\/index.php?rest_route=%2Fwp%2Fv2%2Ftags&post=26367"}],"curies":[{"name":"wp","href":"https:\/\/api.w.org\/{rel}","templated":true}]}}