{"id":26373,"date":"2023-06-14T13:02:20","date_gmt":"2023-06-14T10:02:20","guid":{"rendered":"http:\/\/akdenizolaygazetesi.com\/?p=26373"},"modified":"2023-06-14T13:02:20","modified_gmt":"2023-06-14T10:02:20","slug":"buyuksehirin-projesi-18-venedik-mimarlik-bienalinde-sergilendi","status":"publish","type":"post","link":"https:\/\/akdenizolaygazetesi.com\/?p=26373","title":{"rendered":"B\u00dcY\u00dcK\u015eEH\u0130R&#8217;\u0130N PROJES\u0130 18. VENED\u0130K M\u0130MARLIK B\u0130ENAL\u0130&#8217;NDE SERG\u0130LEND\u0130"},"content":{"rendered":"<p>Mersin B\u00fcy\u00fck\u015fehir Belediyesi&#8217;nin; baz\u0131 birimlerini at\u0131l durumdaki yap\u0131lara ta\u015f\u0131mas\u0131 ve tadilat\u0131 yap\u0131lan bu metruk yap\u0131lar\u0131 yeniden ya\u015fam\u0131n i\u00e7ine dahil etmesi projesi, bu y\u0131l 18.&#8217;si d\u00fczenlenen Venedik Bienali Uluslararas\u0131 Mimarl\u0131k Sergisi&#8217;nde b\u00fcy\u00fck ilgi g\u00f6rd\u00fc.<\/p>\n<p>Metropol binas\u0131n\u0131n tadilat\u0131n\u0131 yaparak baz\u0131 birimlerini buralara ta\u015f\u0131may\u0131 hedefleyen ve bu sayede hem sosyal, hem ekonomik y\u00f6nden bir kazan\u00e7 sa\u011flamay\u0131 hedefleyen Mersin B\u00fcy\u00fck\u015fehir Belediyesi&#8217;nin bu projesi, uluslararas\u0131 mimarl\u0131k camias\u0131nda da ses getirdi.<\/p>\n<p>Venedik Mimarl\u0131k Bienali T\u00fcrkiye Pavyonu&#8217;nun bu seneki k\u00fcrat\u00f6rleri olan Mimar Oral G\u00f6kta\u015f ile Mimar Sevince Bayrak konu hakk\u0131nda yapt\u0131\u011f\u0131 a\u00e7\u0131klamada, &#8220;Sergi i\u00e7in \u00f6nerdi\u011fimiz konu, T\u00fcrkiye&#8217;de kullan\u0131lmayan yap\u0131lar\u0131n bir a\u00e7\u0131k \u00e7a\u011fr\u0131 ile kolektif olarak belgelenmesi ve bu yap\u0131lar\u0131 y\u0131kmak yerine d\u00f6n\u00fc\u015ft\u00fcrmek se\u00e7ene\u011finin tart\u0131\u015f\u0131lmas\u0131yd\u0131. Bu kapsamda Mersin&#8217;deki Metropol binas\u0131 da, sergide kullan\u0131lmayan yap\u0131 olarak sergilendi. Ayr\u0131ca Mersin B\u00fcy\u00fck\u015fehir Belediyesi&#8217;nin, 2023 y\u0131l\u0131nda Metropol binas\u0131na baz\u0131 birimlerini ta\u015f\u0131yarak canland\u0131r\u0131lmas\u0131 da sergiliyoruz.&#8221; dedi.<\/p>\n<p>D\u00fcnyan\u0131n en \u00f6nemli mimarl\u0131k etkinliklerinden biri olan Venedik Bienali 18. Uluslararas\u0131 Mimarl\u0131k Sergisi&#8217;nin k\u00fcrat\u00f6r\u00fc olarak &#8216;Hayalet Hik\u00e2yeleri: Mimarl\u0131\u011f\u0131n \u00c7uval Teorisi&#8217; adl\u0131 projede yer alan Metropol binas\u0131n\u0131n &#8216;D\u00f6n\u00fc\u015f\u00fcm\u00fc te\u015fvik edecek \u00f6rnekler kapsam\u0131nda&#8217; yer ald\u0131\u011f\u0131n\u0131 ve di\u011fer yerel y\u00f6netimleri de b\u00f6yle iyi \u00f6rneklerle yeni kullan\u0131m konusunda cesaretlendirmeyi \u00f6nemsediklerini ifade eden Mimar Sevince Bayrak, &#8220;Terk edilmi\u015f binalar\u0131 y\u0131kmak ya da kaderine terk etmek yerine, onlar\u0131n hik\u00e2yelerini dinlemeyi ve anlamay\u0131 \u00f6neren Hayalet Hik\u00e2yeleri: Mimarl\u0131\u011f\u0131n \u00c7uval Teorisi, oda\u011f\u0131na mevcut olan\u0131 d\u00f6n\u00fc\u015ft\u00fcrmeyi al\u0131yor. T\u00fcrkiye Pavyonu&#8217;nda mimarl\u0131k d\u00fcnyas\u0131ndaki k\u00f6kl\u00fc de\u011fi\u015fimler, yapay zek\u00e2, robotlar gibi yeni teknolojilerin yard\u0131m\u0131yla, nas\u0131l d\u00f6n\u00fc\u015ft\u00fcrebilece\u011fimize dair ara\u015ft\u0131rmalar sergileniyor ve umut dolu \u00f6neriler getiriliyor&#8221; ifadelerini kulland\u0131.<\/p>\n","protected":false},"excerpt":{"rendered":"<p>Mersin B\u00fcy\u00fck\u015fehir Belediyesi&#8217;nin; baz\u0131 birimlerini at\u0131l durumdaki yap\u0131lara ta\u015f\u0131mas\u0131 ve tadilat\u0131 yap\u0131lan bu metruk yap\u0131lar\u0131 yeniden ya\u015fam\u0131n i\u00e7ine dahil etmesi projesi, bu y\u0131l 18.&#8217;si d\u00fczenlenen Venedik Bienali Uluslararas\u0131 Mimarl\u0131k Sergisi&#8217;nde &hellip; <a href=\"https:\/\/akdenizolaygazetesi.com\/?p=26373\" class=\"more-link\">Devam\u0131n\u0131 Oku&#8230;<\/a><\/p>\n","protected":false},"author":2,"featured_media":26374,"comment_status":"open","ping_status":"open","sticky":false,"template":"","format":"standard","meta":[],"categories":[1,2,3],"tags":[],"_links":{"self":[{"href":"https:\/\/akdenizolaygazetesi.com\/index.php?rest_route=\/wp\/v2\/posts\/26373"}],"collection":[{"href":"https:\/\/akdenizolaygazetesi.com\/index.php?rest_route=\/wp\/v2\/posts"}],"about":[{"href":"https:\/\/akdenizolaygazetesi.com\/index.php?rest_route=\/wp\/v2\/types\/post"}],"author":[{"embeddable":true,"href":"https:\/\/akdenizolaygazetesi.com\/index.php?rest_route=\/wp\/v2\/users\/2"}],"replies":[{"embeddable":true,"href":"https:\/\/akdenizolaygazetesi.com\/index.php?rest_route=%2Fwp%2Fv2%2Fcomments&post=26373"}],"version-history":[{"count":1,"href":"https:\/\/akdenizolaygazetesi.com\/index.php?rest_route=\/wp\/v2\/posts\/26373\/revisions"}],"predecessor-version":[{"id":26375,"href":"https:\/\/akdenizolaygazetesi.com\/index.php?rest_route=\/wp\/v2\/posts\/26373\/revisions\/26375"}],"wp:featuredmedia":[{"embeddable":true,"href":"https:\/\/akdenizolaygazetesi.com\/index.php?rest_route=\/wp\/v2\/media\/26374"}],"wp:attachment":[{"href":"https:\/\/akdenizolaygazetesi.com\/index.php?rest_route=%2Fwp%2Fv2%2Fmedia&parent=26373"}],"wp:term":[{"taxonomy":"category","embeddable":true,"href":"https:\/\/akdenizolaygazetesi.com\/index.php?rest_route=%2Fwp%2Fv2%2Fcategories&post=26373"},{"taxonomy":"post_tag","embeddable":true,"href":"https:\/\/akdenizolaygazetesi.com\/index.php?rest_route=%2Fwp%2Fv2%2Ftags&post=26373"}],"curies":[{"name":"wp","href":"https:\/\/api.w.org\/{rel}","templated":true}]}}