{"id":26380,"date":"2023-06-15T12:57:15","date_gmt":"2023-06-15T09:57:15","guid":{"rendered":"http:\/\/akdenizolaygazetesi.com\/?p=26380"},"modified":"2023-06-15T12:57:15","modified_gmt":"2023-06-15T09:57:15","slug":"baskan-secer-hayat-bilgisi-dersinde-ogrencilerle-bir-araya-geldi","status":"publish","type":"post","link":"https:\/\/akdenizolaygazetesi.com\/?p=26380","title":{"rendered":"BA\u015eKAN SE\u00c7ER, HAYAT B\u0130LG\u0130S\u0130 DERS\u0130NDE \u00d6\u011eRENC\u0130LERLE B\u0130R ARAYA GELD\u0130"},"content":{"rendered":"<p>Mersin Amerikan K\u00fclt\u00fcr Koleji&#8217;nden 3. s\u0131n\u0131f \u00f6\u011frencileri, &#8216;Y\u00f6netim Bilimleri&#8217; konulu Hayat Bilgisi dersi dolay\u0131s\u0131yla Mersin B\u00fcy\u00fck\u015fehir Belediye Ba\u015fkan\u0131 Vahap Se\u00e7er&#8217;i ziyaret etti. Ziyarette \u00f6\u011frenciler; belediye ba\u015fkan\u0131n\u0131n g\u00f6revleri, belediyenin \u00f6\u011frenciler ve \u00e7ocuklar ile ilgili hizmetleri, hayata ge\u00e7irecekleri projeler hakk\u0131nda sorular sorarak, belediye ba\u015fkan\u0131 olmak i\u00e7in Ba\u015fkan Se\u00e7er&#8217;den tavsiyeler istedi. Ba\u015fkan Se\u00e7er de \u00f6\u011frencilerin sorular\u0131n\u0131 yan\u0131tlayarak \u00e7ocuklar ve gen\u00e7ler i\u00e7in hayata ge\u00e7irdikleri projeleri anlatt\u0131.<\/p>\n<p>&#8220;Toplamda 7 bine yak\u0131n \u00f6\u011frenci kitlemiz var&#8221;<br \/>\nZiyarette, bir \u00f6\u011frencinin B\u00fcy\u00fck\u015fehir Belediyesi&#8217;nin e\u011fitimle alakal\u0131 ne gibi \u00e7al\u0131\u015fmalar yapt\u0131klar\u0131n\u0131 sormas\u0131 \u00fczerine konu\u015fan Ba\u015fkan Se\u00e7er, bu konusunda son derece hassas \u00e7al\u0131\u015ft\u0131klar\u0131n\u0131 ve e\u011fitimi \u00f6nceleyen bir anlay\u0131\u015fa sahip olduklar\u0131n\u0131 s\u00f6yledi. Se\u00e7er; kre\u015fler, bilim at\u00f6lyeleri ve kurs merkezleri ile Mersin&#8217;deki \u00e7ocuklar ve gen\u00e7lerin iyi bir e\u011fitim alabilmeleri ve kendilerini geli\u015ftirebilmeleri i\u00e7in \u00e7al\u0131\u015ft\u0131klar\u0131n\u0131 belirtti.<\/p>\n<p>B\u00fcy\u00fck\u015fehir Belediyesi olarak e\u011fitim konusunda \u00f6\u011frenciler i\u00e7in yararl\u0131 projeleri hayata ge\u00e7irdiklerinden s\u00f6z eden Se\u00e7er, &#8220;\u015eu anda bizim e\u011fitim merkezlerimizde yakla\u015f\u0131k 2 bin 500 \u00f6\u011frenci \u00fccretsiz kurs alarak Liselere Ge\u00e7i\u015f Sistemi s\u0131nav\u0131na haz\u0131rland\u0131lar. Ayr\u0131ca 4 bin 500 \u00f6\u011frencimizde \u00fcniversiteye giri\u015f kurslar\u0131na devam ediyor. Daha y\u00fcksek ba\u015far\u0131 elde etsinler diye bizim e\u011fitim merkezlerinde derslere giriyorlar. \u00dcniversiteye giri\u015f kurslar\u0131 ya da liselere giri\u015f s\u0131nav\u0131 i\u00e7in kurslara devam eden toplamda 7 bine yak\u0131n \u00f6\u011frenci kitlemiz var&#8221; dedi.<\/p>\n<p>&#8220;Mesele e\u011fitimde f\u0131rsat e\u015fitli\u011fi&#8221;<br \/>\n\u00d6\u011frencilerin ders \u00e7al\u0131\u015fma ortamlar\u0131n\u0131n da \u00e7ok \u00f6nemli oldu\u011funu kaydeden Ba\u015fkan Se\u00e7er, &#8220;Mersin&#8217;in her b\u00f6lgesinde bizim okuma salonlar\u0131m\u0131z var. Adres Okuma Salonu&#8217;na ek olarak yine sahilde bir tane daha yap\u0131yoruz. Hatta merkeze uzak mahallelerde, beldelerde de okuma salonlar\u0131m\u0131z var. O da \u00f6\u011frencilerimize rahat bir ders \u00e7al\u0131\u015fma imk\u00e2n\u0131 sa\u011fl\u0131yor&#8221; diye konu\u015ftu. E\u011fitimin k\u00fc\u00e7\u00fck ya\u015fta ba\u015flad\u0131\u011f\u0131n\u0131 ifade ederek, B\u00fcy\u00fck\u015fehir Belediyesi b\u00fcnyesinde hizmet veren kre\u015fler hakk\u0131nda da bilgi veren Ba\u015fkan Se\u00e7er, \u00f6zellikle sebze halinde a\u00e7t\u0131klar\u0131 kre\u015fin bir \u00f6rnek te\u015fkil etti\u011fini belirterek, vurgulad\u0131. Se\u00e7er, &#8220;E\u011fitimde f\u0131rsat e\u015fitli\u011finin \u00e7ocuklar\u0131m\u0131z\u0131n ak\u0131llar\u0131na nak\u015fedilmesi ad\u0131na \u00e7ok muazzam bir \u00f6rnek. Mesele kre\u015f de\u011fil, e\u011fitimde f\u0131rsat e\u015fitli\u011fi&#8221; ifadelerini kulland\u0131.<\/p>\n<p>Se\u00e7er, B\u00fcy\u00fck\u015fehir&#8217;in \u00e7evre dostu Limon&#8217;lar\u0131n\u0131 \u00f6\u011frencilere anlatt\u0131<br \/>\nHer alanda oldu\u011fu gibi ula\u015f\u0131m alan\u0131nda da \u00f6\u011frencilere kolayl\u0131k sa\u011flayan hizmetler sunduklar\u0131n\u0131 s\u00f6zlerine ekleyen Ba\u015fkan Se\u00e7er, &#8220;Belediyemizin toplu ta\u015f\u0131ma birim \u00f6\u011frencilerimize abonman kart\u0131 \u00e7\u0131kart\u0131yor. 1 TL, \u00e7ok ucuz. T\u00fcrkiye&#8217;nin en ucuz toplu ta\u015f\u0131mas\u0131&#8221; dedi. Mersin&#8217;e kazand\u0131rd\u0131klar\u0131 Limon otob\u00fcslerin rengine de Mersin halk\u0131 ile birlikte karar verdiklerini anlatan Ba\u015fkan Se\u00e7er, kat\u0131l\u0131mc\u0131 demokrasiyi \u00f6\u011frencilere anlatt\u0131. \u015eu anda d\u00fcnyan\u0131n en b\u00fcy\u00fck probleminin \u00e7evre konusu oldu\u011funa da dikkat \u00e7eken Ba\u015fkan Se\u00e7er, b\u00fcnyelerindeki otob\u00fcslerin de CNG&#8217;li oldu\u011funu belirterek, &#8220;Yani fosil yak\u0131t t\u00fcketmiyor, havadaki karbon miktar\u0131n\u0131 art\u0131rm\u0131yor, atmosfere k\u00fcresel \u0131s\u0131nmaya neden olan sera gaz\u0131 salm\u0131yor&#8221; dedi.<\/p>\n<p>\u00c7ocuk ya\u015fta beslenmenin sa\u011fl\u0131kl\u0131 bir geli\u015fim i\u00e7in son derece \u00f6nemli oldu\u011funu da s\u00f6yleyen Se\u00e7er, B\u00fcy\u00fck\u015fehir olarak \u00e7ocuklar\u0131n beslenmesine \u00e7ok \u00f6nem verdiklerini ve bu konuda \u00e7al\u0131\u015fmalar y\u00fcr\u00fctt\u00fcklerini anlatt\u0131.<\/p>\n<p>&#8220;\u0130nsanlar\u0131 seviyorsan iyi bir belediye ba\u015fkan\u0131 olabilirsin&#8221;<br \/>\nBir \u00f6\u011frencinin &#8216;Belediye ba\u015fkan\u0131 olmak isteyenlere hangi tavsiyeleri verirsiniz?&#8217; diye sormas\u0131 \u00fczerine ise Se\u00e7er, &#8220;\u0130nsanlar\u0131 seviyorsan iyi bir belediye ba\u015fkan\u0131 olabilirsin. Herkes belediye ba\u015fkan\u0131 olabilir ama iyi bir belediye ba\u015fkan\u0131, halk\u0131na huzur veren ve insanlar\u0131 seven bir belediye ba\u015fkan\u0131 olmal\u0131d\u0131r. Belediye ba\u015fkanl\u0131\u011f\u0131 bir i\u015f de\u011fil, g\u00f6revdir. \u00c7\u00fcnk\u00fc bu g\u00f6revi size halk verir. Hizmet etmek ve insanlar\u0131 mutlu etmek benim i\u00e7in \u00f6nemli oldu\u011fu i\u00e7in belediye ba\u015fkan\u0131 olmak istedim. Mersini de \u00e7ok seviyorum&#8221; dedi. Yakla\u015fan tatil dolay\u0131s\u0131yla \u00f6\u011frencilere &#8216;\u0130yi tatiller&#8217; dileyen Se\u00e7er, yaz tatillerini ge\u00e7irmek i\u00e7in de \u00f6\u011frencileri B\u00fcy\u00fck\u015fehir&#8217;in etkinlik ve 8 farkl\u0131 bran\u015fta verilen spor kurslar\u0131na davet etti.<\/p>\n","protected":false},"excerpt":{"rendered":"<p>Mersin Amerikan K\u00fclt\u00fcr Koleji&#8217;nden 3. s\u0131n\u0131f \u00f6\u011frencileri, &#8216;Y\u00f6netim Bilimleri&#8217; konulu Hayat Bilgisi dersi dolay\u0131s\u0131yla Mersin B\u00fcy\u00fck\u015fehir Belediye Ba\u015fkan\u0131 Vahap Se\u00e7er&#8217;i ziyaret etti. Ziyarette \u00f6\u011frenciler; belediye ba\u015fkan\u0131n\u0131n g\u00f6revleri, belediyenin \u00f6\u011frenciler ve &hellip; <a href=\"https:\/\/akdenizolaygazetesi.com\/?p=26380\" class=\"more-link\">Devam\u0131n\u0131 Oku&#8230;<\/a><\/p>\n","protected":false},"author":2,"featured_media":26381,"comment_status":"open","ping_status":"open","sticky":false,"template":"","format":"standard","meta":[],"categories":[2,3],"tags":[],"_links":{"self":[{"href":"https:\/\/akdenizolaygazetesi.com\/index.php?rest_route=\/wp\/v2\/posts\/26380"}],"collection":[{"href":"https:\/\/akdenizolaygazetesi.com\/index.php?rest_route=\/wp\/v2\/posts"}],"about":[{"href":"https:\/\/akdenizolaygazetesi.com\/index.php?rest_route=\/wp\/v2\/types\/post"}],"author":[{"embeddable":true,"href":"https:\/\/akdenizolaygazetesi.com\/index.php?rest_route=\/wp\/v2\/users\/2"}],"replies":[{"embeddable":true,"href":"https:\/\/akdenizolaygazetesi.com\/index.php?rest_route=%2Fwp%2Fv2%2Fcomments&post=26380"}],"version-history":[{"count":1,"href":"https:\/\/akdenizolaygazetesi.com\/index.php?rest_route=\/wp\/v2\/posts\/26380\/revisions"}],"predecessor-version":[{"id":26382,"href":"https:\/\/akdenizolaygazetesi.com\/index.php?rest_route=\/wp\/v2\/posts\/26380\/revisions\/26382"}],"wp:featuredmedia":[{"embeddable":true,"href":"https:\/\/akdenizolaygazetesi.com\/index.php?rest_route=\/wp\/v2\/media\/26381"}],"wp:attachment":[{"href":"https:\/\/akdenizolaygazetesi.com\/index.php?rest_route=%2Fwp%2Fv2%2Fmedia&parent=26380"}],"wp:term":[{"taxonomy":"category","embeddable":true,"href":"https:\/\/akdenizolaygazetesi.com\/index.php?rest_route=%2Fwp%2Fv2%2Fcategories&post=26380"},{"taxonomy":"post_tag","embeddable":true,"href":"https:\/\/akdenizolaygazetesi.com\/index.php?rest_route=%2Fwp%2Fv2%2Ftags&post=26380"}],"curies":[{"name":"wp","href":"https:\/\/api.w.org\/{rel}","templated":true}]}}