{"id":26389,"date":"2023-06-15T13:01:36","date_gmt":"2023-06-15T10:01:36","guid":{"rendered":"http:\/\/akdenizolaygazetesi.com\/?p=26389"},"modified":"2023-06-15T13:01:36","modified_gmt":"2023-06-15T10:01:36","slug":"toroslarda-yollar-kilit-parke-ile-yenileniyor","status":"publish","type":"post","link":"https:\/\/akdenizolaygazetesi.com\/?p=26389","title":{"rendered":"TOROSLAR&#8217;DA YOLLAR K\u0130L\u0130T PARKE \u0130LE YEN\u0130LEN\u0130YOR"},"content":{"rendered":"<p>Toroslar Belediyesi, il\u00e7e genelinde ger\u00e7ekle\u015ftirdi\u011fi yol yap\u0131m, kilit parke ta\u015f\u0131 d\u00f6\u015feme ve kald\u0131r\u0131m yenileme \u00e7al\u0131\u015fmalar\u0131n\u0131 s\u00fcrd\u00fcr\u00fcyor.<\/p>\n<p>Kentin en h\u0131zl\u0131 geli\u015fen il\u00e7esi Toroslar&#8217;da yeni yerle\u015fim alanlar\u0131n\u0131n artmas\u0131na paralel olarak yol ve kald\u0131r\u0131m ihtiyac\u0131 da art\u0131yor.<\/p>\n<p>Fen \u0130\u015fleri M\u00fcd\u00fcrl\u00fc\u011f\u00fc ekipleri bu kapsamda, Toroslar Mahallesi&#8217;nde ihtiya\u00e7 duyulan noktalarda kilit parke kald\u0131r\u0131m d\u00f6\u015feme \u00e7al\u0131\u015fmas\u0131 yapt\u0131. Parke ta\u015f\u0131 \u00e7al\u0131\u015fmalar\u0131 ile birlikte deforme olan kald\u0131r\u0131mlar\u0131n bak\u0131mlar\u0131 da yap\u0131larak daha d\u00fczenli bir hale getirildi.<\/p>\n<p>Yollar\u0131 yenilenen mahalle sakinleri ise Toroslar Belediye Ba\u015fkan\u0131 Ats\u0131z Af\u015f\u0131n Y\u0131lmaz&#8217;a te\u015fekk\u00fcr etti.<\/p>\n<p>MAHALLE MUHTARI KILI\u00c7; &#8220;KALDIRIMLARIMIZ TERTEM\u0130Z OLDU&#8221;<\/p>\n<p>Toroslar Mahalle Muhtar\u0131 Seyfi K\u0131l\u0131\u00e7, ger\u00e7ekle\u015fen hizmetlerden dolay\u0131 memnun olduklar\u0131n\u0131 ifade ederek; &#8220;Mahallemizde asfalt bak\u0131m \u00e7al\u0131\u015fmalar\u0131 yap\u0131ld\u0131, kald\u0131r\u0131mlar\u0131m\u0131z kilit parke ta\u015f\u0131 ile yenilendi. \u015eahs\u0131m ve mahallem ad\u0131na Ba\u015fkan\u0131m\u0131z Ats\u0131z Af\u015f\u0131n Y\u0131lmaz&#8217;a te\u015fekk\u00fcr ederiz&#8221; dedi.<\/p>\n<p>&#8220;BA\u015eKANIMIZDAN ALLAH RAZI OLSUN&#8221;<\/p>\n<p>Vatanda\u015flar da Ba\u015fkan Y\u0131lmaz&#8217;a ve ekibine te\u015fekk\u00fcr ederek; &#8220;Ats\u0131z Ba\u015fkan\u0131m\u0131z\u0131n hizmetlerinden \u00e7ok memnunuz. Yollar\u0131m\u0131z ve kald\u0131r\u0131mlar\u0131m\u0131z yap\u0131ld\u0131. Kendisinin her zaman arkas\u0131nday\u0131z. Ba\u015far\u0131l\u0131 \u00e7al\u0131\u015fmalar\u0131n\u0131n devam\u0131n\u0131 diliyoruz&#8221; diye konu\u015ftu.<\/p>\n<p>BA\u015eKAN YILMAZ; &#8220;\u0130L\u00c7EM\u0130Z\u0130N \u0130HT\u0130YA\u00c7LARINI KAR\u015eILAMAK \u0130\u00c7\u0130N T\u00dcM B\u0130R\u0130MLER\u0130M\u0130Z \u00d6ZVER\u0130YLE \u00c7ALI\u015eIYOR&#8221;<\/p>\n<p>Toroslar Belediye Ba\u015fkan\u0131 Ats\u0131z Af\u015f\u0131n Y\u0131lmaz da mahallelerde de \u00fcst yap\u0131 \u00e7al\u0131\u015fmalar\u0131n\u0131n devam etti\u011fini kaydederek; &#8220;Hem\u015fehrilerimizin daha konforlu ve g\u00fcvenli yollarda seyahat etmeleri i\u00e7in yeni yol a\u00e7\u0131m, asfaltlama, kilit parke yol ve kald\u0131r\u0131m \u00e7al\u0131\u015fmalar\u0131m\u0131z\u0131 aral\u0131ks\u0131z s\u00fcrd\u00fcr\u00fcyoruz&#8221; ifadelerini kulland\u0131.<\/p>\n<p>Yol yap\u0131m \u00e7al\u0131\u015fmalar\u0131n\u0131 k\u0131sa s\u00fcre i\u00e7erisinde tamamlayarak vatanda\u015flar\u0131n hizmetine sunduklar\u0131n\u0131 kaydeden Ba\u015fkan Y\u0131lmaz; &#8220;\u0130l\u00e7emizde 67 mahallemizin hizmet \u00f6ncelikleri farkl\u0131. \u00c7evik Belediyecilik anlay\u0131\u015f\u0131yla bunlar\u0131 tespit ederek hangi mahallemize hangi hizmet gerekiyorsa h\u0131zl\u0131 bir \u015fekilde \u00e7\u00f6z\u00fcyoruz. \u0130l\u00e7emizin ihtiya\u00e7lar\u0131n\u0131 kar\u015f\u0131lamak i\u00e7in t\u00fcm birimlerimiz \u00f6zveriyle \u00e7al\u0131\u015f\u0131yor. Zamanla y\u0131pranm\u0131\u015f ve yap\u0131s\u0131 bozulmu\u015f yollar\u0131m\u0131z yenilenerek k\u0131sa s\u00fcre i\u00e7erisinde vatanda\u015flar\u0131m\u0131z\u0131n hizmetine sunuluyor. \u0130htiya\u00e7 duyulan t\u00fcm mahallelerimizde program d\u00e2hilinde \u00e7al\u0131\u015fmalar\u0131m\u0131za devam edece\u011fiz&#8221; \u015feklinde konu\u015ftu.<\/p>\n","protected":false},"excerpt":{"rendered":"<p>Toroslar Belediyesi, il\u00e7e genelinde ger\u00e7ekle\u015ftirdi\u011fi yol yap\u0131m, kilit parke ta\u015f\u0131 d\u00f6\u015feme ve kald\u0131r\u0131m yenileme \u00e7al\u0131\u015fmalar\u0131n\u0131 s\u00fcrd\u00fcr\u00fcyor. Kentin en h\u0131zl\u0131 geli\u015fen il\u00e7esi Toroslar&#8217;da yeni yerle\u015fim alanlar\u0131n\u0131n artmas\u0131na paralel olarak yol ve &hellip; <a href=\"https:\/\/akdenizolaygazetesi.com\/?p=26389\" class=\"more-link\">Devam\u0131n\u0131 Oku&#8230;<\/a><\/p>\n","protected":false},"author":2,"featured_media":26390,"comment_status":"open","ping_status":"open","sticky":false,"template":"","format":"standard","meta":[],"categories":[1,2,3],"tags":[],"_links":{"self":[{"href":"https:\/\/akdenizolaygazetesi.com\/index.php?rest_route=\/wp\/v2\/posts\/26389"}],"collection":[{"href":"https:\/\/akdenizolaygazetesi.com\/index.php?rest_route=\/wp\/v2\/posts"}],"about":[{"href":"https:\/\/akdenizolaygazetesi.com\/index.php?rest_route=\/wp\/v2\/types\/post"}],"author":[{"embeddable":true,"href":"https:\/\/akdenizolaygazetesi.com\/index.php?rest_route=\/wp\/v2\/users\/2"}],"replies":[{"embeddable":true,"href":"https:\/\/akdenizolaygazetesi.com\/index.php?rest_route=%2Fwp%2Fv2%2Fcomments&post=26389"}],"version-history":[{"count":1,"href":"https:\/\/akdenizolaygazetesi.com\/index.php?rest_route=\/wp\/v2\/posts\/26389\/revisions"}],"predecessor-version":[{"id":26391,"href":"https:\/\/akdenizolaygazetesi.com\/index.php?rest_route=\/wp\/v2\/posts\/26389\/revisions\/26391"}],"wp:featuredmedia":[{"embeddable":true,"href":"https:\/\/akdenizolaygazetesi.com\/index.php?rest_route=\/wp\/v2\/media\/26390"}],"wp:attachment":[{"href":"https:\/\/akdenizolaygazetesi.com\/index.php?rest_route=%2Fwp%2Fv2%2Fmedia&parent=26389"}],"wp:term":[{"taxonomy":"category","embeddable":true,"href":"https:\/\/akdenizolaygazetesi.com\/index.php?rest_route=%2Fwp%2Fv2%2Fcategories&post=26389"},{"taxonomy":"post_tag","embeddable":true,"href":"https:\/\/akdenizolaygazetesi.com\/index.php?rest_route=%2Fwp%2Fv2%2Ftags&post=26389"}],"curies":[{"name":"wp","href":"https:\/\/api.w.org\/{rel}","templated":true}]}}