{"id":26405,"date":"2023-06-16T12:48:19","date_gmt":"2023-06-16T09:48:19","guid":{"rendered":"http:\/\/akdenizolaygazetesi.com\/?p=26405"},"modified":"2023-06-16T12:48:19","modified_gmt":"2023-06-16T09:48:19","slug":"gultaktan-bir-kitap-da-benden-kampanyasina-destek-cagrisi","status":"publish","type":"post","link":"https:\/\/akdenizolaygazetesi.com\/?p=26405","title":{"rendered":"G\u00dcLTAK\u2019TAN, \u201cB\u0130R K\u0130TAP DA BENDEN\u201d KAMPANYASINA DESTEK \u00c7A\u011eRISI"},"content":{"rendered":"<p>Akdeniz Belediye Ba\u015fkan\u0131 M. Mustafa G\u00fcltak, deprem felaketinin vurdu\u011fu illerde ya\u015fayan \u00e7ocuklar ve gen\u00e7ler i\u00e7in ba\u015flat\u0131lan \u201cBir Kitap da Benden\u201d  kampanyas\u0131na, t\u00fcm Mersinlileri destek vermeye \u00e7a\u011f\u0131rd\u0131.<br \/>\nT\u00fcrkiye Dil ve Edebiyat Derne\u011fi Mersin \u015eubesi\u2019nin ba\u015flatt\u0131\u011f\u0131 ve Akdeniz Belediyesi, Mersin \u0130l Milli E\u011fitim M\u00fcd\u00fcrl\u00fc\u011f\u00fc ve Akdeniz Kent Konseyi\u2019nin de destek verdi\u011fi \u201cBir Kitap da Benden\u201d kampanyas\u0131yla; 6 \u015eubat\u2019ta meydana gelen deprem felaketinin etkiledi\u011fi kentlerde ya\u015fayan \u00e7ocuklar ve gen\u00e7lere binlerce kitap ula\u015ft\u0131r\u0131lacak. Akdeniz Belediye Ba\u015fkan\u0131 M. Mustafa G\u00fcltak da yapt\u0131\u011f\u0131 \u00e7a\u011fr\u0131 ile \u00fclke \u00e7ap\u0131nda ba\u015flat\u0131lan kitap ba\u011f\u0131\u015f\u0131 kampanyas\u0131na t\u00fcm Mersinlileri destek vermeye davet etti.<br \/>\nBa\u015fkan G\u00fcltak; \u201cDeprem b\u00f6lgesinde bulunan \u00e7ocuklar\u0131m\u0131z ve gen\u00e7lerimiz i\u00e7in ba\u011f\u0131\u015flayaca\u011f\u0131n\u0131z kitaplar onlar i\u00e7in g\u00fczel bir hediye olacak. Kampanya, deprem sonucu kitaplar\u0131n\u0131 kaybeden \u00e7ocuklar\u0131m\u0131z i\u00e7in yaz tatili ile birlikte moral ve motivasyon deste\u011fi olacak. Kitap kampanyas\u0131na destek verecek b\u00fct\u00fcn hem\u015ferilerime de \u015fimdiden te\u015fekk\u00fcr ediyorum. Toplanan t\u00fcm kitaplar, 6 \u015eubat\u2019ta meydana gelen deprem afetinin yaralad\u0131\u011f\u0131 Hatay, Kahramanmara\u015f, Gaziantep, Kilis, Diyarbak\u0131r, Ad\u0131yaman, Malatya, Elaz\u0131\u011f ve Osmaniye illerimizde ya\u015fayan \u00e7ocuklar\u0131m\u0131za ula\u015ft\u0131r\u0131lacak\u201d dedi.<br \/>\n\u00d6te yandan \u201cBir Kitap da Benden\u201d kampanyas\u0131na destek vermek isteyen Mersinliler, ba\u011f\u0131\u015flamak istedikleri kitaplar\u0131, Akdeniz Belediyesi K\u00fclt\u00fcr ve Sosyal \u0130\u015fler M\u00fcd\u00fcrl\u00fc\u011f\u00fc hizmet binas\u0131na (Eski \u00dcniversite Hastanesi Acil Binas\u0131) ve Yeni\u015fehir Dumlup\u0131nar Anadolu \u0130mam Hatip Lisesi\u2019ne teslim edebilir.<\/p>\n","protected":false},"excerpt":{"rendered":"<p>Akdeniz Belediye Ba\u015fkan\u0131 M. Mustafa G\u00fcltak, deprem felaketinin vurdu\u011fu illerde ya\u015fayan \u00e7ocuklar ve gen\u00e7ler i\u00e7in ba\u015flat\u0131lan \u201cBir Kitap da Benden\u201d kampanyas\u0131na, t\u00fcm Mersinlileri destek vermeye \u00e7a\u011f\u0131rd\u0131. T\u00fcrkiye Dil ve Edebiyat &hellip; <a href=\"https:\/\/akdenizolaygazetesi.com\/?p=26405\" class=\"more-link\">Devam\u0131n\u0131 Oku&#8230;<\/a><\/p>\n","protected":false},"author":2,"featured_media":26406,"comment_status":"open","ping_status":"open","sticky":false,"template":"","format":"standard","meta":[],"categories":[3],"tags":[],"_links":{"self":[{"href":"https:\/\/akdenizolaygazetesi.com\/index.php?rest_route=\/wp\/v2\/posts\/26405"}],"collection":[{"href":"https:\/\/akdenizolaygazetesi.com\/index.php?rest_route=\/wp\/v2\/posts"}],"about":[{"href":"https:\/\/akdenizolaygazetesi.com\/index.php?rest_route=\/wp\/v2\/types\/post"}],"author":[{"embeddable":true,"href":"https:\/\/akdenizolaygazetesi.com\/index.php?rest_route=\/wp\/v2\/users\/2"}],"replies":[{"embeddable":true,"href":"https:\/\/akdenizolaygazetesi.com\/index.php?rest_route=%2Fwp%2Fv2%2Fcomments&post=26405"}],"version-history":[{"count":1,"href":"https:\/\/akdenizolaygazetesi.com\/index.php?rest_route=\/wp\/v2\/posts\/26405\/revisions"}],"predecessor-version":[{"id":26407,"href":"https:\/\/akdenizolaygazetesi.com\/index.php?rest_route=\/wp\/v2\/posts\/26405\/revisions\/26407"}],"wp:featuredmedia":[{"embeddable":true,"href":"https:\/\/akdenizolaygazetesi.com\/index.php?rest_route=\/wp\/v2\/media\/26406"}],"wp:attachment":[{"href":"https:\/\/akdenizolaygazetesi.com\/index.php?rest_route=%2Fwp%2Fv2%2Fmedia&parent=26405"}],"wp:term":[{"taxonomy":"category","embeddable":true,"href":"https:\/\/akdenizolaygazetesi.com\/index.php?rest_route=%2Fwp%2Fv2%2Fcategories&post=26405"},{"taxonomy":"post_tag","embeddable":true,"href":"https:\/\/akdenizolaygazetesi.com\/index.php?rest_route=%2Fwp%2Fv2%2Ftags&post=26405"}],"curies":[{"name":"wp","href":"https:\/\/api.w.org\/{rel}","templated":true}]}}