{"id":26411,"date":"2023-06-16T12:51:41","date_gmt":"2023-06-16T09:51:41","guid":{"rendered":"http:\/\/akdenizolaygazetesi.com\/?p=26411"},"modified":"2023-06-16T12:51:41","modified_gmt":"2023-06-16T09:51:41","slug":"yenisehirden-pedal-ceviren-bisikletliler-kktc-turunu-tamamladi","status":"publish","type":"post","link":"https:\/\/akdenizolaygazetesi.com\/?p=26411","title":{"rendered":"Yeni\u015fehir\u2019den pedal \u00e7eviren bisikletliler KKTC turunu tamamlad\u0131"},"content":{"rendered":"<p>Mersin Yeni\u015fehir Belediyesinin deste\u011fiyle Mersin Bisiklet Derne\u011fi (MERB\u0130SDER) taraf\u0131ndan d\u00fczenlenen 5. Geleneksel KKTC Bisiklet Turu sona erdi.<br \/>\nMersin Bisiklet Derne\u011fi 5. Geleneksel KKTC Bisiklet Turu kapsam\u0131nda T\u00fcrkiye\u2019nin farkl\u0131 illerinden bir araya gelen 32 bisikletli,  Kuzey K\u0131br\u0131s T\u00fcrk Cumhuriyeti(KKTC)\u2019nde 350 kilometre bisiklet s\u00fcrd\u00fc.Mersin Yeni\u015fehir\u2019den pedal \u00e7eviren bisikletliler, KKTC Turizm ve \u00c7evre Bakan\u0131 Fikri Atao\u011flu, Erenk\u00f6y &#8211; Karpaz Belediye Ba\u015fkan\u0131 Hamit Bak\u0131rc\u0131, Mehmet\u00e7ik &#8211; B\u00fcy\u00fckkonak Belediye Ba\u015fkan\u0131 Fatma \u00c7imen Tu\u011flu\u2019yu da ziyaret etti. MEB\u0130SDER Ba\u015fkan\u0131 S\u00fcleyman Uygun, Erenk\u00f6y- Karpaz Belediye Ba\u015fkan\u0131 Hamit Bak\u0131rc\u0131\u2019ya Yeni\u015fehir Belediye Ba\u015fkan\u0131 Abdullah \u00d6zyi\u011fit taraf\u0131ndan g\u00f6nderilen ve i\u00e7erisinde Yeni\u015fehir Tar\u0131msal Kalk\u0131nma Kooperatifi \u00e7at\u0131s\u0131 alt\u0131nda \u00fcretilen \u00fcr\u00fcnleri hediye etti. Ba\u015fkan Hamit Bak\u0131rc\u0131, hediyelerinden dolay\u0131 Ba\u015fkan Abdullah \u00d6zyi\u011fit\u2019e te\u015fekk\u00fcr etti.<br \/>\nUygun \u201c10.Uluslararas\u0131 Bisiklet Festivali\u2019ni de Yeni\u015fehir Belediyemizin deste\u011fiyle d\u00fczenleyece\u011fiz.\u201d<br \/>\nMERB\u0130SDER S\u00fcleyman Uygun ise \u201cBu y\u0131l be\u015fincisini ger\u00e7ekle\u015ftirdi\u011fimiz bisiklet turumuz kapsam\u0131nda KKTC\u2019yi bir u\u00e7tan di\u011fer uca bisikletlerimizle gezdik. \u00c7ok g\u00fczel ve keyifli bir deneyim oldu. Mersin Bisiklet Derne\u011fi olarak bu y\u0131l ayr\u0131ca 10. Uluslararas\u0131 Bisiklet Festivali\u2019ni de Yeni\u015fehir Belediyemizin deste\u011fiyle d\u00fczenleyece\u011fiz. Bisikletlileri yine Mersin\u2019de bir araya getirece\u011fiz, kentimizi gezece\u011fiz. Ba\u015fkan\u0131m\u0131z Abdullah \u00d6zyi\u011fit\u2019e daima bizi destekledi\u011fi i\u00e7in te\u015fekk\u00fcr ediyorum.\u201d diye konu\u015ftu. <\/p>\n","protected":false},"excerpt":{"rendered":"<p>Mersin Yeni\u015fehir Belediyesinin deste\u011fiyle Mersin Bisiklet Derne\u011fi (MERB\u0130SDER) taraf\u0131ndan d\u00fczenlenen 5. Geleneksel KKTC Bisiklet Turu sona erdi. Mersin Bisiklet Derne\u011fi 5. Geleneksel KKTC Bisiklet Turu kapsam\u0131nda T\u00fcrkiye\u2019nin farkl\u0131 illerinden bir &hellip; <a href=\"https:\/\/akdenizolaygazetesi.com\/?p=26411\" class=\"more-link\">Devam\u0131n\u0131 Oku&#8230;<\/a><\/p>\n","protected":false},"author":2,"featured_media":26412,"comment_status":"open","ping_status":"open","sticky":false,"template":"","format":"standard","meta":[],"categories":[7,3,10],"tags":[],"_links":{"self":[{"href":"https:\/\/akdenizolaygazetesi.com\/index.php?rest_route=\/wp\/v2\/posts\/26411"}],"collection":[{"href":"https:\/\/akdenizolaygazetesi.com\/index.php?rest_route=\/wp\/v2\/posts"}],"about":[{"href":"https:\/\/akdenizolaygazetesi.com\/index.php?rest_route=\/wp\/v2\/types\/post"}],"author":[{"embeddable":true,"href":"https:\/\/akdenizolaygazetesi.com\/index.php?rest_route=\/wp\/v2\/users\/2"}],"replies":[{"embeddable":true,"href":"https:\/\/akdenizolaygazetesi.com\/index.php?rest_route=%2Fwp%2Fv2%2Fcomments&post=26411"}],"version-history":[{"count":1,"href":"https:\/\/akdenizolaygazetesi.com\/index.php?rest_route=\/wp\/v2\/posts\/26411\/revisions"}],"predecessor-version":[{"id":26413,"href":"https:\/\/akdenizolaygazetesi.com\/index.php?rest_route=\/wp\/v2\/posts\/26411\/revisions\/26413"}],"wp:featuredmedia":[{"embeddable":true,"href":"https:\/\/akdenizolaygazetesi.com\/index.php?rest_route=\/wp\/v2\/media\/26412"}],"wp:attachment":[{"href":"https:\/\/akdenizolaygazetesi.com\/index.php?rest_route=%2Fwp%2Fv2%2Fmedia&parent=26411"}],"wp:term":[{"taxonomy":"category","embeddable":true,"href":"https:\/\/akdenizolaygazetesi.com\/index.php?rest_route=%2Fwp%2Fv2%2Fcategories&post=26411"},{"taxonomy":"post_tag","embeddable":true,"href":"https:\/\/akdenizolaygazetesi.com\/index.php?rest_route=%2Fwp%2Fv2%2Ftags&post=26411"}],"curies":[{"name":"wp","href":"https:\/\/api.w.org\/{rel}","templated":true}]}}