{"id":26420,"date":"2023-06-16T17:02:01","date_gmt":"2023-06-16T14:02:01","guid":{"rendered":"http:\/\/akdenizolaygazetesi.com\/?p=26420"},"modified":"2023-06-16T17:02:01","modified_gmt":"2023-06-16T14:02:01","slug":"baskan-yilmaz-babalar-gununu-kutladi-3","status":"publish","type":"post","link":"https:\/\/akdenizolaygazetesi.com\/?p=26420","title":{"rendered":"BA\u015eKAN YILMAZ, BABALAR G\u00dcN\u00dc&#8217;N\u00dc KUTLADI"},"content":{"rendered":"<p>Toroslar Belediye Ba\u015fkan\u0131 Ats\u0131z Af\u015f\u0131n Y\u0131lmaz, Babalar G\u00fcn\u00fc dolay\u0131s\u0131yla bir mesaj yay\u0131nlad\u0131. Mesaj\u0131nda, babalar\u0131n fedak\u00e2rl\u0131\u011f\u0131n ve kar\u015f\u0131l\u0131ks\u0131z sevginin simgesi oldu\u011funu belirten Ba\u015fkan Y\u0131lmaz, t\u00fcm babalar\u0131n ve baba adaylar\u0131n\u0131n Babalar G\u00fcn\u00fc&#8217;n\u00fc kutlad\u0131.<\/p>\n<p>Babalar\u0131n anneler ile birlikte ailenin temel dire\u011fini olu\u015fturdu\u011funu kaydeden Ba\u015fkan Y\u0131lmaz, aile b\u00fcy\u00fcklerinin her zaman k\u0131ymetinin bilinmesi gerekti\u011fini vurgulayarak; &#8220;Annelerimiz gibi babalar\u0131m\u0131z\u0131n da hakk\u0131n\u0131 ne yapsak \u00f6deyemeyiz. Babalar\u0131m\u0131z, y\u00fcreklerinde ta\u015f\u0131d\u0131klar\u0131 sevgi, \u015fefkat ve merhameti evlatlar\u0131ndan hi\u00e7bir zaman esirgemezler. Bizim de onlara verebilece\u011fimiz en anlaml\u0131 hediye ise sevgimizi bir g\u00fcn de\u011fil her g\u00fcn g\u00f6stermeliyiz&#8221; dedi.<\/p>\n<p>&#8220;BABALAR \u00c7INAR G\u0130B\u0130D\u0130R&#8221;<\/p>\n<p>&#8220;Her insan\u0131n hayat\u0131nda rol model olarak se\u00e7ti\u011fi bir \u00e7\u0131nar\u0131 vard\u0131r&#8221; diyen Ba\u015fkan Y\u0131lmaz; &#8220;Babalar, \u00e7\u0131nar gibidir. Hayat\u0131n her an\u0131nda her t\u00fcrl\u00fc fedak\u00e2rl\u0131kta bulunan babalar\u0131m\u0131z, tecr\u00fcbeleriyle de her zaman yol g\u00f6sterici olmaktad\u0131r. Bu vesileyle ba\u015fta \u015fehit babalar\u0131 olmak \u00fczere t\u00fcm babalar\u0131m\u0131z\u0131n ve baba adaylar\u0131n\u0131n bu \u00f6zel g\u00fcn\u00fcn\u00fc kutluyor, aram\u0131zdan ayr\u0131lanlar\u0131 rahmetle an\u0131yorum&#8221; diye konu\u015ftu.<\/p>\n","protected":false},"excerpt":{"rendered":"<p>Toroslar Belediye Ba\u015fkan\u0131 Ats\u0131z Af\u015f\u0131n Y\u0131lmaz, Babalar G\u00fcn\u00fc dolay\u0131s\u0131yla bir mesaj yay\u0131nlad\u0131. Mesaj\u0131nda, babalar\u0131n fedak\u00e2rl\u0131\u011f\u0131n ve kar\u015f\u0131l\u0131ks\u0131z sevginin simgesi oldu\u011funu belirten Ba\u015fkan Y\u0131lmaz, t\u00fcm babalar\u0131n ve baba adaylar\u0131n\u0131n Babalar G\u00fcn\u00fc&#8217;n\u00fc &hellip; <a href=\"https:\/\/akdenizolaygazetesi.com\/?p=26420\" class=\"more-link\">Devam\u0131n\u0131 Oku&#8230;<\/a><\/p>\n","protected":false},"author":2,"featured_media":26421,"comment_status":"open","ping_status":"open","sticky":false,"template":"","format":"standard","meta":[],"categories":[1,2,3],"tags":[],"_links":{"self":[{"href":"https:\/\/akdenizolaygazetesi.com\/index.php?rest_route=\/wp\/v2\/posts\/26420"}],"collection":[{"href":"https:\/\/akdenizolaygazetesi.com\/index.php?rest_route=\/wp\/v2\/posts"}],"about":[{"href":"https:\/\/akdenizolaygazetesi.com\/index.php?rest_route=\/wp\/v2\/types\/post"}],"author":[{"embeddable":true,"href":"https:\/\/akdenizolaygazetesi.com\/index.php?rest_route=\/wp\/v2\/users\/2"}],"replies":[{"embeddable":true,"href":"https:\/\/akdenizolaygazetesi.com\/index.php?rest_route=%2Fwp%2Fv2%2Fcomments&post=26420"}],"version-history":[{"count":1,"href":"https:\/\/akdenizolaygazetesi.com\/index.php?rest_route=\/wp\/v2\/posts\/26420\/revisions"}],"predecessor-version":[{"id":26422,"href":"https:\/\/akdenizolaygazetesi.com\/index.php?rest_route=\/wp\/v2\/posts\/26420\/revisions\/26422"}],"wp:featuredmedia":[{"embeddable":true,"href":"https:\/\/akdenizolaygazetesi.com\/index.php?rest_route=\/wp\/v2\/media\/26421"}],"wp:attachment":[{"href":"https:\/\/akdenizolaygazetesi.com\/index.php?rest_route=%2Fwp%2Fv2%2Fmedia&parent=26420"}],"wp:term":[{"taxonomy":"category","embeddable":true,"href":"https:\/\/akdenizolaygazetesi.com\/index.php?rest_route=%2Fwp%2Fv2%2Fcategories&post=26420"},{"taxonomy":"post_tag","embeddable":true,"href":"https:\/\/akdenizolaygazetesi.com\/index.php?rest_route=%2Fwp%2Fv2%2Ftags&post=26420"}],"curies":[{"name":"wp","href":"https:\/\/api.w.org\/{rel}","templated":true}]}}