{"id":26423,"date":"2023-06-17T20:13:24","date_gmt":"2023-06-17T17:13:24","guid":{"rendered":"http:\/\/akdenizolaygazetesi.com\/?p=26423"},"modified":"2023-06-17T20:13:24","modified_gmt":"2023-06-17T17:13:24","slug":"buyuksehirin-ogrencileri-yilsonu-karnelerini-aldi","status":"publish","type":"post","link":"https:\/\/akdenizolaygazetesi.com\/?p=26423","title":{"rendered":"B\u00dcY\u00dcK\u015eEH\u0130R&#8217;\u0130N \u00d6\u011eRENC\u0130LER\u0130 YILSONU KARNELER\u0130N\u0130 ALDI"},"content":{"rendered":"<p>Mersin B\u00fcy\u00fck\u015fehir Belediyesi Kad\u0131n ve Aile Hizmetleri Dairesi Ba\u015fkanl\u0131\u011f\u0131 Aile ve \u00c7ocuk Hizmetleri \u015eube M\u00fcd\u00fcrl\u00fc\u011f\u00fc b\u00fcnyesinde hizmet veren Adile Teyze, M\u00fcnir \u00d6zkul, Begonvil, Halkkent \u00c7ocuk Geli\u015fim Merkezleri&#8217;nde e\u011fitim g\u00f6ren 180 \u00f6\u011frenci karne heyecan\u0131 ya\u015fad\u0131. \u00d6\u011frenciler, kre\u015flerde d\u00fczenlenen ne\u015feli t\u00f6renlerde karnelerini ald\u0131. Ger\u00e7ekle\u015fen t\u00f6rende, minikler kadar anne ve babalar\u0131 da olduk\u00e7a heyecanl\u0131yd\u0131.<\/p>\n<p>Tan\u0131\u015f\u0131k: &#8220;Koca bir y\u0131l\u0131 geride b\u0131rak\u0131yoruz&#8221;<\/p>\n<p>Mersin B\u00fcy\u00fck\u015fehir Belediyesi Kad\u0131n ve Aile Hizmetleri Dairesi Ba\u015fkanl\u0131\u011f\u0131 \u00c7ocuk Geli\u015fim Merkezleri E\u011fitim Koordinat\u00f6r\u00fc \u00d6zlem Tan\u0131\u015f\u0131k, &#8220;Okullarda miniklerimizle birlikte onlar\u0131n geli\u015fim alanlar\u0131na y\u00f6nelik etkinliklerle s\u00fcrd\u00fcrd\u00fck, bilimle, sanatla bulu\u015fturduk. Koca bir y\u0131l\u0131 geride b\u0131rak\u0131rken onlar\u0131 bug\u00fcn karne ve ba\u015far\u0131 belgelerini veriyoruz. Ebeveynleri ile birlikte g\u00fczel bir kutlama yap\u0131yoruz&#8221; dedi.<\/p>\n<p>&#8220;B\u00fct\u00fcn miniklerin yaz tatilinin g\u00fczel ge\u00e7mesini diliyorum&#8221;<\/p>\n<p>B\u00fcy\u00fck\u015fehir Belediyesi&#8217;nin \u00c7ocuk Geli\u015fim Merkezleri&#8217;nde yakla\u015f\u0131k 220 \u00f6\u011frencinin bulundu\u011funu da kaydeden Tan\u0131\u015f\u0131k, \u00e7ocuklarla birlikte y\u0131l boyunca geli\u015fim alanlar\u0131na y\u00f6nelik etkinlik aktiviteleri s\u00fcrd\u00fcrd\u00fcklerinden s\u00f6z etti. \u00c7ocuklar\u0131n geli\u015fimlerini yak\u0131ndan izlediklerini de s\u00f6zlerine ekleyen Tan\u0131\u015f\u0131k, &#8220;Bu s\u0131rada ebeveynlere dan\u0131\u015fmanl\u0131k hizmeti verdik. \u00c7ocuklar\u0131n geli\u015fim alanlar\u0131na y\u00f6nelik yapt\u0131\u011f\u0131m\u0131z tespitler do\u011frultusunda g\u00f6r\u00fc\u015fmeler yapt\u0131k ve bunlar\u0131 yak\u0131ndan takip ettik. Ebeveynlerle birlikte \u00e7ocuklar\u0131m\u0131z\u0131 sanatla bulu\u015fturduk, tiyatroya g\u00f6t\u00fcrd\u00fck, m\u00fczeye gittik, resim sergisi a\u00e7\u0131l\u0131\u015flar\u0131na gittik, sanat galerileriyle bulu\u015ftuk. Miniklerimize bu zamana kadar verdi\u011fimiz altyap\u0131 ile birlikte geleceklerinin daha ayd\u0131nl\u0131k olmas\u0131n\u0131 umut ediyoruz. Ayn\u0131 yolda devam etmelerini istiyoruz. B\u00fct\u00fcn miniklerin yaz tatilinin g\u00fczel ge\u00e7mesini diliyorum&#8221; diye konu\u015ftu.<\/p>\n<p>Aileler, \u00e7ocuklar\u0131n\u0131n mutlulu\u011funa ortak oldu<\/p>\n<p>\u00c7ocu\u011fu Halkkent \u00c7ocuk Geli\u015fim Merkezi&#8217;nde e\u011fitim g\u00f6ren Murat Bozkurt, k\u0131zlar\u0131n\u0131n karne heyecan\u0131na ortak olduklar\u0131 i\u00e7in \u00e7ok mutlu olduklar\u0131n\u0131 vurgulayarak, &#8220;Keyifli, g\u00fczel bir yaz tatili diliyorum kendisine&#8221; dedi.<\/p>\n<p>Karne t\u00f6reninin \u00e7ok g\u00fczel oldu\u011funu belirten velilerden \u00d6zlem G\u00fcnd\u00fcz de, &#8220;Kre\u015ften \u00e7ok memnunuz. B\u00f6yle bir imkan\u0131 bize sunduklar\u0131 i\u00e7in Belediye Ba\u015fkan\u0131m\u0131z Vahap Se\u00e7er ve e\u015fi Meral Se\u00e7er&#8217;e \u00e7ok te\u015fekk\u00fcr ediyoruz&#8221; ifadelerini kulland\u0131.<\/p>\n<p>K\u0131z\u0131 M\u00fcnir \u00d6zkul \u00c7ocuk Geli\u015fim Merkezi&#8217;nde e\u011fitim g\u00f6ren velilerden Mithat Can \u00c7er\u00e7i ise, verilen e\u011fitimden \u00e7ok memnun olduklar\u0131n\u0131 s\u00f6yleyerek &#8220;\u00c7ok g\u00fczel bir e\u011fitim kurumu. Hatta \u00e7al\u0131\u015fanlar i\u00e7in daha da esnek saatleri uydu\u011fu i\u00e7in biz buray\u0131 tercih ettik. Tercihimizde yan\u0131lmad\u0131\u011f\u0131m\u0131z\u0131n fark\u0131na vard\u0131k. \u00c7\u00fcnk\u00fc hem bilimsel olarak hem matematiksel hem mant\u0131ksal olarak iyi e\u011fitimlerin oldu\u011funu g\u00f6rd\u00fck. Bunun i\u00e7in de buray\u0131 tercih ettik. \u0130\u015fyerimize yak\u0131nl\u0131\u011f\u0131 ve \u00e7al\u0131\u015fan anne babalar i\u00e7in \u00e7ok uygun olmas\u0131ndan dolay\u0131 tercih sebebimiz de oldu&#8221; diye konu\u015ftu.<\/p>\n<p>Anne Selime \u015eenzoba da, &#8220;Bir anne olarak \u00e7ok mutluyum. \u00d6\u011fretmenler ve kre\u015fimiz konusunda da \u00e7ok \u015fansl\u0131y\u0131z. \u00c7ok g\u00fczel bir e\u011fitim-\u00f6\u011fretim y\u0131l\u0131n\u0131 geride b\u0131rakt\u0131k. Bir ya\u015f daha ald\u0131\u011f\u0131 i\u00e7in \u00e7ok mutluyuz. Te\u015fekk\u00fcr ediyorum \u00c7ocuk Geli\u015fim Merkezi \u00f6\u011fretmenlerine. 2 y\u0131ld\u0131r buraday\u0131z. \u00c7ok memnunum, \u00e7ok te\u015fekk\u00fcr ediyorum. \u00c7ocu\u011fuma katt\u0131klar\u0131 her \u015fey i\u00e7in \u00e7ok mutluyum&#8221; ifadelerine yer verdi.<\/p>\n<p>Minikler karne sevinci ya\u015fad\u0131<\/p>\n<p>Halkkent \u00c7ocuk Geli\u015fim Merkezi&#8217;nde e\u011fitim g\u00f6ren ve karne heyecan\u0131 ya\u015fayan Elisa Okay, y\u0131l boyunca kre\u015fte boyamalar ve etkinlikler ger\u00e7ekle\u015ftirdi\u011fini s\u00f6yleyerek, karne ald\u0131\u011f\u0131 i\u00e7in de \u00e7ok mutlu oldu\u011funu belirtti. 5 ya\u015f\u0131ndaki Arya Y\u0131lmaz da, &#8220;Karnemizi ald\u0131k, \u00e7ok mutluyuz&#8221; diye sevincini dile getirdi.<\/p>\n","protected":false},"excerpt":{"rendered":"<p>Mersin B\u00fcy\u00fck\u015fehir Belediyesi Kad\u0131n ve Aile Hizmetleri Dairesi Ba\u015fkanl\u0131\u011f\u0131 Aile ve \u00c7ocuk Hizmetleri \u015eube M\u00fcd\u00fcrl\u00fc\u011f\u00fc b\u00fcnyesinde hizmet veren Adile Teyze, M\u00fcnir \u00d6zkul, Begonvil, Halkkent \u00c7ocuk Geli\u015fim Merkezleri&#8217;nde e\u011fitim g\u00f6ren 180 &hellip; <a href=\"https:\/\/akdenizolaygazetesi.com\/?p=26423\" class=\"more-link\">Devam\u0131n\u0131 Oku&#8230;<\/a><\/p>\n","protected":false},"author":2,"featured_media":26424,"comment_status":"open","ping_status":"open","sticky":false,"template":"","format":"standard","meta":[],"categories":[3],"tags":[],"_links":{"self":[{"href":"https:\/\/akdenizolaygazetesi.com\/index.php?rest_route=\/wp\/v2\/posts\/26423"}],"collection":[{"href":"https:\/\/akdenizolaygazetesi.com\/index.php?rest_route=\/wp\/v2\/posts"}],"about":[{"href":"https:\/\/akdenizolaygazetesi.com\/index.php?rest_route=\/wp\/v2\/types\/post"}],"author":[{"embeddable":true,"href":"https:\/\/akdenizolaygazetesi.com\/index.php?rest_route=\/wp\/v2\/users\/2"}],"replies":[{"embeddable":true,"href":"https:\/\/akdenizolaygazetesi.com\/index.php?rest_route=%2Fwp%2Fv2%2Fcomments&post=26423"}],"version-history":[{"count":1,"href":"https:\/\/akdenizolaygazetesi.com\/index.php?rest_route=\/wp\/v2\/posts\/26423\/revisions"}],"predecessor-version":[{"id":26425,"href":"https:\/\/akdenizolaygazetesi.com\/index.php?rest_route=\/wp\/v2\/posts\/26423\/revisions\/26425"}],"wp:featuredmedia":[{"embeddable":true,"href":"https:\/\/akdenizolaygazetesi.com\/index.php?rest_route=\/wp\/v2\/media\/26424"}],"wp:attachment":[{"href":"https:\/\/akdenizolaygazetesi.com\/index.php?rest_route=%2Fwp%2Fv2%2Fmedia&parent=26423"}],"wp:term":[{"taxonomy":"category","embeddable":true,"href":"https:\/\/akdenizolaygazetesi.com\/index.php?rest_route=%2Fwp%2Fv2%2Fcategories&post=26423"},{"taxonomy":"post_tag","embeddable":true,"href":"https:\/\/akdenizolaygazetesi.com\/index.php?rest_route=%2Fwp%2Fv2%2Ftags&post=26423"}],"curies":[{"name":"wp","href":"https:\/\/api.w.org\/{rel}","templated":true}]}}