{"id":26426,"date":"2023-06-17T20:14:58","date_gmt":"2023-06-17T17:14:58","guid":{"rendered":"http:\/\/akdenizolaygazetesi.com\/?p=26426"},"modified":"2023-06-17T20:14:58","modified_gmt":"2023-06-17T17:14:58","slug":"buyuksehirin-kent-orkestrasi-yaz-aksamini-ezgilerle-doldurdu","status":"publish","type":"post","link":"https:\/\/akdenizolaygazetesi.com\/?p=26426","title":{"rendered":"B\u00dcY\u00dcK\u015eEH\u0130R&#8217;\u0130N KENT ORKESTRASI, YAZ AK\u015eAMINI EZG\u0130LERLE DOLDURDU"},"content":{"rendered":"<p>Mersin B\u00fcy\u00fck\u015fehir Belediyesi, Mersin&#8217;de s\u00fcrd\u00fcrd\u00fc\u011f\u00fc k\u00fclt\u00fcr ve sanat faaliyetleriyle vatanda\u015flara sosyalle\u015febilecekleri alternatif imkanlar sunuyor. B\u00fcy\u00fck\u015fehir Belediyesi K\u00fclt\u00fcr ve Sosyal \u0130\u015fler Dairesi Ba\u015fkanl\u0131\u011f\u0131 b\u00fcnyesinde faaliyetlerini s\u00fcrd\u00fcren Kent Orkestras\u0131, &#8216;Klasik M\u00fczik Dinletileri&#8217; ile Mersinlilere keyifli bir yaz ak\u015fam\u0131 ya\u015fatt\u0131. Sanat\u0131 kentin her noktas\u0131na yaymaya \u00e7al\u0131\u015fan B\u00fcy\u00fck\u015fehir&#8217;in bu t\u00fcr konser etkinliklerinden \u00e7ok memnun kald\u0131klar\u0131n\u0131 s\u00f6yleyen vatanda\u015flar Mersin Marina&#8217;da d\u00fczenlenen konsere b\u00fcy\u00fck ilgi g\u00f6sterdi.<\/p>\n<p>B\u00fcy\u00fck\u015fehir Belediyesi Kent Orkestras\u0131&#8217;n\u0131n 2 keman ve 1 \u00e7ello sanat\u00e7\u0131s\u0131n\u0131n yer ald\u0131\u011f\u0131 trio ekibi, tango ve vals a\u011f\u0131rl\u0131kl\u0131 besame mucho, sway, pervane, tuna dalgalar\u0131 gibi sevilen eserleri ve film m\u00fcziklerini sanatseverlerle bulu\u015fturdu. Kent Orkestras\u0131 &#8216;Klasik M\u00fczik Dinletileri&#8217; ile 22 Haziran ve 29 Haziran tarihlerinde de Marina&#8217;da sanatseverlerle bulu\u015facak.<\/p>\n<p>&#8220;\u00c7ok g\u00fczel bir ortamd\u0131&#8221;<\/p>\n<p>\u00c7ok g\u00fczel bir konser dinlediklerini ifade eden Bahar Co\u015fer, &#8220;\u00c7ok g\u00fczel bir ortamd\u0131. \u0130yi d\u00fc\u015f\u00fcn\u00fclm\u00fc\u015f. Ger\u00e7ekten T\u00fcrkiye&#8217;nin bu gibi etkinliklere ihtiyac\u0131 oldu\u011funu d\u00fc\u015f\u00fcn\u00fcyorum. \u0130n\u015fallah devam\u0131 gelir. Bence \u00e7ok ba\u015far\u0131l\u0131. B\u00fcy\u00fck\u015fehir Belediyesi&#8217;nin zaten bu gibi etkinliklere \u00f6nem verdi\u011fini g\u00f6r\u00fcyoruz, memnunuz&#8221; dedi.<\/p>\n<p>G\u00fcne\u015f Bozo\u011flan, bu t\u00fcr k\u00fclt\u00fcrel etkinliklere herkesin ihtiyac\u0131 oldu\u011funu belirterek, &#8220;B\u00f6yle etkinliklerin \u00e7o\u011falmas\u0131n\u0131 \u00e7ok istiyoruz. \u00c7\u00fcnk\u00fc \u00f6zellikle bu zamanlarda biraz daha ihtiyac\u0131m\u0131z var ekonomik ve sosyal ko\u015fullardan dolay\u0131. Belediye&#8217;nin yapt\u0131\u011f\u0131 bu etkinliklerin \u00e7o\u011falmas\u0131n\u0131 diliyoruz, te\u015fekk\u00fcr ederiz&#8221; diye konu\u015ftu<\/p>\n<p>Cemal Can Bakar ise &#8220;Kayseri&#8217;den geliyoruz. \u00c7ok g\u00fczel, \u00e7ok keyifli bulduk. \u00c7ocuklar\u0131n bile ho\u015funa gitti. Di\u011fer insanlar\u0131n oldu\u011fu gibi biz de gayet memnun kald\u0131k. B\u00f6yle etkinlikler olmas\u0131n\u0131 tabi ki isteriz&#8221; ifadelerine yer verdi.<\/p>\n","protected":false},"excerpt":{"rendered":"<p>Mersin B\u00fcy\u00fck\u015fehir Belediyesi, Mersin&#8217;de s\u00fcrd\u00fcrd\u00fc\u011f\u00fc k\u00fclt\u00fcr ve sanat faaliyetleriyle vatanda\u015flara sosyalle\u015febilecekleri alternatif imkanlar sunuyor. B\u00fcy\u00fck\u015fehir Belediyesi K\u00fclt\u00fcr ve Sosyal \u0130\u015fler Dairesi Ba\u015fkanl\u0131\u011f\u0131 b\u00fcnyesinde faaliyetlerini s\u00fcrd\u00fcren Kent Orkestras\u0131, &#8216;Klasik M\u00fczik Dinletileri&#8217; &hellip; <a href=\"https:\/\/akdenizolaygazetesi.com\/?p=26426\" class=\"more-link\">Devam\u0131n\u0131 Oku&#8230;<\/a><\/p>\n","protected":false},"author":2,"featured_media":26427,"comment_status":"open","ping_status":"open","sticky":false,"template":"","format":"standard","meta":[],"categories":[3],"tags":[],"_links":{"self":[{"href":"https:\/\/akdenizolaygazetesi.com\/index.php?rest_route=\/wp\/v2\/posts\/26426"}],"collection":[{"href":"https:\/\/akdenizolaygazetesi.com\/index.php?rest_route=\/wp\/v2\/posts"}],"about":[{"href":"https:\/\/akdenizolaygazetesi.com\/index.php?rest_route=\/wp\/v2\/types\/post"}],"author":[{"embeddable":true,"href":"https:\/\/akdenizolaygazetesi.com\/index.php?rest_route=\/wp\/v2\/users\/2"}],"replies":[{"embeddable":true,"href":"https:\/\/akdenizolaygazetesi.com\/index.php?rest_route=%2Fwp%2Fv2%2Fcomments&post=26426"}],"version-history":[{"count":1,"href":"https:\/\/akdenizolaygazetesi.com\/index.php?rest_route=\/wp\/v2\/posts\/26426\/revisions"}],"predecessor-version":[{"id":26428,"href":"https:\/\/akdenizolaygazetesi.com\/index.php?rest_route=\/wp\/v2\/posts\/26426\/revisions\/26428"}],"wp:featuredmedia":[{"embeddable":true,"href":"https:\/\/akdenizolaygazetesi.com\/index.php?rest_route=\/wp\/v2\/media\/26427"}],"wp:attachment":[{"href":"https:\/\/akdenizolaygazetesi.com\/index.php?rest_route=%2Fwp%2Fv2%2Fmedia&parent=26426"}],"wp:term":[{"taxonomy":"category","embeddable":true,"href":"https:\/\/akdenizolaygazetesi.com\/index.php?rest_route=%2Fwp%2Fv2%2Fcategories&post=26426"},{"taxonomy":"post_tag","embeddable":true,"href":"https:\/\/akdenizolaygazetesi.com\/index.php?rest_route=%2Fwp%2Fv2%2Ftags&post=26426"}],"curies":[{"name":"wp","href":"https:\/\/api.w.org\/{rel}","templated":true}]}}