{"id":26429,"date":"2023-06-17T20:18:20","date_gmt":"2023-06-17T17:18:20","guid":{"rendered":"http:\/\/akdenizolaygazetesi.com\/?p=26429"},"modified":"2023-06-17T20:18:20","modified_gmt":"2023-06-17T17:18:20","slug":"akdeniz-belediyesinden-babalara-ozel-etkinlik","status":"publish","type":"post","link":"https:\/\/akdenizolaygazetesi.com\/?p=26429","title":{"rendered":"AKDEN\u0130Z BELED\u0130YES\u0130NDEN \u201cBABALARA \u00d6ZEL\u201d ETK\u0130NL\u0130K"},"content":{"rendered":"<p>Akdeniz Belediyesi, \u2018Babalar G\u00fcn\u00fc\u2019 dolay\u0131s\u0131yla \u00d6zg\u00fcrl\u00fck Mahallesi K\u00fclt\u00fcr ve Sanat Evi\u2019nde, \u00e7ocuklar\u0131 ve babalar\u0131n\u0131 bulu\u015fturan renkli ve \u00f6zel bir etkinli\u011fe imza att\u0131. Karne g\u00fcn\u00fcne de denk gelen e\u011flence dolu etkinlikte, minikler hem karneleriyle hem de hediyeleriyle babalar\u0131n\u0131 sevindirdi.<br \/>\nAkdeniz Belediyesi K\u00fclt\u00fcr ve Sosyal \u0130\u015fler M\u00fcd\u00fcrl\u00fc\u011f\u00fc, \u201cBabalar G\u00fcn\u00fc\u201d dolay\u0131s\u0131yla renkli ve e\u011flenceli bir etkinli\u011fe imza att\u0131. Okullar\u0131n yaz tatiline girdi\u011fi, \u00e7ocuklar\u0131n da karnelerini ald\u0131\u011f\u0131 g\u00fcne denk gelen \u00f6zel etkinlikte, k\u00fclt\u00fcr ve sanat merkezinde e\u011fitim alan k\u00fc\u00e7\u00fckler, babalar\u0131na \u00e7e\u015fitli hediyeler verdi, \u2018En G\u00fc\u00e7l\u00fc Benim Babam\u201d yaz\u0131l\u0131 fon \u00f6n\u00fcnde hat\u0131ra foto\u011fraflar\u0131 \u00e7ektirdi.  Minikler babalar\u0131yla birlikte el boyama etkinli\u011fi de d\u00fczenledi. Di\u011fer yandan ilkokula giden \u00e7ocuklar da ba\u015far\u0131l\u0131 notlarla dolu karneleri ile babalar\u0131n\u0131 sevindirdi. K\u00fclt\u00fcr ve Sanat Evi e\u011fitmenlerinin yer ald\u0131\u011f\u0131 bulu\u015fmada m\u00fczik \u00f6\u011fretmenleri de gitar e\u015fli\u011finde \u015fark\u0131lar s\u00f6yleyip etkinli\u011fe renk katt\u0131.<br \/>\nBa\u015fkan G\u00fcltak; \u201cBabalar \u00e7\u0131nar gibidir, meyvesi yoktur ama g\u00f6lgesi yeter\u201d<br \/>\nAkdeniz Belediye Ba\u015fkan\u0131 M. Mustafa G\u00fcltak da \u2018Babalar G\u00fcn\u00fc\u2019 dolay\u0131s\u0131yla yay\u0131mlad\u0131\u011f\u0131 kutlama mesaj\u0131nda, fedak\u00e2rl\u0131k ve \u00f6zverinin simgesi babalar\u0131n k\u0131ymetinin her zaman bilinmesi, babalar\u0131n sadece bir g\u00fcn de\u011fil, her g\u00fcn hat\u0131rlanmas\u0131 gerekti\u011finin alt\u0131n\u0131 \u00e7izdi. Babalar\u0131n; \u00e7ocuklar\u0131na yol g\u00f6steren, hayat\u0131n anlam\u0131n\u0131 ve zorluklarla ba\u015fa \u00e7\u0131kmay\u0131 \u00f6\u011freten, ailenin koruyucusu ve kollay\u0131c\u0131s\u0131 olan en de\u011ferli varl\u0131klar oldu\u011funun alt\u0131n\u0131 \u00e7izen Ba\u015fkan G\u00fcltak, mesaj\u0131nda \u015fu ifadeleri kaydetti;<br \/>\n\u201cHi\u00e7bir kar\u015f\u0131l\u0131k beklemeden, maddi ve manevi b\u00fct\u00fcn imk\u00e2nlar\u0131n\u0131 ailesi, \u00e7ocuklar\u0131 i\u00e7in seferber eden, b\u00fct\u00fcn hayat\u0131 boyunca ailesini g\u00f6zeten fedak\u00e2r babalar\u0131m\u0131z\u0131n k\u0131ymetini daima bilmeliyiz. Babalar\u0131m\u0131z\u0131, sadece y\u0131lda 1 g\u00fcn de\u011fil her g\u00fcn hat\u0131rlamal\u0131y\u0131z. Toplumumuzun temeli ailelerimizin huzuru ve mutlulu\u011fu i\u00e7in t\u00fcm \u00f6mr\u00fcn\u00fc \u00e7ocuklar\u0131na harcayan k\u0131ymetli babalar\u0131m\u0131za hak ettikleri de\u011feri vermeli, sevgide ve h\u00fcrmette kusur etmemeliyiz. Baba, bir \u00e7\u0131nar gibidir; meyvesi yoktur ama g\u00f6lgesi yeterlidir. Bu vesileyle, ba\u015fta ter\u00f6rle m\u00fccadelede evlatlar\u0131n\u0131 \u015fehit veren babalar\u0131m\u0131z olmak \u00fczere, t\u00fcm Mersinli hem\u015ferilerimin \u2018Babalar G\u00fcn\u00fcn\u00fc\u2019 tebrik ediyor; ebediyete intikal eden ecdad\u0131m\u0131z\u0131 ve babalar\u0131m\u0131z\u0131 rahmet, minnet ve \u00f6zlemle an\u0131yorum.\u201d<\/p>\n","protected":false},"excerpt":{"rendered":"<p>Akdeniz Belediyesi, \u2018Babalar G\u00fcn\u00fc\u2019 dolay\u0131s\u0131yla \u00d6zg\u00fcrl\u00fck Mahallesi K\u00fclt\u00fcr ve Sanat Evi\u2019nde, \u00e7ocuklar\u0131 ve babalar\u0131n\u0131 bulu\u015fturan renkli ve \u00f6zel bir etkinli\u011fe imza att\u0131. Karne g\u00fcn\u00fcne de denk gelen e\u011flence dolu etkinlikte, &hellip; <a href=\"https:\/\/akdenizolaygazetesi.com\/?p=26429\" class=\"more-link\">Devam\u0131n\u0131 Oku&#8230;<\/a><\/p>\n","protected":false},"author":2,"featured_media":26430,"comment_status":"open","ping_status":"open","sticky":false,"template":"","format":"standard","meta":[],"categories":[2,3],"tags":[],"_links":{"self":[{"href":"https:\/\/akdenizolaygazetesi.com\/index.php?rest_route=\/wp\/v2\/posts\/26429"}],"collection":[{"href":"https:\/\/akdenizolaygazetesi.com\/index.php?rest_route=\/wp\/v2\/posts"}],"about":[{"href":"https:\/\/akdenizolaygazetesi.com\/index.php?rest_route=\/wp\/v2\/types\/post"}],"author":[{"embeddable":true,"href":"https:\/\/akdenizolaygazetesi.com\/index.php?rest_route=\/wp\/v2\/users\/2"}],"replies":[{"embeddable":true,"href":"https:\/\/akdenizolaygazetesi.com\/index.php?rest_route=%2Fwp%2Fv2%2Fcomments&post=26429"}],"version-history":[{"count":1,"href":"https:\/\/akdenizolaygazetesi.com\/index.php?rest_route=\/wp\/v2\/posts\/26429\/revisions"}],"predecessor-version":[{"id":26431,"href":"https:\/\/akdenizolaygazetesi.com\/index.php?rest_route=\/wp\/v2\/posts\/26429\/revisions\/26431"}],"wp:featuredmedia":[{"embeddable":true,"href":"https:\/\/akdenizolaygazetesi.com\/index.php?rest_route=\/wp\/v2\/media\/26430"}],"wp:attachment":[{"href":"https:\/\/akdenizolaygazetesi.com\/index.php?rest_route=%2Fwp%2Fv2%2Fmedia&parent=26429"}],"wp:term":[{"taxonomy":"category","embeddable":true,"href":"https:\/\/akdenizolaygazetesi.com\/index.php?rest_route=%2Fwp%2Fv2%2Fcategories&post=26429"},{"taxonomy":"post_tag","embeddable":true,"href":"https:\/\/akdenizolaygazetesi.com\/index.php?rest_route=%2Fwp%2Fv2%2Ftags&post=26429"}],"curies":[{"name":"wp","href":"https:\/\/api.w.org\/{rel}","templated":true}]}}