{"id":2644,"date":"2020-11-04T18:23:07","date_gmt":"2020-11-04T15:23:07","guid":{"rendered":"http:\/\/mersinekonomipolitikagazetesi.com\/?p=2644"},"modified":"2020-11-04T18:23:07","modified_gmt":"2020-11-04T15:23:07","slug":"mersin-yeniden-dogu-akdenizin-sanat-ve-kultur-merkezi-olacak","status":"publish","type":"post","link":"https:\/\/akdenizolaygazetesi.com\/?p=2644","title":{"rendered":"\u201cMersin yeniden Do\u011fu Akdeniz\u2019in sanat ve k\u00fclt\u00fcr merkezi olacak\u201d"},"content":{"rendered":"<p>2. Silifke Edebiyat Festivali a\u00e7\u0131l\u0131\u015f\u0131na kat\u0131lan CHP Mersin B\u00fcy\u00fck\u015fehir Belediye Ba\u015fkan Aday\u0131 Serdar Erkan, edebiyat ve sanat\u0131n Mersin\u2019in \u00e7ok bilinmeyen \u00f6nemli bir kimli\u011fi oldu\u011funu, Mersin\u2019i yeniden Do\u011fu Akdeniz\u2019in \u00f6nemli bir sanat ve k\u00fclt\u00fcr merkezi yapaca\u011f\u0131n\u0131 s\u00f6yledi.<\/p>\n<p>\u201c\u00c7anakkale sava\u015flar\u0131n\u0131n bilinmeyen cephesi: Hava Muharebeleri \u201c konulu \u00f6zel se\u00e7kiden olu\u015fan foto\u011fraf sergisinin 2. Silifke Edebiyat Festivali kapsam\u0131nda Silifkelilerle bulu\u015fmas\u0131na destek veren ve a\u00e7\u0131l\u0131\u015f\u0131na kat\u0131lan Serdar Erkan ODT\u00dc Havac\u0131l\u0131k B\u00f6l\u00fcm\u00fc \u00f6\u011fretim \u00fcyesi arkada\u015f\u0131 Makina M\u00fchendisi B\u00fclent Y\u0131lmazer\u2019in konferans\u0131n\u0131 Silifkelilerle, Silifke Belediye Ba\u015fkan\u0131 Mustafa Turgut ve meclis \u00fcyeleri ile birlikte izledi.<br \/>\n\u0130kinci D\u00fcnya Sava\u015f\u0131 y\u0131llar\u0131nda Avrupa\u2019da fa\u015fizmin kol gezdi\u011fi g\u00fcnlerde \u00a0Do\u011fu Akdeniz\u2019in \u00f6nemli bir liman\u0131 olan Mersin\u2019de Vali Tevfik S\u0131rr\u0131 G\u00fcr\u2019\u00fcn \u00f6nc\u00fcl\u00fc\u011f\u00fcnde \u00e7a\u011fda\u015f Cumhuriyet kentinin temellerinin at\u0131ld\u0131\u011f\u0131n\u0131 belirten Serdar Erkan: \u201cMersinliler \u00e7a\u011fda\u015f bir kentte olmas\u0131 gereken bir k\u00fclt\u00fcr merkezine, bir liseye, bir stadyuma ve ak\u015famlar\u0131 da sanatseverlerin ve k\u00fclt\u00fcr insanlar\u0131n\u0131n bir araya gelebildi\u011fi \u00a0nezih bir mekan olan Akkahve\u2019ye kavu\u015fmu\u015ftu. Bu kurumlar sayesinde Mersin uzun y\u0131llar yeti\u015ftirdi\u011fi de\u011ferlerle, \u00a0k\u00fclt\u00fcr-sanat, spor ve bilim alan\u0131nda isminden s\u00f6z ettirdi. \u00a01980\u2019den sonra Mersin ald\u0131\u011f\u0131 g\u00f6\u00e7lerin etkisi, k\u00f6rfez krizi nedeniyle ekonomik, sosyal ve k\u00fclt\u00fcrel \u00e7\u00f6k\u00fcnt\u00fcye u\u011frad\u0131. Bu nedenle yerelde siyasi ve ekonomik birlikteli\u011fi yakalayamayan Mersin uzun y\u0131llar k\u00fclt\u00fcrel ve sporda, i\u00e7ine d\u00fc\u015ft\u00fc\u011f\u00fc krizi a\u015famad\u0131.\u201d diye konu\u015ftu.<\/p>\n<p>\u201cY\u00d6NET\u0130M\u0130N V\u0130ZYON EKS\u0130KL\u0130\u011e\u0130 MERS\u0130N\u2019E \u0130RT\u0130FA KAYBETT\u0130R\u0130YOR\u201d<\/p>\n<p>Bu geli\u015fmeler sonucunda Cumhuriyetin kurulu\u015fu ile ya\u015f\u0131t olan Mersin \u0130dman Yurdu\u2019nun (M\u0130Y) bile amat\u00f6r k\u00fcmeye \u00a0d\u00fc\u015ft\u00fc\u011f\u00fcn\u00fc belirten \u00a0CHP Mersin B\u00fcy\u00fck\u015fehir Belediye Ba\u015fkan Aday\u0131 Serdar Erkan: \u201cMevcut y\u00f6netimin vizyon eksikli\u011fi nedeniyle Mersinimiz benzer \u015fekilde pek \u00e7ok konuda oldu\u011fu gibi spor, sanat ve k\u00fclt\u00fcrde de s\u00fcrekli irtifa kaybediyor. Bu nedenle 21-23 Eyl\u00fcl 2018 tarihlerinde Silifke Belediyesi\u2019nin 2. sini ger\u00e7ekle\u015ftirdi\u011fi bu festival \u2018\u00e7ok \u00f6nemli ve \u00e7ok anlaml\u0131\u2019. Bu nedenle Mersin B\u00fcy\u00fck\u015fehir Belediye Ba\u015fkan\u0131 oldu\u011fum takdirde Mersin\u2019i yeniden Do\u011fu Akdeniz\u2019de \u00f6nemli bir sanat ve k\u00fclt\u00fcr merkezi yapaca\u011f\u0131m.\u201d \u015feklinde konu\u015ftu.<br \/>\nSergi a\u00e7\u0131l\u0131\u015f\u0131 \u00f6ncesi ODT\u00dc Havac\u0131l\u0131k B\u00f6l\u00fcm\u00fc \u00f6\u011fretim \u00fcyesi Makina M\u00fchendisi B\u00fclent Y\u0131lmazer\u2019in konferans\u0131n\u0131 Silifkelilerle, Silifke Belediye Ba\u015fkan\u0131 Mustafa Turgut ve meclis \u00fcyeleri ile birlikte izleyen Serdar Erkan halkla sohbet ederek onlar\u0131n g\u00f6r\u00fc\u015f ve \u00f6nerilerini dinledi.<br \/>\nErkan, \u00f6zel ar\u015fivindeki resimleri Silifkelilerle bulu\u015fmas\u0131n\u0131 sa\u011flayan arkada\u015f\u0131 B\u00fclent Y\u0131lmazer\u2019e , Silifke Belediye Ba\u015fkan\u0131 Dr. Mustafa Turgut\u2019a ve y\u00f6neticiler ile eme\u011fi ge\u00e7enlere ve Silifke Edebiyat Festivali\u2019ne kat\u0131lan t\u00fcm Silifkelilere te\u015fekk\u00fcr etti.<\/p>\n","protected":false},"excerpt":{"rendered":"<p>2. Silifke Edebiyat Festivali a\u00e7\u0131l\u0131\u015f\u0131na kat\u0131lan CHP Mersin B\u00fcy\u00fck\u015fehir Belediye Ba\u015fkan Aday\u0131 Serdar Erkan, edebiyat ve sanat\u0131n Mersin\u2019in \u00e7ok bilinmeyen \u00f6nemli bir kimli\u011fi oldu\u011funu, Mersin\u2019i yeniden Do\u011fu Akdeniz\u2019in \u00f6nemli bir &hellip; <a href=\"https:\/\/akdenizolaygazetesi.com\/?p=2644\" class=\"more-link\">Devam\u0131n\u0131 Oku&#8230;<\/a><\/p>\n","protected":false},"author":1,"featured_media":0,"comment_status":"open","ping_status":"open","sticky":false,"template":"","format":"standard","meta":[],"categories":[],"tags":[],"_links":{"self":[{"href":"https:\/\/akdenizolaygazetesi.com\/index.php?rest_route=\/wp\/v2\/posts\/2644"}],"collection":[{"href":"https:\/\/akdenizolaygazetesi.com\/index.php?rest_route=\/wp\/v2\/posts"}],"about":[{"href":"https:\/\/akdenizolaygazetesi.com\/index.php?rest_route=\/wp\/v2\/types\/post"}],"author":[{"embeddable":true,"href":"https:\/\/akdenizolaygazetesi.com\/index.php?rest_route=\/wp\/v2\/users\/1"}],"replies":[{"embeddable":true,"href":"https:\/\/akdenizolaygazetesi.com\/index.php?rest_route=%2Fwp%2Fv2%2Fcomments&post=2644"}],"version-history":[{"count":0,"href":"https:\/\/akdenizolaygazetesi.com\/index.php?rest_route=\/wp\/v2\/posts\/2644\/revisions"}],"wp:attachment":[{"href":"https:\/\/akdenizolaygazetesi.com\/index.php?rest_route=%2Fwp%2Fv2%2Fmedia&parent=2644"}],"wp:term":[{"taxonomy":"category","embeddable":true,"href":"https:\/\/akdenizolaygazetesi.com\/index.php?rest_route=%2Fwp%2Fv2%2Fcategories&post=2644"},{"taxonomy":"post_tag","embeddable":true,"href":"https:\/\/akdenizolaygazetesi.com\/index.php?rest_route=%2Fwp%2Fv2%2Ftags&post=2644"}],"curies":[{"name":"wp","href":"https:\/\/api.w.org\/{rel}","templated":true}]}}