{"id":2645,"date":"2020-11-04T18:23:09","date_gmt":"2020-11-04T15:23:09","guid":{"rendered":"http:\/\/mersinekonomipolitikagazetesi.com\/?p=2645"},"modified":"2020-11-04T18:23:09","modified_gmt":"2020-11-04T15:23:09","slug":"cinsel-istismar-sucunda-akdeniz-2-sirada","status":"publish","type":"post","link":"https:\/\/akdenizolaygazetesi.com\/?p=2645","title":{"rendered":"&#8220;C\u0130NSEL \u0130ST\u0130SMAR SU\u00c7UNDA AKDEN\u0130Z 2. SIRADA&#8221;"},"content":{"rendered":"<p>Mersin Barosu Ba\u015fkan\u0131 Bilgin Ye\u015filbo\u011faz, T\u00fcrkiye&#8217;de \u00e7ocuk istismar\u0131yla ilgili dava say\u0131s\u0131n\u0131n son 10 y\u0131lda yakla\u015f\u0131k 3 kat artt\u0131\u011f\u0131na dikkat \u00e7ekerek, verilerin, y\u0131lda ortalama 8 bin \u00e7ocu\u011fun istismara u\u011frad\u0131\u011f\u0131n\u0131 g\u00f6sterdi\u011fini s\u00f6yledi.<\/p>\n<p>Ye\u015filbo\u011faz ve TBB \u00c7ocuk Haklar\u0131 Kurulu \u00fcyesi avukat Burcu D\u00fczen, \u00e7ocuk istismar\u0131 ve \u00e7ocuk haklar\u0131na dikkat \u00e7ekmek amac\u0131 ile d\u00fczenlenen &#8216;\u00d6nce \u00c7ocuk&#8217; isimli panelde, T\u00fcrkiye\u2019de cinsel istismar\u0131n boyutu ve \u00e7ocuk haklar\u0131 konusunda bilgiler verdi.\u00a0<br \/>\nD\u00fcnyada her 5 \u00e7ocuktan 2\u2019sinin fiziksel, duygusal ya da cinsel istismara u\u011frad\u0131\u011f\u0131n\u0131 veya ihmal edildi\u011finin alt\u0131n\u0131 \u00e7izen Ye\u015filbo\u011faz, \u201cNe yaz\u0131k ki, uzmanlar cinsel istismar vakalar\u0131n\u0131n ancak y\u00fczde 15\u2019inin adli mercilere intikal etti\u011fini s\u00f6yl\u00fcyor. Gerisinin \u00fczeri bir \u015fekilde kapat\u0131l\u0131yor ve \u00e7ocuklar ya\u015fad\u0131klar\u0131 travmalarla kal\u0131yor. D\u00fcnyada son 4 y\u0131lda \u00e7ocuklara y\u00f6nelik taciz veya \u015fiddet uygulamalar\u0131 y\u00fczde 90 artt\u0131. Tecav\u00fczc\u00fclerin tahminen y\u00fczde 5&#8217;i ortaya \u00e7\u0131karken y\u00fczde 95&#8217;i gizli kal\u0131yor. Ensest ili\u015fkilerin ise binde biri ortaya \u00e7\u0131k\u0131yor. 16 y\u0131lda 440 bin \u00e7ocuk do\u011fum yapt\u0131\u201d dedi.<br \/>\n\u00a0<br \/>\nT\u00fcrkiye&#8217;de \u00e7ocuk istismar\u0131yla ilgili dava say\u0131s\u0131n\u0131n son 10 y\u0131lda yakla\u015f\u0131k 3 kat artt\u0131\u011f\u0131n\u0131 s\u00f6yleyen Ye\u015filbo\u011faz, \u201cAdalet verileri, y\u0131lda ortalama 8 bin \u00e7ocu\u011fun cinsel istismara u\u011frad\u0131\u011f\u0131n\u0131 ortaya koyuyor. Adalet Bakanl\u0131\u011f\u0131\u2019n\u0131n yay\u0131nlad\u0131\u011f\u0131 verilere bak\u0131ld\u0131\u011f\u0131nda, T\u00fcrkiye genelinde cinsel istismar su\u00e7u b\u00f6lge ve yo\u011funluk g\u00f6sterdi\u011fi iller baz\u0131nda incelendi\u011finde, ceza davalar\u0131nda a\u00e7\u0131lan toplam su\u00e7 say\u0131s\u0131n\u0131n 16 bin 348 oldu\u011fu g\u00f6r\u00fclmektedir. \u00c7ocuklara y\u00f6nelik cinsel istismar su\u00e7u b\u00f6lge baz\u0131nda incelendi\u011finde 4 bin 813 ile en fazla Marmara B\u00f6lgesi\u2019nde i\u015flenirken, 2 bin 720 ile Akdeniz B\u00f6lgesi takip etmektedir\u201d diye konu\u015ftu.\u00a0<br \/>\n\u00c7ocu\u011fa y\u00f6nelik \u015fiddetin ve istismar\u0131n tamamen \u00f6nlenemeyece\u011fini, ancak azalt\u0131labilece\u011fini ifade eden Ye\u015filbo\u011faz, \u201cSosyal devlet ilkesinin hakim k\u0131l\u0131nmas\u0131, kamu g\u00f6revlilerinin etkin m\u00fccadelesi ve g\u00f6rev bilincinin geli\u015ftirilmesi, toplumsal duyarl\u0131l\u0131\u011f\u0131n art\u0131r\u0131lmas\u0131 ve toplumsal birliktelikle m\u00fccadele sa\u011fland\u0131\u011f\u0131 takdirde, bu sorunla m\u00fccadelede ba\u015far\u0131l\u0131 olunabilir&#8221; ifadelerini kulland\u0131.\u00a0<\/p>\n<p>&#8220;\u00c7ocu\u011fa y\u00f6nelik i\u015flenen su\u00e7lara kar\u015f\u0131 susmamal\u0131y\u0131z&#8221;<br \/>\n\u00a0<br \/>\nTBB \u00c7ocuk Haklar\u0131 Kurulu \u00dcyesi Burcu D\u00fczen ise konu\u015fmas\u0131nda, \u00e7ocuk istismar\u0131nda hukuki s\u00fcre\u00e7 hakk\u0131nda bilgiler vererek, &#8220;Bu s\u00fcre\u00e7 \u00e7ocuk i\u00e7in de aileler i\u00e7in de ba\u015fa \u00e7\u0131k\u0131lmas\u0131 kolay bir durum de\u011fil, bunu biliyoruz. \u00c7ocuklara kendilerini korumay\u0131 \u00f6\u011fretin. \u0130stismara maruz kalmak \u00e7ocu\u011fun su\u00e7u de\u011fil, \u00e7ocu\u011fa inan\u0131n, onu dinleyin ve susmay\u0131n. Bizler sustuk\u00e7a bu su\u00e7lar\u0131n \u00fcst\u00fc \u00f6rt\u00fclecek, ba\u015fka \u00e7ocuklar da zarar g\u00f6recek. B\u00f6yle bir durumla kar\u015f\u0131la\u015ft\u0131\u011f\u0131n\u0131zda susmay\u0131n, ihbar edin, m\u00fccadele edin, m\u00fccadele etmekten vazge\u00e7meyin. \u00c7ocuklar bizim gelece\u011fimiz, onlara hep birlikte sahip \u00e7\u0131kal\u0131m\u201d \u015feklinde konu\u015ftu.\u00a0<\/p>\n","protected":false},"excerpt":{"rendered":"<p>Mersin Barosu Ba\u015fkan\u0131 Bilgin Ye\u015filbo\u011faz, T\u00fcrkiye&#8217;de \u00e7ocuk istismar\u0131yla ilgili dava say\u0131s\u0131n\u0131n son 10 y\u0131lda yakla\u015f\u0131k 3 kat artt\u0131\u011f\u0131na dikkat \u00e7ekerek, verilerin, y\u0131lda ortalama 8 bin \u00e7ocu\u011fun istismara u\u011frad\u0131\u011f\u0131n\u0131 g\u00f6sterdi\u011fini s\u00f6yledi. &hellip; <a href=\"https:\/\/akdenizolaygazetesi.com\/?p=2645\" class=\"more-link\">Devam\u0131n\u0131 Oku&#8230;<\/a><\/p>\n","protected":false},"author":1,"featured_media":0,"comment_status":"open","ping_status":"open","sticky":false,"template":"","format":"standard","meta":[],"categories":[],"tags":[],"_links":{"self":[{"href":"https:\/\/akdenizolaygazetesi.com\/index.php?rest_route=\/wp\/v2\/posts\/2645"}],"collection":[{"href":"https:\/\/akdenizolaygazetesi.com\/index.php?rest_route=\/wp\/v2\/posts"}],"about":[{"href":"https:\/\/akdenizolaygazetesi.com\/index.php?rest_route=\/wp\/v2\/types\/post"}],"author":[{"embeddable":true,"href":"https:\/\/akdenizolaygazetesi.com\/index.php?rest_route=\/wp\/v2\/users\/1"}],"replies":[{"embeddable":true,"href":"https:\/\/akdenizolaygazetesi.com\/index.php?rest_route=%2Fwp%2Fv2%2Fcomments&post=2645"}],"version-history":[{"count":0,"href":"https:\/\/akdenizolaygazetesi.com\/index.php?rest_route=\/wp\/v2\/posts\/2645\/revisions"}],"wp:attachment":[{"href":"https:\/\/akdenizolaygazetesi.com\/index.php?rest_route=%2Fwp%2Fv2%2Fmedia&parent=2645"}],"wp:term":[{"taxonomy":"category","embeddable":true,"href":"https:\/\/akdenizolaygazetesi.com\/index.php?rest_route=%2Fwp%2Fv2%2Fcategories&post=2645"},{"taxonomy":"post_tag","embeddable":true,"href":"https:\/\/akdenizolaygazetesi.com\/index.php?rest_route=%2Fwp%2Fv2%2Ftags&post=2645"}],"curies":[{"name":"wp","href":"https:\/\/api.w.org\/{rel}","templated":true}]}}