{"id":26471,"date":"2023-06-21T12:53:13","date_gmt":"2023-06-21T09:53:13","guid":{"rendered":"http:\/\/akdenizolaygazetesi.com\/?p=26471"},"modified":"2023-06-21T12:53:13","modified_gmt":"2023-06-21T09:53:13","slug":"toroslarda-ozel-bireylere-bayram-oncesi-kuaforluk-hizmeti","status":"publish","type":"post","link":"https:\/\/akdenizolaygazetesi.com\/?p=26471","title":{"rendered":"TOROSLAR&#8217;DA \u00d6ZEL B\u0130REYLERE BAYRAM \u00d6NCES\u0130 KUAF\u00d6RL\u00dcK H\u0130ZMET\u0130"},"content":{"rendered":"<p>Mersin&#8217;in merkez il\u00e7esi Toroslar Belediyesi, Kurban Bayram\u0131&#8217;na say\u0131l\u0131 g\u00fcnler kala \u00f6zel gereksinimli bireyleri mutlu eti.<\/p>\n<p>Toroslar Belediyesinin Engelsiz Ya\u015fam Akademisi&#8217;nde e\u011fitim g\u00f6ren \u00f6zel bireyler, TORTEK b\u00fcnyesindeki Kuaf\u00f6rl\u00fck ve Sa\u00e7 Bak\u0131m\u0131 Yap\u0131m\u0131 Kursu&#8217;nda a\u011f\u0131rland\u0131. TORTEK kursiyerleri, usta \u00f6\u011freticilerinin g\u00f6zetiminde \u00f6zel bireylerin sa\u00e7 ve ki\u015fisel bak\u0131mlar\u0131n\u0131 yapt\u0131.<\/p>\n<p>Evlerinden g\u00fcvenle al\u0131narak ki\u015fisel bak\u0131mlar\u0131 yap\u0131lan \u00f6zel bireylerin mutluluklar\u0131 ise g\u00f6zlerine yans\u0131d\u0131.<\/p>\n<p>BA\u015eKAN YILMAZ; &#8220;B\u0130R\u0130NC\u0130 \u00d6NCEL\u0130\u011e\u0130M\u0130Z ONLARIN MUTLU OLMASI&#8221;<\/p>\n<p>Toroslar Belediye Ba\u015fkan\u0131 Ats\u0131z Af\u015f\u0131n Y\u0131lmaz, il\u00e7e genelindeki \u00f6zel gereksinimli bireyleri evden \u00e7\u0131kar\u0131p toplumsal hayata kazand\u0131rmak i\u00e7in \u00e7aba sarf ettiklerini s\u00f6yledi.<\/p>\n<p>&#8220;Onlar\u0131n y\u00fcz\u00fcndeki tebess\u00fcm oldu\u011fumuz s\u00fcrece bizler mutlu oluruz&#8221; diyen Ba\u015fkan Y\u0131lmaz; &#8221; \u00d6zel bireylerimizin hayat\u0131n\u0131 kolayla\u015ft\u0131rmak ve hayallerini ger\u00e7ekle\u015ftirmelerine olanak sa\u011flamak hepimizin g\u00f6revi. Yetenek ve becerilerini ortaya \u00e7\u0131kard\u0131\u011f\u0131m\u0131z b\u00fcnyemizdeki Engelsiz Ya\u015fam Akademisi&#8217;ne ve \u00d6zel Sporcular Kursumuza gelen \u00f6zel \u00e7ocuklar\u0131m\u0131z\u0131n, gen\u00e7lerimizin ve ailelerinin y\u00fczlerinin g\u00fcld\u00fc\u011f\u00fcn\u00fc g\u00f6rmek ise en b\u00fcy\u00fck sevincimiz. Bayram \u00f6ncesi \u00f6zel bireylerimizi, TORTEK Kuaf\u00f6rl\u00fck Kursumuzda a\u011f\u0131rlad\u0131k. Hayat\u0131n her alan\u0131nda ba\u015far\u0131lar\u0131yla gurur duydu\u011fumuz \u00f6zel bireylerimizin her zaman yan\u0131nda olmaya devam edece\u011fiz&#8221; diye konu\u015ftu.<\/p>\n","protected":false},"excerpt":{"rendered":"<p>Mersin&#8217;in merkez il\u00e7esi Toroslar Belediyesi, Kurban Bayram\u0131&#8217;na say\u0131l\u0131 g\u00fcnler kala \u00f6zel gereksinimli bireyleri mutlu eti. Toroslar Belediyesinin Engelsiz Ya\u015fam Akademisi&#8217;nde e\u011fitim g\u00f6ren \u00f6zel bireyler, TORTEK b\u00fcnyesindeki Kuaf\u00f6rl\u00fck ve Sa\u00e7 Bak\u0131m\u0131 &hellip; <a href=\"https:\/\/akdenizolaygazetesi.com\/?p=26471\" class=\"more-link\">Devam\u0131n\u0131 Oku&#8230;<\/a><\/p>\n","protected":false},"author":2,"featured_media":26472,"comment_status":"open","ping_status":"open","sticky":false,"template":"","format":"standard","meta":[],"categories":[2,3],"tags":[],"_links":{"self":[{"href":"https:\/\/akdenizolaygazetesi.com\/index.php?rest_route=\/wp\/v2\/posts\/26471"}],"collection":[{"href":"https:\/\/akdenizolaygazetesi.com\/index.php?rest_route=\/wp\/v2\/posts"}],"about":[{"href":"https:\/\/akdenizolaygazetesi.com\/index.php?rest_route=\/wp\/v2\/types\/post"}],"author":[{"embeddable":true,"href":"https:\/\/akdenizolaygazetesi.com\/index.php?rest_route=\/wp\/v2\/users\/2"}],"replies":[{"embeddable":true,"href":"https:\/\/akdenizolaygazetesi.com\/index.php?rest_route=%2Fwp%2Fv2%2Fcomments&post=26471"}],"version-history":[{"count":1,"href":"https:\/\/akdenizolaygazetesi.com\/index.php?rest_route=\/wp\/v2\/posts\/26471\/revisions"}],"predecessor-version":[{"id":26473,"href":"https:\/\/akdenizolaygazetesi.com\/index.php?rest_route=\/wp\/v2\/posts\/26471\/revisions\/26473"}],"wp:featuredmedia":[{"embeddable":true,"href":"https:\/\/akdenizolaygazetesi.com\/index.php?rest_route=\/wp\/v2\/media\/26472"}],"wp:attachment":[{"href":"https:\/\/akdenizolaygazetesi.com\/index.php?rest_route=%2Fwp%2Fv2%2Fmedia&parent=26471"}],"wp:term":[{"taxonomy":"category","embeddable":true,"href":"https:\/\/akdenizolaygazetesi.com\/index.php?rest_route=%2Fwp%2Fv2%2Fcategories&post=26471"},{"taxonomy":"post_tag","embeddable":true,"href":"https:\/\/akdenizolaygazetesi.com\/index.php?rest_route=%2Fwp%2Fv2%2Ftags&post=26471"}],"curies":[{"name":"wp","href":"https:\/\/api.w.org\/{rel}","templated":true}]}}