{"id":26474,"date":"2023-06-21T12:55:01","date_gmt":"2023-06-21T09:55:01","guid":{"rendered":"http:\/\/akdenizolaygazetesi.com\/?p=26474"},"modified":"2023-06-21T12:55:01","modified_gmt":"2023-06-21T09:55:01","slug":"is-makineleri-destegiyle-tonlarca-cop-ve-atik-toplanip-bolgeden-cikarildi","status":"publish","type":"post","link":"https:\/\/akdenizolaygazetesi.com\/?p=26474","title":{"rendered":"\u0130\u015f makineleri deste\u011fiyle tonlarca \u00e7\u00f6p ve at\u0131k toplan\u0131p b\u00f6lgeden \u00e7\u0131kar\u0131ld\u0131"},"content":{"rendered":"<p>Akdeniz Belediyesi, her g\u00fcn y\u00fczlerce insan\u0131n piknik yapmak, s\u0131cak havada denize girip y\u00fczmek veya bal\u0131k avlamak i\u00e7in u\u011frad\u0131\u011f\u0131 Karaduvar Sahili\u2019nde i\u015f makineleri deste\u011fiyle temizlik \u00e7al\u0131\u015fmas\u0131 ger\u00e7ekle\u015ftirdi. <\/p>\n<p>Akdeniz Belediyesi Fen \u0130\u015fleri M\u00fcd\u00fcrl\u00fc\u011f\u00fc, halk\u0131n temiz ve sa\u011fl\u0131kl\u0131 bir \u00e7evrede ya\u015fam hakk\u0131n\u0131 korumak ve s\u00fcrd\u00fcrmek amac\u0131yla hizmetlerine aral\u0131ks\u0131z devam ediyor. Nesli t\u00fcm d\u00fcnyada koruma alt\u0131nda olan Caretta Caretta Deniz Kaplumba\u011falar\u0131n\u0131n yumurta b\u0131rakt\u0131\u011f\u0131 Kazanl\u0131 Mahallesi sahilini birka\u00e7 g\u00fcn \u00f6nce temizleyen belediye ekipleri, bu kez il\u00e7eye ba\u011fl\u0131, bal\u0131k\u00e7\u0131l\u0131k ve tar\u0131msal \u00fcretimle bilinen Karaduvar Mahallesi\u2019nin y\u00fczlerce metre uzunlu\u011fundaki sahilini her t\u00fcrl\u00fc \u00e7\u00f6p ve tar\u0131msal at\u0131klardan temizledi. <\/p>\n<p>\u0130lk olarak sahili gezerek kontrol eden ekipler, ard\u0131ndan da kep\u00e7eler yard\u0131m\u0131yla sahil boyunca toplad\u0131klar\u0131 tonlarca \u00e7\u00f6p ve dalgalar sonucu denizden gelen \u00e7e\u015fitli at\u0131klar\u0131 kamyonlara y\u00fckleyip b\u00f6lgeden \u00e7\u0131kard\u0131. Ekiplerin \u00e7al\u0131\u015fmas\u0131na tan\u0131k olan Karaduvar Mahallesi sakinleri ile bal\u0131k avlamak veya y\u00fczmek amac\u0131yla sahile gelen vatanda\u015flar memnuniyetlerini dile getirip te\u015fekk\u00fcr etti.<\/p>\n","protected":false},"excerpt":{"rendered":"<p>Akdeniz Belediyesi, her g\u00fcn y\u00fczlerce insan\u0131n piknik yapmak, s\u0131cak havada denize girip y\u00fczmek veya bal\u0131k avlamak i\u00e7in u\u011frad\u0131\u011f\u0131 Karaduvar Sahili\u2019nde i\u015f makineleri deste\u011fiyle temizlik \u00e7al\u0131\u015fmas\u0131 ger\u00e7ekle\u015ftirdi. Akdeniz Belediyesi Fen \u0130\u015fleri &hellip; <a href=\"https:\/\/akdenizolaygazetesi.com\/?p=26474\" class=\"more-link\">Devam\u0131n\u0131 Oku&#8230;<\/a><\/p>\n","protected":false},"author":2,"featured_media":26475,"comment_status":"open","ping_status":"open","sticky":false,"template":"","format":"standard","meta":[],"categories":[3],"tags":[],"_links":{"self":[{"href":"https:\/\/akdenizolaygazetesi.com\/index.php?rest_route=\/wp\/v2\/posts\/26474"}],"collection":[{"href":"https:\/\/akdenizolaygazetesi.com\/index.php?rest_route=\/wp\/v2\/posts"}],"about":[{"href":"https:\/\/akdenizolaygazetesi.com\/index.php?rest_route=\/wp\/v2\/types\/post"}],"author":[{"embeddable":true,"href":"https:\/\/akdenizolaygazetesi.com\/index.php?rest_route=\/wp\/v2\/users\/2"}],"replies":[{"embeddable":true,"href":"https:\/\/akdenizolaygazetesi.com\/index.php?rest_route=%2Fwp%2Fv2%2Fcomments&post=26474"}],"version-history":[{"count":1,"href":"https:\/\/akdenizolaygazetesi.com\/index.php?rest_route=\/wp\/v2\/posts\/26474\/revisions"}],"predecessor-version":[{"id":26476,"href":"https:\/\/akdenizolaygazetesi.com\/index.php?rest_route=\/wp\/v2\/posts\/26474\/revisions\/26476"}],"wp:featuredmedia":[{"embeddable":true,"href":"https:\/\/akdenizolaygazetesi.com\/index.php?rest_route=\/wp\/v2\/media\/26475"}],"wp:attachment":[{"href":"https:\/\/akdenizolaygazetesi.com\/index.php?rest_route=%2Fwp%2Fv2%2Fmedia&parent=26474"}],"wp:term":[{"taxonomy":"category","embeddable":true,"href":"https:\/\/akdenizolaygazetesi.com\/index.php?rest_route=%2Fwp%2Fv2%2Fcategories&post=26474"},{"taxonomy":"post_tag","embeddable":true,"href":"https:\/\/akdenizolaygazetesi.com\/index.php?rest_route=%2Fwp%2Fv2%2Ftags&post=26474"}],"curies":[{"name":"wp","href":"https:\/\/api.w.org\/{rel}","templated":true}]}}