{"id":26480,"date":"2023-06-21T12:58:36","date_gmt":"2023-06-21T09:58:36","guid":{"rendered":"http:\/\/akdenizolaygazetesi.com\/?p=26480"},"modified":"2023-06-21T12:58:36","modified_gmt":"2023-06-21T09:58:36","slug":"saglik-hizmetleri-meslek-yuksekokulu-ogrencilerimiz-mezuniyet-sevinci-yasadi","status":"publish","type":"post","link":"https:\/\/akdenizolaygazetesi.com\/?p=26480","title":{"rendered":"SA\u011eLIK H\u0130ZMETLER\u0130 MESLEK Y\u00dcKSEKOKULU \u00d6\u011eRENC\u0130LER\u0130M\u0130Z MEZUN\u0130YET SEV\u0130NC\u0130 YA\u015eADI"},"content":{"rendered":"<p>\u00dcniversitemiz Sa\u011fl\u0131k Hizmetleri Meslek Y\u00fcksekokulu, d\u00fczenledi\u011fi mezuniyet t\u00f6reni ile 18. d\u00f6nem mezunlar\u0131n\u0131 meslek hayat\u0131na u\u011furlad\u0131.<br \/>\n20 Haziran Sal\u0131 g\u00fcn\u00fc \u00dcniversitemiz Amfitiyarosu\u2019nda d\u00fczenlenen mezuniyet t\u00f6renine, Rekt\u00f6r Yard\u0131mc\u0131m\u0131z Prof. Dr. Ahmet Hakan \u00d6zt\u00fcrk, Sa\u011fl\u0131k Hizmetleri Meslek Y\u00fcksekokulu M\u00fcd\u00fcr Yard\u0131mc\u0131lar\u0131 \u00d6\u011fr. G\u00f6r. \u0130brahim Duman ile \u00d6\u011fr. G\u00f6r. Ufuk Akkurt, \u00f6\u011fretim elemanlar\u0131m\u0131z, idari personelimiz ve mezunlar\u0131m\u0131z\u0131n yak\u0131nlar\u0131 kat\u0131ld\u0131.<br \/>\nSayg\u0131 duru\u015fu ve \u0130stiklal Mar\u015f\u0131\u2019m\u0131z\u0131n okunmas\u0131n\u0131n ard\u0131ndan ba\u015flayan t\u00f6rende konu\u015fan Rekt\u00f6r Yard\u0131mc\u0131m\u0131z Prof. Dr. Ahmet Hakan \u00d6zt\u00fcrk ilk olarak yak\u0131n tarihte \u00fclkemizde ya\u015fanan deprem felaketi sonucu ya\u015fam\u0131n\u0131 yitiren vatada\u015falar\u0131m\u0131z ve Sa\u011fl\u0131k Hizmetleri Meslek Y\u00fcksekokulu \u00f6\u011frencilerimiz Kaan \u00d6zkan ve Havva \u00d6zkan\u2019a Allah\u2019tan rahmet dileyerek s\u00f6zlerine ba\u015flad\u0131. Rekt\u00f6r Yard\u0131mc\u0131m\u0131z Prof. Dr. Ahmet Hakan \u00d6zt\u00fcrk, depremin yaralar\u0131n\u0131n devletimiz ve milletimizin el ele vermesiyle en k\u0131sa s\u00fcrede sar\u0131laca\u011f\u0131n\u0131 s\u00f6yledi.<br \/>\nKonu\u015fmas\u0131n\u0131 mezunlar\u0131m\u0131za seslenerek devam ettiren Prof. Dr. \u00d6zt\u00fcrk, \u201cOkulumuza ilk ad\u0131m att\u0131\u011f\u0131n\u0131z g\u00fcnden beri zorlu bir yolu bitirdiniz ve mezun oluyorsunuz. Sevgili mezunlar\u0131m\u0131z, becerilerinizi tutuma d\u00f6n\u00fc\u015ft\u00fcrmeniz zamanla olacakt\u0131r. Kaliteli bir sa\u011fl\u0131k hizmeti i\u00e7in kendinizi s\u00fcrekli geli\u015ftirmeniz gereklidir. Bu do\u011frultuda y\u0131llard\u0131r sizler i\u00e7in \u00e7al\u0131\u015fan \u00e7ok de\u011ferli hocalar\u0131n\u0131za te\u015fekk\u00fcr ediyorum. Sizi; bilgi, beceri ve ustal\u0131klar\u0131 ile yeti\u015ftirmek i\u00e7in ellerinden geleni yapt\u0131lar.\u201d dedi.<br \/>\nMezunlar\u0131m\u0131z\u0131n ailelerine de seslenen Prof. Dr. \u00d6zt\u00fcrk, \u201c\u0130ki y\u0131l \u00f6nce bizlere emanet etti\u011finiz \u00e7ocuklar\u0131n\u0131zla ne kadar gururlansan\u0131z azd\u0131r. Mezunlar\u0131m\u0131z; siz ailelerine, hocalar\u0131na ve atalar\u0131na lay\u0131k olarak mesleklerini icra edecektir. Sevgili mezunlar\u0131m\u0131z; hastalar\u0131n \u015fefkate ve ilgiye ihtiyac\u0131 vard\u0131r. \u0130nsani de\u011ferlerle hastalara yakla\u015fmad\u0131\u011f\u0131n\u0131z zaman hasta takip ve tedavi s\u00fcreci eksik kalacakt\u0131r. Her biriniz \u00fclkemiz i\u00e7in \u00e7ok \u00f6nemlisiniz. Akl\u0131n ve bilimin yolunda ilerleyin. \u0130nsan sevginiz ve hizmet a\u015fk\u0131n\u0131z\u0131n hi\u00e7 bitmemesini diliyorum. Yolunuz a\u00e7\u0131k olsun.\u201d ifadelerini kulland\u0131.<br \/>\n\u201dMesleki E\u011fitimini Tamamlayan 232 Sa\u011fl\u0131k Profesyonelini Mesle\u011fe Kazand\u0131rman\u0131n Gururunu Ya\u015f\u0131yoruz.\u201d<br \/>\nKonu\u015fmas\u0131n\u0131 Kahramanmara\u015f merkezli depremler nedeniyle hayat\u0131n\u0131 kaybeden Sa\u011fl\u0131k Hizmetleri Meslek Y\u00fcksekokulu \u00f6\u011frencilerimiz Kaan \u00d6zkan ve Havva \u00d6zkan\u2019a rahmet dileyerek ba\u015flayan Sa\u011fl\u0131k Hizmetleri Meslek Y\u00fcksekokulu M\u00fcd\u00fcr Yard\u0131mc\u0131m\u0131z \u00d6\u011fr. G\u00f6r. \u0130brahim Duman ise; \u00f6\u011frencilerimizi ve hayat\u0131n\u0131 kaybeden t\u00fcm vatanda\u015flar\u0131m\u0131z\u0131 unutmad\u0131klar\u0131n\u0131 ifade etti.<br \/>\nSa\u011fl\u0131k Hizmetleri Meslek Y\u00fcksekokulumuzun 2002 y\u0131l\u0131ndan bug\u00fcne sa\u011fl\u0131k alan\u0131nda \u00f6nemli neferleri yeti\u015ftiren bir kurum oldu\u011funu ifade eden \u00d6\u011fr. G\u00f6r. \u0130brahim Duman, \u201cOkulumuz; Ameliyathane, Anestezi, \u0130lk ve Acil Yard\u0131m, T\u0131bbi Dok\u00fcmantasyon ve Sekreterlik, T\u0131bbi G\u00f6r\u00fcnt\u00fcleme Teknikleri, T\u0131bbi Laboratuvar Teknikleri ve Ya\u015fl\u0131 bak\u0131m\u0131 programlar\u0131nda bulunan toplam 1381 \u00f6\u011frencisinin e\u011fitim ve \u00f6\u011fretimini, bilimin ve \u00e7a\u011fda\u015fl\u0131\u011f\u0131n \u0131\u015f\u0131\u011f\u0131nda bir d\u00fcnya \u00fcniversitesi olma hedefiyle s\u00fcrd\u00fcrmektedir. Okulumuz, bug\u00fcn mesleki e\u011fitimini tamamlayan 232 sa\u011fl\u0131k profesyonellerini mesle\u011fe kazand\u0131rman\u0131n gururunu ya\u015famaktad\u0131r.\u201d dedi.<br \/>\nMezunlar\u0131m\u0131za, bug\u00fcnden sonra meslek hayatlar\u0131n\u0131n ba\u015flad\u0131\u011f\u0131n\u0131 ifade eden \u00d6\u011fr. G\u00f6r. \u0130brahim Duman, \u201cSa\u011fl\u0131k Hizmetleri Meslek Y\u00fcksekokulu olarak meslek hayat\u0131n\u0131zda sizlere ba\u015far\u0131lar diliyoruz. Sizlerin meslek hayat\u0131n\u0131zda kendinizi her daim geli\u015ftirece\u011finize ve iyi bir insan olarak insanlara hizmet sunaca\u011f\u0131n\u0131za inanc\u0131m\u0131z tam. Sevgili gen\u00e7ler, okulumuza geldi\u011finiz ilk g\u00fcnden itibaren sizlerin en iyi \u015fekilde yeti\u015fmesi i\u00e7in \u00e7aba harcayan ve \u00f6zveri ile \u00e7al\u0131\u015fan \u00e7ok de\u011ferli akademik personelimize sizlerin ve ailelerinizin huzurunda te\u015fekk\u00fcr ederim. Sayg\u0131de\u011fer ailelerimiz, e\u011fitim s\u00fcreci boyunca evlatlar\u0131n\u0131z i\u00e7in \u00e7ok emek ve \u00e7aba harcad\u0131n\u0131z. Sizlere de te\u015fekk\u00fcr ediyor ve \u015f\u00fckranlar\u0131m\u0131 sunuyorum. Bug\u00fcn, evlatlar\u0131n\u0131z ile gurur duyma zaman\u0131. Evlatlar\u0131n\u0131zla ne kadar gururlansan\u0131z hakk\u0131n\u0131zd\u0131r. Hepinizi y\u00fcrekten tebrik ediyorum. Sevgili sa\u011fl\u0131k profesyonelleri, mezuniyetinizi kutluyorum, yolunuz ve baht\u0131n\u0131z a\u00e7\u0131k olsun.\u201d \u015feklinde konu\u015ftu.<br \/>\nDaha sonras\u0131nda mezun \u00f6\u011frencilerimiz ad\u0131na t\u00f6rende konu\u015fan Meslek Y\u00fcksekokulu birincimiz Sema Yanar ise, \u201cE\u011fitim hayat\u0131m boyunca sorumluluk sahibi olmay\u0131 ve \u00e7abalarsam her \u015feyin \u00fcstesinden gelece\u011fimi bilerek bu yolda ilerledim ve ilerlemeye devam edece\u011fim. E\u011fer insan kendisine inan\u0131r ve g\u00fcvenirse ba\u015far\u0131ya sahip olman\u0131n en b\u00fcy\u00fck ad\u0131m\u0131n\u0131 atm\u0131\u015f olacakt\u0131r. Ben de bug\u00fcn bu k\u00fcrs\u00fcden konu\u015farak, iki y\u0131l \u00f6nce kurdu\u011fum hayalin ger\u00e7ekle\u015fmesinin hakl\u0131 sevincini ya\u015f\u0131yorum.\u201d dedi. Sema Yanar konu\u015fmas\u0131n\u0131 ailesine, \u00f6\u011fretim elemanlar\u0131m\u0131za ve arkada\u015flar\u0131na te\u015fekk\u00fcr ederek noktalad\u0131.<br \/>\nKonu\u015fmalar\u0131n ard\u0131ndan mezuniyet t\u00f6reni, \u00dcniversitemiz T\u0131p Fak\u00fcltesi T\u0131p Tarihi ve Etik Anabilim dal\u0131 \u00f6\u011fretim \u00fcyesi Do\u00e7. Dr. Oya \u00d6\u011fenler\u2019in mezun \u00f6\u011frencilerimize mesleki yeminlerini ettirmesiyle devam etti.<br \/>\nHemen ard\u0131ndan ise dereceye giren \u00f6\u011frencilerimize plaket, di\u011fer \u00f6\u011frencilerimize ise temsili diplomalar\u0131, Rekt\u00f6r Yard\u0131mc\u0131m\u0131z Prof. Dr. Ahmet Hakan \u00d6zt\u00fcrk ve \u00f6\u011fretim elemanlar\u0131m\u0131z taraf\u0131ndan \u00f6\u011frencilerimize takdim edildi.<br \/>\nMezuniyet t\u00f6reni, \u00f6\u011frencilerimizin 10. Y\u0131l Mar\u015f\u0131 e\u015fli\u011finde keplerini atmas\u0131yla birlikte sona erdi.<\/p>\n","protected":false},"excerpt":{"rendered":"<p>\u00dcniversitemiz Sa\u011fl\u0131k Hizmetleri Meslek Y\u00fcksekokulu, d\u00fczenledi\u011fi mezuniyet t\u00f6reni ile 18. d\u00f6nem mezunlar\u0131n\u0131 meslek hayat\u0131na u\u011furlad\u0131. 20 Haziran Sal\u0131 g\u00fcn\u00fc \u00dcniversitemiz Amfitiyarosu\u2019nda d\u00fczenlenen mezuniyet t\u00f6renine, Rekt\u00f6r Yard\u0131mc\u0131m\u0131z Prof. Dr. Ahmet Hakan &hellip; <a href=\"https:\/\/akdenizolaygazetesi.com\/?p=26480\" class=\"more-link\">Devam\u0131n\u0131 Oku&#8230;<\/a><\/p>\n","protected":false},"author":2,"featured_media":26481,"comment_status":"open","ping_status":"open","sticky":false,"template":"","format":"standard","meta":[],"categories":[3,9],"tags":[],"_links":{"self":[{"href":"https:\/\/akdenizolaygazetesi.com\/index.php?rest_route=\/wp\/v2\/posts\/26480"}],"collection":[{"href":"https:\/\/akdenizolaygazetesi.com\/index.php?rest_route=\/wp\/v2\/posts"}],"about":[{"href":"https:\/\/akdenizolaygazetesi.com\/index.php?rest_route=\/wp\/v2\/types\/post"}],"author":[{"embeddable":true,"href":"https:\/\/akdenizolaygazetesi.com\/index.php?rest_route=\/wp\/v2\/users\/2"}],"replies":[{"embeddable":true,"href":"https:\/\/akdenizolaygazetesi.com\/index.php?rest_route=%2Fwp%2Fv2%2Fcomments&post=26480"}],"version-history":[{"count":1,"href":"https:\/\/akdenizolaygazetesi.com\/index.php?rest_route=\/wp\/v2\/posts\/26480\/revisions"}],"predecessor-version":[{"id":26482,"href":"https:\/\/akdenizolaygazetesi.com\/index.php?rest_route=\/wp\/v2\/posts\/26480\/revisions\/26482"}],"wp:featuredmedia":[{"embeddable":true,"href":"https:\/\/akdenizolaygazetesi.com\/index.php?rest_route=\/wp\/v2\/media\/26481"}],"wp:attachment":[{"href":"https:\/\/akdenizolaygazetesi.com\/index.php?rest_route=%2Fwp%2Fv2%2Fmedia&parent=26480"}],"wp:term":[{"taxonomy":"category","embeddable":true,"href":"https:\/\/akdenizolaygazetesi.com\/index.php?rest_route=%2Fwp%2Fv2%2Fcategories&post=26480"},{"taxonomy":"post_tag","embeddable":true,"href":"https:\/\/akdenizolaygazetesi.com\/index.php?rest_route=%2Fwp%2Fv2%2Ftags&post=26480"}],"curies":[{"name":"wp","href":"https:\/\/api.w.org\/{rel}","templated":true}]}}